{"id":122570,"date":"2025-12-21T19:58:09","date_gmt":"2025-12-21T19:58:09","guid":{"rendered":"https:\/\/www.europesays.com\/fi\/122570\/"},"modified":"2025-12-21T19:58:09","modified_gmt":"2025-12-21T19:58:09","slug":"unkarin-paaministeri-viktor-orban-ei-ole-selvaa-kuka-aloitti-ukrainan-sodan","status":"publish","type":"post","link":"https:\/\/www.europesays.com\/fi\/122570\/","title":{"rendered":"Unkarin p\u00e4\u00e4ministeri Viktor Orb\u00e1n: Ei ole selv\u00e4\u00e4, kuka aloitti Ukrainan sodan"},"content":{"rendered":"<p>Ukrainan sota|Unkarin p\u00e4\u00e4ministeri Viktor Orb\u00e1n kommentoi asiaa EU-johtajien huippukokouksen j\u00e4lkeen.<\/p>\n<p class=\"article-body mb-nof-24 px-nof-16\">Unkarin p\u00e4\u00e4ministeri <a class=\"article-personlink\" href=\"https:\/\/www.hs.fi\/haku\/?query=Viktor%20Orb%C3%A1n\" rel=\"nofollow noopener\" target=\"_blank\">Viktor Orb\u00e1n<\/a> kyseenalaisti, kuka aloitti Ukrainan sodan. Asiasta on kertonut esimerkiksi <a class=\"article-genericlink\" href=\"https:\/\/www.politico.eu\/article\/hungary-viktor-orban-says-unsure-who-started-russia-ukraine-war\/\" rel=\"nofollow noopener\" target=\"_blank\">Politico<\/a>.<\/p>\n<p class=\"article-body mb-nof-24 px-nof-16\">Orb\u00e1n puhui toimittajille perjantaina EU-johtajien huippukokouksen j\u00e4lkeen.<\/p>\n<p class=\"article-body mb-nof-24 px-nof-16\">Politico kertoo Orb\u00e1nin sanoneen, ett\u00e4 EU-johtajat perustelevat Ukrainan tukemista esitt\u00e4m\u00e4ll\u00e4 Ukrainan pienen\u00e4 maana, johon on hy\u00f6k\u00e4tty. Orb\u00e1nin mukaan Ukraina \u201dei ole niin pieni\u201d.<\/p>\n<p class=\"article-body mb-nof-24 px-nof-16\">\u201dJa ei ole edes selv\u00e4\u00e4, kuka hy\u00f6kk\u00e4si ket\u00e4 vastaan. Joka tapauksessa se on maa, joka on joutunut v\u00e4kivallan kohteeksi\u201d, Orb\u00e1n sanoi Politicon mukaan.<\/p>\n<p class=\"article-body mb-nof-24 px-nof-16\">Huippukokous <a class=\"article-genericlink\" href=\"https:\/\/www.hs.fi\/politiikka\/art-2000011703398.html\" rel=\"nofollow noopener\" target=\"_blank\">p\u00e4\u00e4tti<\/a> t\u00e4ll\u00e4 viikolla, ett\u00e4 EU ottaa Ukrainan tukemiseksi 90 miljardia euroa yhteisvelkaa. Unkari, Slovakia ja T\u0161ekki eiv\u00e4t osallistu j\u00e4rjestelyyn.<\/p>\n<p class=\"article-body mb-nof-24 px-nof-16\">Ven\u00e4j\u00e4n presidentti <a class=\"article-personlink\" href=\"https:\/\/www.hs.fi\/haku\/?query=Vladimir%20Putin\" rel=\"nofollow noopener\" target=\"_blank\">Vladimir Putin<\/a> on esitt\u00e4nyt samankaltaisia v\u00e4itteit\u00e4 useita kertoja. Esimerkiksi vuotuisessa lehdist\u00f6tilaisuudessaan Moskovassa 19. joulukuuta h\u00e4n <a class=\"article-genericlink\" href=\"https:\/\/www.hs.fi\/maailma\/art-2000011688532.html\" rel=\"nofollow noopener\" target=\"_blank\">totesi<\/a> useaan otteeseen, ett\u00e4 Ukrainan konfliktin syyn\u00e4 ovat Ukrainan viranomaisten toimet.<\/p>\n<p class=\"article-body mb-nof-24 px-nof-16\">\u201dEmme pid\u00e4 itse\u00e4mme vastuullisina ihmisten kuolemasta, koska emme aloittaneet t\u00e4t\u00e4 sotaa\u201d, Putin sanoi.<\/p>\n","protected":false},"excerpt":{"rendered":"Ukrainan sota|Unkarin p\u00e4\u00e4ministeri Viktor Orb\u00e1n kommentoi asiaa EU-johtajien huippukokouksen j\u00e4lkeen. Unkarin p\u00e4\u00e4ministeri Viktor Orb\u00e1n kyseenalaisti, kuka aloitti Ukrainan&hellip;\n","protected":false},"author":2,"featured_media":122571,"comment_status":"","ping_status":"","sticky":false,"template":"","format":"standard","meta":{"footnotes":""},"categories":[5],"tags":[22,23,26,27,33,31,30,17,46,24,25,28,29,15,18,21,32,19,20,16],"class_list":{"0":"post-122570","1":"post","2":"type-post","3":"status-publish","4":"format-standard","5":"has-post-thumbnail","7":"category-otsikot","8":"tag-breaking-news","9":"tag-breakingnews","10":"tag-featured-news","11":"tag-featurednews","12":"tag-fi","13":"tag-finland","14":"tag-finnish","15":"tag-headlines","16":"tag-helsingin-sanomat","17":"tag-latest-news","18":"tag-latestnews","19":"tag-main-news","20":"tag-mainnews","21":"tag-news","22":"tag-otsikot","23":"tag-paauutiset","24":"tag-suomi","25":"tag-top-stories","26":"tag-topstories","27":"tag-uutiset"},"share_on_mastodon":{"url":"https:\/\/pubeurope.com\/@fi\/115759330267919089","error":""},"_links":{"self":[{"href":"https:\/\/www.europesays.com\/fi\/wp-json\/wp\/v2\/posts\/122570","targetHints":{"allow":["GET"]}}],"collection":[{"href":"https:\/\/www.europesays.com\/fi\/wp-json\/wp\/v2\/posts"}],"about":[{"href":"https:\/\/www.europesays.com\/fi\/wp-json\/wp\/v2\/types\/post"}],"author":[{"embeddable":true,"href":"https:\/\/www.europesays.com\/fi\/wp-json\/wp\/v2\/users\/2"}],"replies":[{"embeddable":true,"href":"https:\/\/www.europesays.com\/fi\/wp-json\/wp\/v2\/comments?post=122570"}],"version-history":[{"count":0,"href":"https:\/\/www.europesays.com\/fi\/wp-json\/wp\/v2\/posts\/122570\/revisions"}],"wp:featuredmedia":[{"embeddable":true,"href":"https:\/\/www.europesays.com\/fi\/wp-json\/wp\/v2\/media\/122571"}],"wp:attachment":[{"href":"https:\/\/www.europesays.com\/fi\/wp-json\/wp\/v2\/media?parent=122570"}],"wp:term":[{"taxonomy":"category","embeddable":true,"href":"https:\/\/www.europesays.com\/fi\/wp-json\/wp\/v2\/categories?post=122570"},{"taxonomy":"post_tag","embeddable":true,"href":"https:\/\/www.europesays.com\/fi\/wp-json\/wp\/v2\/tags?post=122570"}],"curies":[{"name":"wp","href":"https:\/\/api.w.org\/{rel}","templated":true}]}}