{"id":122582,"date":"2025-12-21T20:23:08","date_gmt":"2025-12-21T20:23:08","guid":{"rendered":"https:\/\/www.europesays.com\/fi\/122582\/"},"modified":"2025-12-21T20:23:08","modified_gmt":"2025-12-21T20:23:08","slug":"suomalaisen-kirjailijan-teos-vedetaan-takaisin-estetaan-leviaminen","status":"publish","type":"post","link":"https:\/\/www.europesays.com\/fi\/122582\/","title":{"rendered":"Suomalaisen kirjailijan teos vedet\u00e4\u00e4n takaisin: \u201dEstet\u00e4\u00e4n levi\u00e4minen\u201d"},"content":{"rendered":"<p>Kirjailija Harri Istv\u00e1n M\u00e4en tuore teos vedet\u00e4\u00e4n pois markkinoilta.<\/p>\n<p><img decoding=\"async\" class=\"image image-show image-preview\" src=\"https:\/\/www.europesays.com\/fi\/wp-content\/uploads\/2025\/12\/a218f7504c03f7a9a3220a47aa1b5aacb50a2c0bb81110e010099386fc1e1157.jpg\" alt=\"\"\/><img decoding=\"async\" class=\"image image-show\" src=\"https:\/\/www.europesays.com\/fi\/wp-content\/uploads\/2025\/12\/1766348588_63_a218f7504c03f7a9a3220a47aa1b5aacb50a2c0bb81110e010099386fc1e1157.jpg\" alt=\"\"\/><\/p>\n<p>Enstone kustannus tiedottaa vet\u00e4v\u00e4ns\u00e4 pois suomalaisen kirjailijan teoksen. Kuvituskuva. AOP<\/p>\n<p class=\"paragraph\">Enostone-kustannus tiedottaa vet\u00e4v\u00e4ns\u00e4 takaisin kirjailija <strong>Harri Istv\u00e1n M\u00e4en<\/strong>, 57, teoksen Kafka avaa grillikioskin. Enostone-kustannus kertoo tiedotteessaan, ett\u00e4 p\u00e4\u00e4t\u00f6s johtuu tekij\u00e4noikeusrikkomuksesta.<\/p>\n<p class=\"paragraph\">Enostone-kustannus pyyt\u00e4\u00e4 ihmisi\u00e4 ottamaan yhteytt\u00e4 kustantamoon s\u00e4hk\u00f6postitse teoksen palauttamiseksi.<\/p>\n<p class=\"paragraph\">\u2013 Pyyd\u00e4mme yst\u00e4v\u00e4llisesti olemaan julkaisematta arviota tai muuta sis\u00e4lt\u00f6\u00e4 teoksesta. Pahoittelemme tilannetta ja siit\u00e4 aiheutuvaa vaivaa. Kustantamomme suhtautuu tekij\u00e4noikeuksiin vakavasti eik\u00e4 hyv\u00e4ksy niiden loukkaamista, kustantaja <strong>Kalle Niinikangas<\/strong> kertoo tiedotteessa.<\/p>\n<p class=\"paragraph\">Mik\u00e4li linkki ei n\u00e4y, voit katsoa julkaisun <a href=\"https:\/\/www.facebook.com\/enoskustannus\/posts\/pfbid02uPFkCbmKoc5DMaPvbAV7itQYZd8UKa81qbviC6YghgdddGK4i7tqgZ1X18CibWgXl?locale=fi_FI\" target=\"_blank\" rel=\"noopener nofollow\">t\u00e4\u00e4lt\u00e4<\/a>.<\/p>\n<p class=\"paragraph\">Niinikangas tarkentaa Iltalehdelle, ett\u00e4 M\u00e4en kirja todettiin plagiaatiksi. Niinikankaan mukaan teos on plagiaatti edesmenneen amerikkalaisen runoilija-kirjailija <strong>Richard Brautiganin<\/strong> useista runoista. Niinikangas kertoo, ett\u00e4 alkuper\u00e4isi\u00e4 runoja oli muunneltu teosta varten, mutta alkuper\u00e4iset runot olivat tunnistettavissa.<\/p>\n<p class=\"paragraph\">\u2013 Meill\u00e4 on er\u00e4s kirjailija, joka tuntee Brautiganin teokset hyvin, ja h\u00e4n otti meihin perjantaina yhteytt\u00e4 asiasta, Niinikangas kertoo.<\/p>\n<p class=\"paragraph\">\u2013 Ihan kaikkien runojen alkuper\u00e4\u00e4 emme ole toistaiseksi saaneet selville, mutta suurimman osan, kustantaja tarkentaa.<\/p>\n<p class=\"paragraph\">Niinikankaan mukaan h\u00e4n soitti M\u00e4elle plagiaattiep\u00e4ilyst\u00e4.<\/p>\n<p class=\"paragraph\"><strong>Tunnustiko siis M\u00e4ki kustantajalle, ett\u00e4 teos on plagiaatti?<\/strong><\/p>\n<p class=\"paragraph\">\u2013 K\u00e4yt\u00e4nn\u00f6ss\u00e4 kyll\u00e4 n\u00e4in on, Niinikangas vastaa.<\/p>\n<p class=\"paragraph\">Niinikangas ei osaa toistaiseksi sanoa, aikooko kustantamo hakea M\u00e4elt\u00e4 korvauksia asian tiimoilta.<\/p>\n<p class=\"paragraph\">\u2013 T\u00e4ytyy v\u00e4h\u00e4n tutkia tekij\u00e4noikeuslakia. Mutta voi olla, ett\u00e4 on aika vaikeaa t\u00e4llainen korvausten saaminen tai hakeminen. En osaa sanoa siihen t\u00e4ll\u00e4 hetkell\u00e4 mit\u00e4\u00e4n, kun se ei ole ollut minulla nyt p\u00e4\u00e4llimm\u00e4isen\u00e4 mieless\u00e4, kustantaja toteaa.<\/p>\n<p class=\"paragraph\">\u2013 P\u00e4\u00e4llimm\u00e4isen\u00e4 mieless\u00e4ni on se, ett\u00e4 estet\u00e4\u00e4n teoksen levi\u00e4minen laajemmalle.<\/p>\n<p class=\"paragraph\">Iltalehti yritti tuloksetta tavoittaa M\u00e4ke\u00e4 asian tiimoilta.<\/p>\n<p class=\"paragraph\">Teatteriohjaajanakin ty\u00f6skennellyt M\u00e4ki on aiemmin kirjoittanut enimm\u00e4kseen lasten- ja nuortenromaaneja. Kyseisiin M\u00e4en teoksiin lukeutuvat muun muassa Hy\u00f6nteishotelli, Aina s\u00f6p\u00f6n\u00e4 sek\u00e4 Etsiv\u00e4toimisto Bibi ja Kipi.<\/p>\n","protected":false},"excerpt":{"rendered":"Kirjailija Harri Istv\u00e1n M\u00e4en tuore teos vedet\u00e4\u00e4n pois markkinoilta. Enstone kustannus tiedottaa vet\u00e4v\u00e4ns\u00e4 pois suomalaisen kirjailijan teoksen. Kuvituskuva.&hellip;\n","protected":false},"author":2,"featured_media":122583,"comment_status":"","ping_status":"","sticky":false,"template":"","format":"standard","meta":{"footnotes":""},"categories":[12],"tags":[35,22,23,26,27,33,31,30,17,379,24,25,28,29,1616,15,18,21,32,485,484,19,20,140,16],"class_list":{"0":"post-122582","1":"post","2":"type-post","3":"status-publish","4":"format-standard","5":"has-post-thumbnail","7":"category-suomi","8":"tag-24h","9":"tag-breaking-news","10":"tag-breakingnews","11":"tag-featured-news","12":"tag-featurednews","13":"tag-fi","14":"tag-finland","15":"tag-finnish","16":"tag-headlines","17":"tag-kirjallisuus","18":"tag-latest-news","19":"tag-latestnews","20":"tag-main-news","21":"tag-mainnews","22":"tag-media-viestinta","23":"tag-news","24":"tag-otsikot","25":"tag-paauutiset","26":"tag-suomi","27":"tag-taide-yleista","28":"tag-taiteellinen-ilmaisu-ja-mediat","29":"tag-top-stories","30":"tag-topstories","31":"tag-tv-ja-elokuvat","32":"tag-uutiset"},"share_on_mastodon":{"url":"https:\/\/pubeurope.com\/@fi\/115759428990162483","error":""},"_links":{"self":[{"href":"https:\/\/www.europesays.com\/fi\/wp-json\/wp\/v2\/posts\/122582","targetHints":{"allow":["GET"]}}],"collection":[{"href":"https:\/\/www.europesays.com\/fi\/wp-json\/wp\/v2\/posts"}],"about":[{"href":"https:\/\/www.europesays.com\/fi\/wp-json\/wp\/v2\/types\/post"}],"author":[{"embeddable":true,"href":"https:\/\/www.europesays.com\/fi\/wp-json\/wp\/v2\/users\/2"}],"replies":[{"embeddable":true,"href":"https:\/\/www.europesays.com\/fi\/wp-json\/wp\/v2\/comments?post=122582"}],"version-history":[{"count":0,"href":"https:\/\/www.europesays.com\/fi\/wp-json\/wp\/v2\/posts\/122582\/revisions"}],"wp:featuredmedia":[{"embeddable":true,"href":"https:\/\/www.europesays.com\/fi\/wp-json\/wp\/v2\/media\/122583"}],"wp:attachment":[{"href":"https:\/\/www.europesays.com\/fi\/wp-json\/wp\/v2\/media?parent=122582"}],"wp:term":[{"taxonomy":"category","embeddable":true,"href":"https:\/\/www.europesays.com\/fi\/wp-json\/wp\/v2\/categories?post=122582"},{"taxonomy":"post_tag","embeddable":true,"href":"https:\/\/www.europesays.com\/fi\/wp-json\/wp\/v2\/tags?post=122582"}],"curies":[{"name":"wp","href":"https:\/\/api.w.org\/{rel}","templated":true}]}}