{"id":122588,"date":"2025-12-21T20:36:22","date_gmt":"2025-12-21T20:36:22","guid":{"rendered":"https:\/\/www.europesays.com\/fi\/122588\/"},"modified":"2025-12-21T20:36:22","modified_gmt":"2025-12-21T20:36:22","slug":"arja-saijonmaa-81-ilmoitti-paluustaan-katso-uusin-kuva-legendasta","status":"publish","type":"post","link":"https:\/\/www.europesays.com\/fi\/122588\/","title":{"rendered":"Arja Saijonmaa, 81, ilmoitti paluustaan \u2013 katso uusin kuva legendasta"},"content":{"rendered":"<p class=\"has-drop-cap\"><strong>Arja Saijonmaa<\/strong> jaksaa yh\u00e4 laulaa ja viihdytt\u00e4\u00e4 ihmisi\u00e4. Laulajalegenda t\u00e4ytti joulukuun alussa 81 vuotta ja l\u00e4htee kev\u00e4\u00e4ll\u00e4 2026 Laulu vapaudelle -konserttikiertueelle, jossa tulisieluinen taiteilija avaa ihmeellisen el\u00e4m\u00e4ntarinansa yleis\u00f6lle rakkaimpien laulujensa ja tarinoiden kautta.\u00a0<\/p>\n<p>Kyseess\u00e4 on h\u00e4nen ensimm\u00e4inen laaja kiertueensa Suomessa pitk\u00e4\u00e4n aikaan.\u00a0<\/p>\n<p>V\u00e4liajallisten\u00a0konserttien j\u00e4lkeen j\u00e4rjestet\u00e4\u00e4n kirjailijatapaaminen, jossa Saijonmaa signeeraa kirjoja ja albumejaan.<\/p>\n<p>Saijonmaa odottaa kiertuetta innokkaasti.<\/p>\n<p>\u201cEl\u00e4m\u00e4ni laulut ovat tulleet luokseni mystisill\u00e4 tavoilla, aivan kuin ne olisivat etsineet minua maailmalta. Laulu vapaudelle -kiertueella haluan jakaa n\u00e4m\u00e4 maagiset tarinat yleis\u00f6n kanssa\u201d, Arja toteaa.<\/p>\n<p>\u201dOn ihanaa vihdoin p\u00e4\u00e4st\u00e4 tekem\u00e4\u00e4n pitk\u00e4 kiertue l\u00e4pi rakkaan synnyinmaani!\u201d<\/p>\n<p>Saijonmaan huikea ura alkoi jo 1960-luvulla<\/p>\n<p>Arja Saijonmaa on yksi Pohjoismaiden kautta aikain ikonisimpia laulajia ja oman tiens\u00e4 kulkijoita. H\u00e4n aloitti laulajan ja n\u00e4yttelij\u00e4n uransa 1960-luvun Ylioppilasteatterissa ja tuli suuren yleis\u00f6n tietoisuuteen <strong>Mikis Theodorakisin<\/strong> laulujen tulkitsijana.<\/p>\n<p>Valtavan repertuaarin el\u00e4m\u00e4ns\u00e4 aikana ker\u00e4nneen artistin rakastetuimpiin kappaleisiin lukeutuvat mm. Yst\u00e4v\u00e4n laulu, H\u00f6gt \u00f6ver havet sek\u00e4 Miten voin kyllin kiitt\u00e4\u00e4.<\/p>\n<p>Saijonmaan yli 50-vuotinen ura pit\u00e4\u00e4 sis\u00e4ll\u00e4\u00e4n merkitt\u00e4vi\u00e4 hetki\u00e4: h\u00e4n on laulanut <strong>Mihail Gorbatshovin<\/strong> kanssa, seikkaillut Keski-Amerikan viidakoissa, vieraillut <strong>Jasser Arafatin<\/strong> aavikkobunkkerissa ja noussut laulajat\u00e4hdeksi niin Suomessa, Ruotsissa kuin Norjassa.<\/p>\n<p>Saijonmaa valittiin\u00a0Aftonbladet-iltap\u00e4iv\u00e4lehden yleis\u00f6\u00e4\u00e4nestyksess\u00e4 Ruotsin karismaattisimmaksi naiseksi 1985. Seuraavana vuonna h\u00e4nelle my\u00f6nnettiin\u00a0Pro Finlandia\u00a0-palkinto ja vuoden naissolistin\u00a0Emma-palkinto.\u00a0<\/p>\n<p><img loading=\"lazy\" data-lazyloaded=\"1\" alt=\"Arja saijonmaa 81 ilmoitti paluustaan  katso uusin kuva legendasta | tanssiin Fi\" title=\"Arja-Saijonmaa-1080x1080-1\" decoding=\"async\" width=\"1024\" height=\"1024\" data-attachment-id=\"68628\" data-permalink=\"https:\/\/www.tanssiin.fi\/arja-saijonmaa-81-ilmoitti-paluustaan-katso-uusin-kuva-legendasta\/arja-saijonmaa-1080x1080-1\/\" data-orig-file=\"https:\/\/www.tanssiin.fi\/wp-content\/uploads\/2025\/12\/Arja-Saijonmaa-1080x1080-1.jpg\" data-orig-size=\"1080,1080\" data-comments-opened=\"1\" data-image-meta=\"{&quot;aperture&quot;:&quot;0&quot;,&quot;credit&quot;:&quot;&quot;,&quot;camera&quot;:&quot;&quot;,&quot;caption&quot;:&quot;&quot;,&quot;created_timestamp&quot;:&quot;0&quot;,&quot;copyright&quot;:&quot;&quot;,&quot;focal_length&quot;:&quot;0&quot;,&quot;iso&quot;:&quot;0&quot;,&quot;shutter_speed&quot;:&quot;0&quot;,&quot;title&quot;:&quot;&quot;,&quot;orientation&quot;:&quot;1&quot;}\" data-image-title=\"Arja-Saijonmaa-1080\u00d71080-1\" data-image-description=\"\" data-image-caption=\"\" data-medium-file=\"https:\/\/www.tanssiin.fi\/wp-content\/uploads\/2025\/12\/Arja-Saijonmaa-1080x1080-1-300x300.jpg\" data-large-file=\"https:\/\/www.europesays.com\/fi\/wp-content\/uploads\/2025\/12\/Arja-Saijonmaa-1080x1080-1-1024x1024.jpg\" data- src=\"https:\/\/www.europesays.com\/fi\/wp-content\/uploads\/2025\/12\/Arja-Saijonmaa-1080x1080-1-1024x1024.jpg\" class=\"wp-image-68628\" \/>Arja Saijonmaa poseeraa uudessa kasvokuvassa  joulukuussa 2025 \u2013 81-vuotias artisti palaa Suomen lavoille.Arja t\u00e4hditti El\u00e4m\u00e4ni biisi\u00e4<\/p>\n<p>Saijonmaa on ollut uransa alusta l\u00e4htien aktiivinen ihmisoikeuksien puolestapuhuja, ja h\u00e4n on toiminut YK:n hyv\u00e4n tahdon l\u00e4hettil\u00e4\u00e4n\u00e4.<\/p>\n<p>Saijonmaan aktiivisuus ei osoita laantumisen merkkej\u00e4. Syksyll\u00e4 2025 muistelmateoksensa Laulu vapaudelle julkaissut artisti on n\u00e4hty viime vuosina muun muassa Ylen supersuositun El\u00e4m\u00e4ni biisi -ohjelman t\u00e4htilaulajana sek\u00e4 ruotsalaisessa S\u00e5 Mycket B\u00e4ttre -ohjelmassa.<\/p>\n<p>H\u00e4n on ker\u00e4nnyt mainetta my\u00f6s muualla maailmassa, ja Ruotsin kuningaspari palkitsi h\u00e4net arvostetulla Litteris et Artibus -ansiomerkill\u00e4 kev\u00e4\u00e4ll\u00e4 2025.<\/p>\n<p><strong>Katso <\/strong>Arja Saijonmaa Yst\u00e4v\u00e4n laulu 2011:<\/p>\n<p><strong>Arja Saijonmaa \u2013 Laulu vapaudelle -kiertue 2026<\/strong><\/p>\n<p>Ke 4.3. Mikkeli \/ Mikaeli<br \/>To 5.3. Kuopio \/ Musiikkikeskus<br \/>Pe 6.3. Oulu \/ Madetojan sali<br \/>La 7.3. Espoo \/ Tapiolasali<br \/>Pe 14.3. J\u00e4rvenp\u00e4\u00e4 \/ J\u00e4rvenp\u00e4\u00e4-talo<br \/>To 2.4. Jyv\u00e4skyl\u00e4 \/ Paviljonki<br \/>La 11.4. Helsinki \/ Savoy<br \/>Pe 24.4. Pori \/ Promenadi-sali<br \/>La 25.4. Tampere \/ Tampere-talo<br \/>Ke 29.4. Rovaniemi \/ Korundi<\/p>\n<p>Liput ovat nyt myynniss\u00e4 <a href=\"https:\/\/www.lippu.fi\/artist\/arja-saijonmaa\/\" title=\"\" rel=\"nofollow noopener\" target=\"_blank\">Lippupisteess\u00e4<\/a>.<\/p>\n<p>Kirjoittanut:<br \/>\n<img loading=\"lazy\" data-lazyloaded=\"1\" width=\"512\" height=\"512\" decoding=\"async\" class=\"aioseo-author-image\" src=\"https:\/\/www.europesays.com\/fi\/wp-content\/uploads\/2025\/10\/cropped-tanssiin-logo.jpg\" alt=\"author avatar\"\/><\/p>\n<p>Tanssiin.fi<\/p>\n<p>\nTanssi- ja iskelm\u00e4musiikin uutiset asiantuntevasti.<\/p>\n<p><img loading=\"lazy\" decoding=\"async\" data-lazyloaded=\"1\" width=\"512\" height=\"512\" class=\"aioseo-author-bio-compact-image\" src=\"https:\/\/www.europesays.com\/fi\/wp-content\/uploads\/2025\/10\/cropped-tanssiin-logo.jpg\" alt=\"author avatar\"\/><br \/>\nTanssi- ja iskelm\u00e4musiikin uutiset asiantuntevasti.<\/p>\n<p>100%<br \/>\nIhana<\/p>\n<p>0%<br \/>\nHauska<\/p>\n<p>0%<br \/>\nVau<\/p>\n<p>0%<br \/>\nSurullinen<\/p>\n<p>0%<br \/>\nVihainen\n<\/p>\n<p>Post navigation<\/p>\n","protected":false},"excerpt":{"rendered":"Arja Saijonmaa jaksaa yh\u00e4 laulaa ja viihdytt\u00e4\u00e4 ihmisi\u00e4. Laulajalegenda t\u00e4ytti joulukuun alussa 81 vuotta ja l\u00e4htee kev\u00e4\u00e4ll\u00e4 2026&hellip;\n","protected":false},"author":2,"featured_media":122589,"comment_status":"","ping_status":"","sticky":false,"template":"","format":"standard","meta":{"footnotes":""},"categories":[136],"tags":[2633,407,137,33,31,30,408,8972,17233,5207,13843,22021,32,16,109],"class_list":{"0":"post-122588","1":"post","2":"type-post","3":"status-publish","4":"format-standard","5":"has-post-thumbnail","7":"category-julkkikset","8":"tag-arja-saijonmaa","9":"tag-celebrities","10":"tag-entertainment","11":"tag-fi","12":"tag-finland","13":"tag-finnish","14":"tag-julkkikset","15":"tag-keikat","16":"tag-keikat-ja-kiertueet","17":"tag-kiertue","18":"tag-konserttikiertue","19":"tag-laulu-vapaudelle","20":"tag-suomi","21":"tag-uutiset","22":"tag-viihde"},"share_on_mastodon":{"url":"https:\/\/pubeurope.com\/@fi\/115759480037785953","error":""},"_links":{"self":[{"href":"https:\/\/www.europesays.com\/fi\/wp-json\/wp\/v2\/posts\/122588","targetHints":{"allow":["GET"]}}],"collection":[{"href":"https:\/\/www.europesays.com\/fi\/wp-json\/wp\/v2\/posts"}],"about":[{"href":"https:\/\/www.europesays.com\/fi\/wp-json\/wp\/v2\/types\/post"}],"author":[{"embeddable":true,"href":"https:\/\/www.europesays.com\/fi\/wp-json\/wp\/v2\/users\/2"}],"replies":[{"embeddable":true,"href":"https:\/\/www.europesays.com\/fi\/wp-json\/wp\/v2\/comments?post=122588"}],"version-history":[{"count":0,"href":"https:\/\/www.europesays.com\/fi\/wp-json\/wp\/v2\/posts\/122588\/revisions"}],"wp:featuredmedia":[{"embeddable":true,"href":"https:\/\/www.europesays.com\/fi\/wp-json\/wp\/v2\/media\/122589"}],"wp:attachment":[{"href":"https:\/\/www.europesays.com\/fi\/wp-json\/wp\/v2\/media?parent=122588"}],"wp:term":[{"taxonomy":"category","embeddable":true,"href":"https:\/\/www.europesays.com\/fi\/wp-json\/wp\/v2\/categories?post=122588"},{"taxonomy":"post_tag","embeddable":true,"href":"https:\/\/www.europesays.com\/fi\/wp-json\/wp\/v2\/tags?post=122588"}],"curies":[{"name":"wp","href":"https:\/\/api.w.org\/{rel}","templated":true}]}}