{"id":122596,"date":"2025-12-21T20:47:11","date_gmt":"2025-12-21T20:47:11","guid":{"rendered":"https:\/\/www.europesays.com\/fi\/122596\/"},"modified":"2025-12-21T20:47:11","modified_gmt":"2025-12-21T20:47:11","slug":"google-uudistaa-emoji-tyyliaan-merkittavasti-tulevassa-android-paivityksessa-ottaa-mallia-applesta","status":"publish","type":"post","link":"https:\/\/www.europesays.com\/fi\/122596\/","title":{"rendered":"Google uudistaa emoji-tyyli\u00e4\u00e4n merkitt\u00e4v\u00e4sti tulevassa Android-p\u00e4ivityksess\u00e4 \u2013 ottaa mallia Applesta"},"content":{"rendered":"<p><a href=\"https:\/\/mobiili.fi\/wp-content\/uploads\/2025\/12\/android_16_qpr3_emoji_1.jpg\" data-lightbox=\"image\" rel=\"nofollow noopener\" target=\"_blank\"><img fetchpriority=\"high\" decoding=\"async\" aria-describedby=\"caption-attachment-270900\" class=\"size-large wp-image-270900\" src=\"data:image\/svg+xml,%3Csvg%20xmlns=\" http:=\"\" alt=\"Yl\u00e4riviss\u00e4 vanhat, alariviss\u00e4 Android 16 QPR Beta 1:n tuomat uudistuneet emojit.\" width=\"1200\" height=\"600\" data-lazy- data-lazy- data-lazy-src=\"https:\/\/www.europesays.com\/fi\/wp-content\/uploads\/2025\/12\/android_16_qpr3_emoji_1-1200x600.jpg\"\/><\/a><\/p>\n<p id=\"caption-attachment-270900\" class=\"wp-caption-text\">Yl\u00e4riviss\u00e4 vanhat, alariviss\u00e4 Android 16 QPR Beta 1:n tuomat uudistuneet emojit.<\/p>\n<p>Google on uudistamassa emoji-tyyli\u00e4\u00e4n.<\/p>\n<p><a href=\"https:\/\/mobiili.fi\/2025\/12\/18\/google-julkaisi-android-16-qpr3n-ensimmaisen-testiversion-pixel-laitteille\/\" rel=\"nofollow noopener\" target=\"_blank\">T\u00e4ll\u00e4 viikolla julkaistun Android 16 QPR3 -version ensimm\u00e4isen beetan<\/a> yhteydess\u00e4 Google julkaisi my\u00f6s p\u00e4ivitetyt emojinsa.<\/p>\n<p>Google esitteli Unicode 17.0 -standardin mukaiset emoji-lis\u00e4yksens\u00e4 jo aiemmin t\u00e4n\u00e4 vuonna. Nyt Androidin uudessa testiversiossa on jatkettu uuden tyylin tuomista emojeihin.<\/p>\n<p style=\"width: 98%; text-align: center; font-size:13px; border-bottom: 1px solid #C8C8C8; line-height: 0.1em; margin: 8px 1% 16px 1%;\">MAINOS (ARTIKKELI JATKUU ALLA)<\/p>\n<p>Android 16 QPR3 Beta 1:ss\u00e4 on uudistettu jo muun muassa sulava hymi\u00f6, ulos hengitt\u00e4v\u00e4 hymi\u00f6, voimaakasti itkev\u00e4 hymi\u00f6 sek\u00e4 kylmiss\u00e4\u00e4n oleva hymi\u00f6.<\/p>\n<p>Muutokset eiv\u00e4t ole p\u00e4\u00e4osin mullistavia, vaan monin paikoin kyse on ennemminkin hienos\u00e4\u00e4d\u00f6st\u00e4. Muutosten my\u00f6t\u00e4 Googlen emojit ovat kuitenkin enemm\u00e4n samankaltaisia Applen tyylin kanssa yksityiskohdiltaan.<\/p>\n<p>Google suosi aiemmin emojeissa astetta vivahteikkaampaa ja enemm\u00e4n piirrettyjen kaltaista tyyli\u00e4, kun taas uusi tyyli on pelkistetympi. Osassa emojeja, kuten esimerkiksi pesukarhun kohdalla, tapahtunut muutos on varsin merkitt\u00e4v\u00e4kin ja tuo emojin enemm\u00e4n linjaan Applen kanssa.<\/p>\n<p style=\"width: 98%; text-align: center; font-size:13px; border-bottom: 1px solid #C8C8C8; line-height: 0.1em; margin: 8px 1% 16px 1%;\">MAINOS (ARTIKKELI JATKUU ALLA)<\/p>\n<p>Kaikkiaan Google on p\u00e4ivitt\u00e4nyt kymmeni\u00e4 emojeja.<\/p>\n<p>Kaikille k\u00e4ytt\u00e4jille julkaistavana p\u00e4ivityksen\u00e4 Android 16 QPR3:n odotetaan saapuvan maaliskuussa 2026, jolloin my\u00f6s uudistuneet emojit ovat n\u00e4in ollen saapumassa laajemmin k\u00e4ytett\u00e4viksi.<\/p>\n<p><a href=\"https:\/\/www.europesays.com\/fi\/wp-content\/uploads\/2025\/12\/android_16_qpr3_emoji_2.jpg\" data-lightbox=\"image\"><img loading=\"lazy\" decoding=\"async\" class=\"aligncenter size-full wp-image-270901\" src=\"data:image\/svg+xml,%3Csvg%20xmlns=\" http:=\"\" alt=\"\" width=\"550\" height=\"275\" data-lazy- data-lazy- data-lazy-src=\"https:\/\/www.europesays.com\/fi\/wp-content\/uploads\/2025\/12\/android_16_qpr3_emoji_2.jpg\"\/><\/a><\/p>\n<p><a href=\"https:\/\/www.europesays.com\/fi\/wp-content\/uploads\/2025\/12\/android_16_qpr3_emoji_3.jpg\" data-lightbox=\"image\"><img loading=\"lazy\" decoding=\"async\" class=\"aligncenter size-full wp-image-270902\" src=\"data:image\/svg+xml,%3Csvg%20xmlns=\" http:=\"\" alt=\"\" width=\"550\" height=\"275\" data-lazy- data-lazy- data-lazy-src=\"https:\/\/www.europesays.com\/fi\/wp-content\/uploads\/2025\/12\/android_16_qpr3_emoji_3.jpg\"\/><\/a><\/p>\n<p style=\"width: 98%; text-align: center; font-size:13px; border-bottom: 1px solid #C8C8C8; line-height: 0.1em; margin: 8px 1% 16px 1%;\">MAINOS (ARTIKKELI JATKUU ALLA)<\/p>\n<p><a href=\"https:\/\/www.europesays.com\/fi\/wp-content\/uploads\/2025\/12\/android_16_qpr3_emoji_4.jpg\" data-lightbox=\"image\"><img loading=\"lazy\" decoding=\"async\" class=\"aligncenter size-full wp-image-270903\" src=\"data:image\/svg+xml,%3Csvg%20xmlns=\" http:=\"\" alt=\"\" width=\"550\" height=\"275\" data-lazy- data-lazy- data-lazy-src=\"https:\/\/www.europesays.com\/fi\/wp-content\/uploads\/2025\/12\/android_16_qpr3_emoji_4.jpg\"\/><\/a><\/p>\n<p>Mainos: <a href=\"https:\/\/hinta.fi\/?src=gPp6fX03\" target=\"_blank\" rel=\"nofollow noopener\">Noin 1 600 000 tuotteen hintavertailu ja hintaseuranta &#8211; katso Hinta.fist\u00e4 mist\u00e4 saat halvimmalla<\/a><\/p>\n","protected":false},"excerpt":{"rendered":"Yl\u00e4riviss\u00e4 vanhat, alariviss\u00e4 Android 16 QPR Beta 1:n tuomat uudistuneet emojit. Google on uudistamassa emoji-tyyli\u00e4\u00e4n. T\u00e4ll\u00e4 viikolla julkaistun&hellip;\n","protected":false},"author":2,"featured_media":122597,"comment_status":"","ping_status":"","sticky":false,"template":"","format":"standard","meta":{"footnotes":""},"categories":[76],"tags":[79,77,33,31,30,32,78],"class_list":{"0":"post-122596","1":"post","2":"type-post","3":"status-publish","4":"format-standard","5":"has-post-thumbnail","7":"category-talous","8":"tag-business","9":"tag-economy","10":"tag-fi","11":"tag-finland","12":"tag-finnish","13":"tag-suomi","14":"tag-talous"},"share_on_mastodon":{"url":"https:\/\/pubeurope.com\/@fi\/115759523030152163","error":""},"_links":{"self":[{"href":"https:\/\/www.europesays.com\/fi\/wp-json\/wp\/v2\/posts\/122596","targetHints":{"allow":["GET"]}}],"collection":[{"href":"https:\/\/www.europesays.com\/fi\/wp-json\/wp\/v2\/posts"}],"about":[{"href":"https:\/\/www.europesays.com\/fi\/wp-json\/wp\/v2\/types\/post"}],"author":[{"embeddable":true,"href":"https:\/\/www.europesays.com\/fi\/wp-json\/wp\/v2\/users\/2"}],"replies":[{"embeddable":true,"href":"https:\/\/www.europesays.com\/fi\/wp-json\/wp\/v2\/comments?post=122596"}],"version-history":[{"count":0,"href":"https:\/\/www.europesays.com\/fi\/wp-json\/wp\/v2\/posts\/122596\/revisions"}],"wp:featuredmedia":[{"embeddable":true,"href":"https:\/\/www.europesays.com\/fi\/wp-json\/wp\/v2\/media\/122597"}],"wp:attachment":[{"href":"https:\/\/www.europesays.com\/fi\/wp-json\/wp\/v2\/media?parent=122596"}],"wp:term":[{"taxonomy":"category","embeddable":true,"href":"https:\/\/www.europesays.com\/fi\/wp-json\/wp\/v2\/categories?post=122596"},{"taxonomy":"post_tag","embeddable":true,"href":"https:\/\/www.europesays.com\/fi\/wp-json\/wp\/v2\/tags?post=122596"}],"curies":[{"name":"wp","href":"https:\/\/api.w.org\/{rel}","templated":true}]}}