{"id":122598,"date":"2025-12-21T20:48:10","date_gmt":"2025-12-21T20:48:10","guid":{"rendered":"https:\/\/www.europesays.com\/fi\/122598\/"},"modified":"2025-12-21T20:48:10","modified_gmt":"2025-12-21T20:48:10","slug":"juuri-nyt-witkoff-kommentoi-ukraina-neuvotteluita","status":"publish","type":"post","link":"https:\/\/www.europesays.com\/fi\/122598\/","title":{"rendered":"Juuri nyt: Witkoff kommentoi Ukraina-neuvotteluita"},"content":{"rendered":"<p><strong class=\"typography-bold\">Yhdysvaltain erityisl\u00e4hettil\u00e4s Steve Witkoff on kommentoinut Miamissa viikonlopun ajan j\u00e4rjestettyj\u00e4 Ukrainan rauhanneuvotteluja.<\/strong><\/p>\n<p>Witkoffin mukaan Ukrainan neuvottelijat ovat pit\u00e4neet tuottavia ja rakentavia kokouksia amerikkalaisten ja eurooppalaisten kumppanien kanssa. Witkoff kertoo asiasta X:ss\u00e4.<\/p>\n<p>\u2013 Keskeiset eurooppalaiset turvallisuusneuvonantajat osallistuivat my\u00f6s keskusteluihin, joissa sovittiin Ukrainan, Yhdysvaltain ja Euroopan yhteisest\u00e4 strategisesta l\u00e4hestymistavasta, Witkoff kertoo.<\/p>\n<p>Witkoffin mukaan Ukrainan ja Yhdysvaltain v\u00e4lill\u00e4 k\u00e4ytiin my\u00f6s kahdenkeskinen tapaaminen, jossa keskityttiin muun muassa 20-kohtaisen rauhansuunnitelman kehitt\u00e4miseen ja Yhdysvaltojen turvatakuisiin Ukrainalle.<\/p>\n<p>Witkoffin mukaan neuvotteluissa kiinnitettiin erityist\u00e4 huomiota keskusteluun aikatauluista ja seuraavista askelista.<\/p>\n<p>Witkoffin mukaan Ukraina on edelleen t\u00e4ysin sitoutunut oikeudenmukaisen ja kest\u00e4v\u00e4n rauhan saavuttamiseen.\u00a0<\/p>\n<p>\u2013 Yhteisen\u00e4 prioriteettinamme on lopettaa tappaminen, taata turvallisuus ja luoda edellytykset Ukrainan elpymiselle, vakaudelle ja pitk\u00e4n aikav\u00e4lin vauraudelle. Rauha ei saa olla vain vihollisuuksien lopettamista, vaan my\u00f6s arvokas perusta vakaalle tulevaisuudelle, Witkoff kirjoittaa.<\/p>\n","protected":false},"excerpt":{"rendered":"Yhdysvaltain erityisl\u00e4hettil\u00e4s Steve Witkoff on kommentoinut Miamissa viikonlopun ajan j\u00e4rjestettyj\u00e4 Ukrainan rauhanneuvotteluja. Witkoffin mukaan Ukrainan neuvottelijat ovat pit\u00e4neet&hellip;\n","protected":false},"author":2,"featured_media":122599,"comment_status":"","ping_status":"","sticky":false,"template":"","format":"standard","meta":{"footnotes":""},"categories":[14],"tags":[22,23,26,27,33,31,30,17,24,25,28,29,15,18,21,32,19,20,56,16,59,60,61],"class_list":{"0":"post-122598","1":"post","2":"type-post","3":"status-publish","4":"format-standard","5":"has-post-thumbnail","7":"category-ulkomaat","8":"tag-breaking-news","9":"tag-breakingnews","10":"tag-featured-news","11":"tag-featurednews","12":"tag-fi","13":"tag-finland","14":"tag-finnish","15":"tag-headlines","16":"tag-latest-news","17":"tag-latestnews","18":"tag-main-news","19":"tag-mainnews","20":"tag-news","21":"tag-otsikot","22":"tag-paauutiset","23":"tag-suomi","24":"tag-top-stories","25":"tag-topstories","26":"tag-ulkomaat","27":"tag-uutiset","28":"tag-world","29":"tag-world-news","30":"tag-worldnews"},"share_on_mastodon":{"url":"https:\/\/pubeurope.com\/@fi\/115759527118354376","error":""},"_links":{"self":[{"href":"https:\/\/www.europesays.com\/fi\/wp-json\/wp\/v2\/posts\/122598","targetHints":{"allow":["GET"]}}],"collection":[{"href":"https:\/\/www.europesays.com\/fi\/wp-json\/wp\/v2\/posts"}],"about":[{"href":"https:\/\/www.europesays.com\/fi\/wp-json\/wp\/v2\/types\/post"}],"author":[{"embeddable":true,"href":"https:\/\/www.europesays.com\/fi\/wp-json\/wp\/v2\/users\/2"}],"replies":[{"embeddable":true,"href":"https:\/\/www.europesays.com\/fi\/wp-json\/wp\/v2\/comments?post=122598"}],"version-history":[{"count":0,"href":"https:\/\/www.europesays.com\/fi\/wp-json\/wp\/v2\/posts\/122598\/revisions"}],"wp:featuredmedia":[{"embeddable":true,"href":"https:\/\/www.europesays.com\/fi\/wp-json\/wp\/v2\/media\/122599"}],"wp:attachment":[{"href":"https:\/\/www.europesays.com\/fi\/wp-json\/wp\/v2\/media?parent=122598"}],"wp:term":[{"taxonomy":"category","embeddable":true,"href":"https:\/\/www.europesays.com\/fi\/wp-json\/wp\/v2\/categories?post=122598"},{"taxonomy":"post_tag","embeddable":true,"href":"https:\/\/www.europesays.com\/fi\/wp-json\/wp\/v2\/tags?post=122598"}],"curies":[{"name":"wp","href":"https:\/\/api.w.org\/{rel}","templated":true}]}}