{"id":122600,"date":"2025-12-21T20:49:10","date_gmt":"2025-12-21T20:49:10","guid":{"rendered":"https:\/\/www.europesays.com\/fi\/122600\/"},"modified":"2025-12-21T20:49:10","modified_gmt":"2025-12-21T20:49:10","slug":"pajunkissoja-on-tallentunut-kuviin-jo-ainakin-liedossa-ja-uuraisilla-onko-sinulla-poikkeuksellisia-luontohavaintoja-uutisia-lyhyesti","status":"publish","type":"post","link":"https:\/\/www.europesays.com\/fi\/122600\/","title":{"rendered":"Pajunkissoja on tallentunut kuviin jo ainakin Liedossa ja Uuraisilla \u2013 onko sinulla poikkeuksellisia luontohavaintoja? | Uutisia lyhyesti"},"content":{"rendered":"<p class=\"aw-1gybjub aw-5vja16 kEtdKx kmuxyA yle__article__paragraph\">Kerro meille havainnoistasi pihalla ja puutarhassa. <\/p>\n<p><img decoding=\"async\" alt=\"Pajunkissat puskevat jo n\u00e4kyviin Liedossa joulukuussa 2025.\" src=\"https:\/\/www.europesays.com\/fi\/wp-content\/uploads\/2025\/12\/39-15732256948183644a34.jpeg\" class=\"aw-1l9m598 hKVVvP\"\/><\/p>\n<p>Avaa kuvien katselu<\/p>\n<p>Joulukuusen sijaan Aapo Peltola l\u00f6ysi mets\u00e4st\u00e4 pajunkissoja. Kuva: Aapo Peltola<\/p>\n<p class=\"aw-1gybjub aw-1p7kakr kEtdKx cEmitX yle__article__paragraph\">On kolme y\u00f6t\u00e4 jouluun, vuoden pimein p\u00e4iv\u00e4 ja kalenterissa elet\u00e4\u00e4n syd\u00e4ntalvea.<\/p>\n<p class=\"aw-1gybjub aw-1p7kakr kEtdKx cEmitX yle__article__paragraph\">Ylen meteorologi <strong class=\"aw-ak79eh KyCXm yle__article__strong\">Matti Huutonen<\/strong> vahvistaa, ett\u00e4 etel\u00e4ss\u00e4 on ollut nyt harvinaisen lauhaa, ja lounaassa jopa poikkeuksellisen lauhaa.<\/p>\n<p class=\"aw-1gybjub aw-1p7kakr kEtdKx cEmitX yle__article__paragraph\">L\u00e4mp\u00f6tilat ovat paikoin olleet plussalla jo niin pitk\u00e4\u00e4n, ett\u00e4 luonnossa liikkuva voi havaita ajankohtaan n\u00e4hden h\u00e4mment\u00e4vi\u00e4 asioita.<\/p>\n<p class=\"aw-1gybjub aw-1p7kakr kEtdKx cEmitX yle__article__paragraph\">N\u00e4in teki my\u00f6s lietolainen <strong class=\"aw-ak79eh KyCXm yle__article__strong\">Aapo Peltola<\/strong>. H\u00e4n l\u00e4hti sunnuntaina poikansa kanssa mets\u00e4\u00e4n joulukuusen hakuun, mutta vastaan tulikin sopivan kuusen sijaan pulleita pajunkissoja.<\/p>\n<p class=\"aw-1gybjub aw-1p7kakr kEtdKx cEmitX yle__article__paragraph\">\u2013 Joulukuusta emme l\u00f6yt\u00e4neet, mutta pajunkissoja kyll\u00e4. Sopiva kuusi piti lopulta hakea kaupasta, h\u00e4n kertoo.<\/p>\n<p class=\"aw-1gybjub aw-1p7kakr kEtdKx cEmitX yle__article__paragraph\">Lieto sijaitsee Lounais-Suomessa, jossa kev\u00e4\u00e4n merkit n\u00e4kyv\u00e4t usein aikaisin. Yle on silti saanut kuvan pajunkissoista my\u00f6s pohjoisempaa eli Uuraisilta.<\/p>\n<p class=\"aw-1gybjub aw-1p7kakr kEtdKx cEmitX yle__article__paragraph\">Sen l\u00e4hetti ahkera luonnossaliikkuja <strong class=\"aw-ak79eh KyCXm yle__article__strong\">Susanna Peltonen<\/strong>, joka suorastaan h\u00e4mm\u00e4styi pajunkissojen paljoutta.<\/p>\n<p><img decoding=\"async\" alt=\"Kuvassa pajukko, jossa pajunkissat kasvavat joulukuussa.\" src=\"https:\/\/www.europesays.com\/fi\/wp-content\/uploads\/2025\/12\/39-15732476948252eaf9e4.jpeg\" loading=\"lazy\" class=\"aw-1l9m598 hKVVvP\"\/><\/p>\n<p>Avaa kuvien katselu<\/p>\n<p>Peltonen kuvaa paljon luonnon kasveja ja el\u00e4imi\u00e4, mutta koskaan aikaisemmin ei joulukuussa ole tullut kuvattua pajunkissoja. Kuva: Susanna Peltonen<\/p>\n<p class=\"aw-1gybjub aw-1p7kakr kEtdKx cEmitX yle__article__paragraph\">\u2013 Mietin, ett\u00e4 otanko oksia maljakkoon jouluksi, mutta en sitten raaskinut, h\u00e4n sanoo.<\/p>\n<p class=\"aw-1gybjub aw-1p7kakr kEtdKx cEmitX yle__article__paragraph\">Laulun sanoin: kes\u00e4 n\u00e4ytt\u00e4\u00e4 tulevan talven keskelle my\u00f6s keskisemm\u00e4ss\u00e4 Suomessa.<\/p>\n<p class=\"aw-1gybjub aw-1p7kakr kEtdKx cEmitX yle__article__paragraph\">Onko sinulla havaintoja kasvun k\u00e4ynnistymisest\u00e4 pihalla tai puutarhassa? Oletko muutoin havainnut jo jonkinlaisia kev\u00e4\u00e4n merkkej\u00e4? Kerro meille, teemme juttua!<\/p>\n<p class=\"aw-1gybjub aw-1p7kakr kEtdKx cEmitX yle__article__paragraph\"><strong class=\"aw-ak79eh KyCXm yle__article__strong\">L\u00e4hett\u00e4m\u00e4ll\u00e4 kuvan Ylelle joukkoistuksen yhteydess\u00e4 annat oikeuden k\u00e4ytt\u00e4\u00e4, jakaa ja tarvittaessa muokata kuvaa kaikissa Ylen palveluissa. L\u00e4het\u00e4th\u00e4n vain itse ottamiasi kuvia. Yksityistilanteissa kysy lupa kuvassa n\u00e4kyvilt\u00e4 ihmisilt\u00e4.<\/strong><\/p>\n<p class=\"aw-1gybjub aw-1p7kakr kEtdKx cEmitX yle__article__paragraph\"><strong class=\"aw-ak79eh KyCXm yle__article__strong\">Lue tarkemmat<\/strong><a class=\"aw-iao6s4 iHOxEa yle__article__link\" href=\"https:\/\/yle.fi\/a\/3-9789162\" role=\"link\" rel=\"nofollow noopener\" target=\"_blank\"> <strong class=\"aw-ak79eh KyCXm yle__article__strong\">kuvajoukkoistusten pelis\u00e4\u00e4nn\u00f6t<\/strong><\/a><strong class=\"aw-ak79eh KyCXm yle__article__strong\">.<\/strong><\/p>\n","protected":false},"excerpt":{"rendered":"Kerro meille havainnoistasi pihalla ja puutarhassa. Avaa kuvien katselu Joulukuusen sijaan Aapo Peltola l\u00f6ysi mets\u00e4st\u00e4 pajunkissoja. Kuva: Aapo&hellip;\n","protected":false},"author":2,"featured_media":122601,"comment_status":"","ping_status":"","sticky":false,"template":"","format":"standard","meta":{"footnotes":""},"categories":[12],"tags":[22,23,26,27,33,31,30,17,474,71,24,25,72,28,29,15,18,21,32,19,20,16,663],"class_list":{"0":"post-122600","1":"post","2":"type-post","3":"status-publish","4":"format-standard","5":"has-post-thumbnail","7":"category-suomi","8":"tag-breaking-news","9":"tag-breakingnews","10":"tag-featured-news","11":"tag-featurednews","12":"tag-fi","13":"tag-finland","14":"tag-finnish","15":"tag-headlines","16":"tag-keski-suomi","17":"tag-kotimaa","18":"tag-latest-news","19":"tag-latestnews","20":"tag-luonto","21":"tag-main-news","22":"tag-mainnews","23":"tag-news","24":"tag-otsikot","25":"tag-paauutiset","26":"tag-suomi","27":"tag-top-stories","28":"tag-topstories","29":"tag-uutiset","30":"tag-varsinais-suomi"},"share_on_mastodon":{"url":"https:\/\/pubeurope.com\/@fi\/115759531196345887","error":""},"_links":{"self":[{"href":"https:\/\/www.europesays.com\/fi\/wp-json\/wp\/v2\/posts\/122600","targetHints":{"allow":["GET"]}}],"collection":[{"href":"https:\/\/www.europesays.com\/fi\/wp-json\/wp\/v2\/posts"}],"about":[{"href":"https:\/\/www.europesays.com\/fi\/wp-json\/wp\/v2\/types\/post"}],"author":[{"embeddable":true,"href":"https:\/\/www.europesays.com\/fi\/wp-json\/wp\/v2\/users\/2"}],"replies":[{"embeddable":true,"href":"https:\/\/www.europesays.com\/fi\/wp-json\/wp\/v2\/comments?post=122600"}],"version-history":[{"count":0,"href":"https:\/\/www.europesays.com\/fi\/wp-json\/wp\/v2\/posts\/122600\/revisions"}],"wp:featuredmedia":[{"embeddable":true,"href":"https:\/\/www.europesays.com\/fi\/wp-json\/wp\/v2\/media\/122601"}],"wp:attachment":[{"href":"https:\/\/www.europesays.com\/fi\/wp-json\/wp\/v2\/media?parent=122600"}],"wp:term":[{"taxonomy":"category","embeddable":true,"href":"https:\/\/www.europesays.com\/fi\/wp-json\/wp\/v2\/categories?post=122600"},{"taxonomy":"post_tag","embeddable":true,"href":"https:\/\/www.europesays.com\/fi\/wp-json\/wp\/v2\/tags?post=122600"}],"curies":[{"name":"wp","href":"https:\/\/api.w.org\/{rel}","templated":true}]}}