{"id":122606,"date":"2025-12-21T21:02:08","date_gmt":"2025-12-21T21:02:08","guid":{"rendered":"https:\/\/www.europesays.com\/fi\/122606\/"},"modified":"2025-12-21T21:02:08","modified_gmt":"2025-12-21T21:02:08","slug":"latelan-lauri-huttuselta-melkoinen-uutisjysays","status":"publish","type":"post","link":"https:\/\/www.europesays.com\/fi\/122606\/","title":{"rendered":"Latelan Lauri Huttuselta melkoinen uutisjys\u00e4ys!"},"content":{"rendered":"<p>Latelan Lauri Huttunen yll\u00e4tt\u00e4\u00e4. <\/p>\n<p>Kohta miest\u00e4 grillataan nimitt\u00e4in ihan huolella.<\/p>\n<p>Mit\u00e4? Onko Lauri joutumassa roastauksen kohteeksi?<\/p>\n<p>Ei, vaan h\u00e4nest\u00e4 tehd\u00e4\u00e4n makkaraa.<\/p>\n<p>Lue my\u00f6s: <a href=\"https:\/\/www.como.fi\/uutiset\/latelan-lauri-huttunen-on-kultainen-mies-taman-rakensi-sarkku-vaimolleen\/\" title=\"Latelan Lauri Huttunen on kultainen mies \u2013 t\u00e4m\u00e4n rakensi Sarkku-vaimolleen\" class=\"underline-custom !font-montserrat !font-bold !underline-offset-4 !decoration-4 !decoration-red-600 !text-md\" rel=\"nofollow noopener\" target=\"_blank\">Latelan Lauri Huttunen on kultainen mies \u2013 t\u00e4m\u00e4n rakensi Sarkku-vaimolleen<\/a><\/p>\n<p>Lue my\u00f6s: <a href=\"https:\/\/www.como.fi\/uutiset\/latelan-lauri-huttunen-esitteli-lambonsa-rakensi-itse\/\" title=\"Latelan Lauri Huttunen esitteli Lambonsa \u2013 rakensi itse\" class=\"underline-custom !font-montserrat !font-bold !underline-offset-4 !decoration-4 !decoration-red-600 !text-md\" rel=\"nofollow noopener\" target=\"_blank\">Latelan Lauri Huttunen esitteli Lambonsa \u2013 rakensi itse<\/a><\/p>\n<p>Tai, ei siis Laurista tehd\u00e4 makkaraa, vaan Laurille tehd\u00e4\u00e4n makkara.<\/p>\n<p>-No nyt se on p\u00e4\u00e4tetty. Rakkaalla lapsella on monta nime\u00e4 mutta nyt se on p\u00e4\u00e4tetty ett\u00e4 makkaran nimeksi tulee Huttusen Helppo, Lauri kertoo.<\/p>\n<p>Makkarat ilmestyv\u00e4t marketteihin kuulemma vuoden alkupuolella.<\/p>\n<p>Hajunvaimennin puuttuu<\/p>\n<p>Latelan Lauri Huttunen on ennenkin touhunnut tuotebisneksess\u00e4. Viime jouluksi h\u00e4n kertoi saaneensa markkinoille Latela-froteepyyhkeen, mutta kaikista kuumin uutuus oli Latela-boxerit. <\/p>\n<p>Kyseess\u00e4 on kuulemma hieman erikoisempi boxerimalli. Siihen oli suunnitteilla \u00e4\u00e4nenvaimennin. Toisaalta my\u00f6s sellaista mallia kehitelt\u00e4neen miss\u00e4 on olemassa hajuntehostin. Eli joka pojan ihannelahja.<\/p>\n<p>Lue my\u00f6s: <a href=\"https:\/\/www.como.fi\/tilaa-comon-uutiskirje\/\" title=\"Tilaa Comon uutiskirje ja tied\u00e4t mist\u00e4 kahvitauolla puhutaan! Nappaa kotimaan tv-vinkit ja puheenaiheet suoraan s\u00e4hk\u00f6postiin t\u00e4st\u00e4.\" class=\"underline-custom !font-montserrat !font-bold !underline-offset-4 !decoration-4 !decoration-red-600 !text-md\" rel=\"nofollow noopener\" target=\"_blank\">Tilaa Comon uutiskirje ja tied\u00e4t mist\u00e4 kahvitauolla puhutaan! Nappaa kotimaan tv-vinkit ja puheenaiheet suoraan s\u00e4hk\u00f6postiin t\u00e4st\u00e4.<\/a><\/p>\n","protected":false},"excerpt":{"rendered":"Latelan Lauri Huttunen yll\u00e4tt\u00e4\u00e4. Kohta miest\u00e4 grillataan nimitt\u00e4in ihan huolella. Mit\u00e4? Onko Lauri joutumassa roastauksen kohteeksi? Ei, vaan&hellip;\n","protected":false},"author":2,"featured_media":122607,"comment_status":"","ping_status":"","sticky":false,"template":"","format":"standard","meta":{"footnotes":""},"categories":[136],"tags":[407,137,33,31,30,408,5147,32,109],"class_list":{"0":"post-122606","1":"post","2":"type-post","3":"status-publish","4":"format-standard","5":"has-post-thumbnail","7":"category-julkkikset","8":"tag-celebrities","9":"tag-entertainment","10":"tag-fi","11":"tag-finland","12":"tag-finnish","13":"tag-julkkikset","14":"tag-latela","15":"tag-suomi","16":"tag-viihde"},"share_on_mastodon":{"url":"https:\/\/pubeurope.com\/@fi\/115759582005591923","error":""},"_links":{"self":[{"href":"https:\/\/www.europesays.com\/fi\/wp-json\/wp\/v2\/posts\/122606","targetHints":{"allow":["GET"]}}],"collection":[{"href":"https:\/\/www.europesays.com\/fi\/wp-json\/wp\/v2\/posts"}],"about":[{"href":"https:\/\/www.europesays.com\/fi\/wp-json\/wp\/v2\/types\/post"}],"author":[{"embeddable":true,"href":"https:\/\/www.europesays.com\/fi\/wp-json\/wp\/v2\/users\/2"}],"replies":[{"embeddable":true,"href":"https:\/\/www.europesays.com\/fi\/wp-json\/wp\/v2\/comments?post=122606"}],"version-history":[{"count":0,"href":"https:\/\/www.europesays.com\/fi\/wp-json\/wp\/v2\/posts\/122606\/revisions"}],"wp:featuredmedia":[{"embeddable":true,"href":"https:\/\/www.europesays.com\/fi\/wp-json\/wp\/v2\/media\/122607"}],"wp:attachment":[{"href":"https:\/\/www.europesays.com\/fi\/wp-json\/wp\/v2\/media?parent=122606"}],"wp:term":[{"taxonomy":"category","embeddable":true,"href":"https:\/\/www.europesays.com\/fi\/wp-json\/wp\/v2\/categories?post=122606"},{"taxonomy":"post_tag","embeddable":true,"href":"https:\/\/www.europesays.com\/fi\/wp-json\/wp\/v2\/tags?post=122606"}],"curies":[{"name":"wp","href":"https:\/\/api.w.org\/{rel}","templated":true}]}}