{"id":122614,"date":"2025-12-21T21:14:13","date_gmt":"2025-12-21T21:14:13","guid":{"rendered":"https:\/\/www.europesays.com\/fi\/122614\/"},"modified":"2025-12-21T21:14:13","modified_gmt":"2025-12-21T21:14:13","slug":"viikko-bondi-beachin-veriloylysta-paaministerilta-karuja-sanoja-maailman-tilasta","status":"publish","type":"post","link":"https:\/\/www.europesays.com\/fi\/122614\/","title":{"rendered":"Viikko Bondi Beachin veril\u00f6ylyst\u00e4 \u2013 p\u00e4\u00e4ministerilt\u00e4 karuja sanoja maailman tilasta"},"content":{"rendered":"<p class=\"article-body mb-nof-24 px-nof-16\">Australiassa poliisin ja tiedustelupalvelun toimintaa aiotaan tarkastella Bondi Beachin joukkoampumisen j\u00e4lkimainingeissa.<\/p>\n<p class=\"article-body mb-nof-24 px-nof-16\">Australian p\u00e4\u00e4ministeri <a class=\"article-personlink\" href=\"https:\/\/www.is.fi\/haku\/?query=Anthony%20Albanese\" rel=\"nofollow noopener\" target=\"_blank\">Anthony Albanese<\/a> kertoi asiasta sunnuntaina. H\u00e4n sanoi lausunnossaan hallituksen aikovan selvitt\u00e4\u00e4, onko poliisilla ja tiedustelupalvelulla \u201doikeat valtuudet, rakenteet ja prosessit\u201d pit\u00e4\u00e4 australialaiset turvassa.<\/p>\n<p class=\"article-body mb-nof-24 px-nof-16\">Sydneyss\u00e4 Bondi Beachin uimarannan alueella tapahtuneessa joukkoampumisessa kuoli viikko sitten ainakin 15 ihmist\u00e4. Poliisin mukaan teko kohdistettiin juutalaisyhteis\u00f6\u00e4 vastaan.<\/p>\n<p><img decoding=\"async\" src=\"https:\/\/www.europesays.com\/fi\/wp-content\/uploads\/2025\/12\/1766351652_380_468.jpg\" alt=\"P\u00e4\u00e4ministeri Anthony Albanese (keskell\u00e4) osallistui sunnuntain muistotilaisuuteen.\" class=\"_Img_1rerz_1\" style=\"aspect-ratio:1.5\" loading=\"eager\"\/><\/p>\n<p class=\"article-picture-caption\">P\u00e4\u00e4ministeri Anthony Albanese (keskell\u00e4) osallistui sunnuntain muistotilaisuuteen. Kuva:\u00a0Hollie Adams<\/p>\n<p class=\"article-body mb-nof-24 px-nof-16\">Australian yleisradioyhti\u00f6 <a class=\"article-genericlink\" href=\"https:\/\/www.abc.net.au\/news\/2025-12-21\/pm-announces-review-into-intelligence-and-law-enforcement\/106167788\" rel=\"nofollow noopener\" target=\"_blank\">ABC:n<\/a> mukaan Albanese sanoi, ett\u00e4 selvitys valmistuisi huhtikuussa.<\/p>\n<p class=\"article-body mb-nof-24 px-nof-16\">\u2013\u2009Isisin inspiroima julmuus viime sunnuntaina vahvistaa nopeasti muuttuvaa turvallisuusymp\u00e4rist\u00f6\u00e4 maassamme. Turvallisuusviranomaistemme on oltava parhaassa mahdollisessa valmiudessa reagoimaan, Albanese sanoi ABC:n mukaan.<\/p>\n<p class=\"article-body mb-nof-24 px-nof-16\">Australialaismedian mukaan maan poliisista ja tiedustelupalvelusta vastaava sis\u00e4ministeri<a class=\"article-personlink\" href=\"https:\/\/www.is.fi\/haku\/?query=%20Tony%20Burke\" rel=\"nofollow noopener\" target=\"_blank\"> Tony Burke<\/a> on ilmaissut t\u00e4yden luottamuksensa molempien virastojen ty\u00f6h\u00f6n ennen iskua ja sen j\u00e4lkeen.<\/p>\n<p class=\"article-body mb-nof-24 px-nof-16\">ABC on <a class=\"article-genericlink\" href=\"https:\/\/www.abc.net.au\/news\/2025-12-15\/bondi-beach-shooting-terrorist-attack\/106142446?utm_campaign=abc_news_web&amp;utm_content=link&amp;utm_medium=content_shared&amp;utm_source=abc_news_web#live-blog-post-246266\" rel=\"nofollow noopener\" target=\"_blank\">aiemmin kertonut<\/a> l\u00e4hteidens\u00e4 pohjalta, ett\u00e4 maan tiedustelupalvelu olisi tutkinut nuoremman ampumisesta ep\u00e4illyn mahdollisia Isis-kytk\u00f6ksi\u00e4 kuusi vuotta sitten.<\/p>\n<p><img decoding=\"async\" src=\"https:\/\/www.europesays.com\/fi\/wp-content\/uploads\/2025\/12\/1766351652_330_468.jpg\" alt=\"\" class=\"_Img_1rerz_1\" style=\"aspect-ratio:1.5\" loading=\"eager\"\/><\/p>\n<p class=\"article-body mb-nof-24 px-nof-16\">P\u00e4\u00e4ministeri varoittaa mielenosoituksista<\/p>\n<p class=\"article-body mb-nof-24 px-nof-16\">Australiassa j\u00e4rjestettiin sunnuntaina terroriteon uhrien muistamiseksi hiljainen hetki, jossa australialaisia kehotettiin sytytt\u00e4m\u00e4\u00e4n kynttil\u00e4 ampumisen uhrien muistoksi. Joukkoampumisesta on sunnuntaina kulunut tasan viikko.<\/p>\n<p class=\"article-body mb-nof-24 px-nof-16\">Bondi Beachilla j\u00e4rjestet\u00e4\u00e4n sunnuntaina my\u00f6s muistotilaisuus, johon Albanese osallistuu.<\/p>\n<p class=\"article-body mb-nof-24 px-nof-16\">Albanese on varoittanut terrori-iskun j\u00e4lkeen j\u00e4rjestetyist\u00e4 mielenosoituksista. Niill\u00e4 pyrit\u00e4\u00e4n h\u00e4nen mukaansa kylv\u00e4m\u00e4\u00e4n eripuraa. H\u00e4nen mukaansa mielenosoituksia ei tulisi j\u00e4rjest\u00e4\u00e4 eik\u00e4 ihmisten tulisi osallistua niihin.<\/p>\n<p class=\"article-body mb-nof-24 px-nof-16\">\u2013\u2009Terroristit ovat pyrkineet jakamaan t\u00e4t\u00e4 maata, mutta nyt on aika pysy\u00e4 yhten\u00e4isen\u00e4 \u2013 erityisesti t\u00e4n\u00e4 kansallisena muistop\u00e4iv\u00e4n\u00e4, h\u00e4n kirjoitti <a class=\"article-genericlink\" href=\"https:\/\/x.com\/AlboMP\/status\/2002559690774098147\" rel=\"nofollow\">viestipalvelu X:ss\u00e4<\/a>.<\/p>\n<p><img decoding=\"async\" src=\"https:\/\/www.europesays.com\/fi\/wp-content\/uploads\/2025\/12\/1766351652_93_468.jpg\" alt=\"\" class=\"_Img_1rerz_1\" style=\"aspect-ratio:1.5\" loading=\"eager\"\/><img decoding=\"async\" src=\"https:\/\/www.europesays.com\/fi\/wp-content\/uploads\/2025\/12\/1766351653_750_468.jpg\" alt=\"\" class=\"_Img_1rerz_1\" style=\"aspect-ratio:1.5011727912431587\" loading=\"eager\"\/><\/p>\n<p class=\"article-body mb-nof-24 px-nof-16\">Yksi maan tuhoisimpia<\/p>\n<p class=\"article-body mb-nof-24 px-nof-16\">Bondi Beachin joukkoampumisesta ep\u00e4ill\u00e4\u00e4n is\u00e4\u00e4 ja poikaa. 50-vuotias ep\u00e4ilty kuoli paikan p\u00e4\u00e4ll\u00e4 poliisin luoteihin, ja 24-vuotias ep\u00e4ilty vietiin kriittisess\u00e4 tilassa sairaalaan. Ampujia motivoi tiett\u00e4v\u00e4sti \u00e4\u00e4ri-islamistinen Isis-ideologia.<\/p>\n<p class=\"article-body mb-nof-24 px-nof-16\">Poikaa vastaan nostettiin keskiviikkona syytteet muun muassa 15 murhasta ja terrorismirikoksesta.<\/p>\n<p class=\"article-body mb-nof-24 px-nof-16\">Sunnuntain joukkoampuminen on yksi Australian historian tuhoisimpia.<\/p>\n<p class=\"article-body mb-nof-24 px-nof-16\">Vuonna 1996 mies surmasi 35 ihmist\u00e4 Port Arthurissa Tasmanian osavaltiossa. Sen j\u00e4lkeen Australiassa tiukennettiin aselakeja. Viime vuosina Australiassa on kuitenkin raportoitu, ett\u00e4 yksityisomisteisia aseita on yh\u00e4 enemm\u00e4n.<\/p>\n","protected":false},"excerpt":{"rendered":"Australiassa poliisin ja tiedustelupalvelun toimintaa aiotaan tarkastella Bondi Beachin joukkoampumisen j\u00e4lkimainingeissa. Australian p\u00e4\u00e4ministeri Anthony Albanese kertoi asiasta sunnuntaina.&hellip;\n","protected":false},"author":2,"featured_media":122615,"comment_status":"","ping_status":"","sticky":false,"template":"","format":"standard","meta":{"footnotes":""},"categories":[14],"tags":[22,23,26,27,33,31,30,17,34,24,25,28,29,15,18,21,32,19,20,56,16,59,60,61],"class_list":{"0":"post-122614","1":"post","2":"type-post","3":"status-publish","4":"format-standard","5":"has-post-thumbnail","7":"category-ulkomaat","8":"tag-breaking-news","9":"tag-breakingnews","10":"tag-featured-news","11":"tag-featurednews","12":"tag-fi","13":"tag-finland","14":"tag-finnish","15":"tag-headlines","16":"tag-ilta-sanomat","17":"tag-latest-news","18":"tag-latestnews","19":"tag-main-news","20":"tag-mainnews","21":"tag-news","22":"tag-otsikot","23":"tag-paauutiset","24":"tag-suomi","25":"tag-top-stories","26":"tag-topstories","27":"tag-ulkomaat","28":"tag-uutiset","29":"tag-world","30":"tag-world-news","31":"tag-worldnews"},"share_on_mastodon":{"url":"https:\/\/pubeurope.com\/@fi\/115759629615014571","error":""},"_links":{"self":[{"href":"https:\/\/www.europesays.com\/fi\/wp-json\/wp\/v2\/posts\/122614","targetHints":{"allow":["GET"]}}],"collection":[{"href":"https:\/\/www.europesays.com\/fi\/wp-json\/wp\/v2\/posts"}],"about":[{"href":"https:\/\/www.europesays.com\/fi\/wp-json\/wp\/v2\/types\/post"}],"author":[{"embeddable":true,"href":"https:\/\/www.europesays.com\/fi\/wp-json\/wp\/v2\/users\/2"}],"replies":[{"embeddable":true,"href":"https:\/\/www.europesays.com\/fi\/wp-json\/wp\/v2\/comments?post=122614"}],"version-history":[{"count":0,"href":"https:\/\/www.europesays.com\/fi\/wp-json\/wp\/v2\/posts\/122614\/revisions"}],"wp:featuredmedia":[{"embeddable":true,"href":"https:\/\/www.europesays.com\/fi\/wp-json\/wp\/v2\/media\/122615"}],"wp:attachment":[{"href":"https:\/\/www.europesays.com\/fi\/wp-json\/wp\/v2\/media?parent=122614"}],"wp:term":[{"taxonomy":"category","embeddable":true,"href":"https:\/\/www.europesays.com\/fi\/wp-json\/wp\/v2\/categories?post=122614"},{"taxonomy":"post_tag","embeddable":true,"href":"https:\/\/www.europesays.com\/fi\/wp-json\/wp\/v2\/tags?post=122614"}],"curies":[{"name":"wp","href":"https:\/\/api.w.org\/{rel}","templated":true}]}}