{"id":122616,"date":"2025-12-21T21:15:12","date_gmt":"2025-12-21T21:15:12","guid":{"rendered":"https:\/\/www.europesays.com\/fi\/122616\/"},"modified":"2025-12-21T21:15:12","modified_gmt":"2025-12-21T21:15:12","slug":"jouluun-kurja-kaanne","status":"publish","type":"post","link":"https:\/\/www.europesays.com\/fi\/122616\/","title":{"rendered":"Jouluun kurja k\u00e4\u00e4nne"},"content":{"rendered":"<p>Joulup\u00e4iv\u00e4n\u00e4 pakkaset muuttuvat koko maassa plusasteisiin, jos nykyinen ennuste toteutuu.<\/p>\n<p><img decoding=\"async\" class=\"image image-show image-preview\" src=\"https:\/\/www.europesays.com\/fi\/wp-content\/uploads\/2025\/12\/56a588d6a9652b0185d3742a187818a9d1606aa487fca28673bd5b8a6da28b92.jpg\" alt=\"\"\/><img decoding=\"async\" class=\"image image-show\" src=\"https:\/\/www.europesays.com\/fi\/wp-content\/uploads\/2025\/12\/1766351710_169_56a588d6a9652b0185d3742a187818a9d1606aa487fca28673bd5b8a6da28b92.jpg\" alt=\"\"\/><\/p>\n<p>Etel\u00e4isess\u00e4 Suomessa luminen joulu n\u00e4ytt\u00e4\u00e4 ep\u00e4todenn\u00e4k\u00f6iselt\u00e4. Jenni G\u00e4stgivar<\/p>\n<p class=\"paragraph\">Jouluviikko alkaa suuressa osassa maata pakkass\u00e4\u00e4ss\u00e4, mutta kesken joulun on tulossa lunta toivoville m\u00e4rk\u00e4 r\u00e4tti, ennustaa <a href=\"https:\/\/www.foreca.fi\/meteorologilta\/nqozxpd0\" target=\"_blank\" rel=\"noopener nofollow\">Foreca.<\/a> N\u00e4ill\u00e4 n\u00e4kymin joulup\u00e4iv\u00e4n\u00e4 voi olla Lappia my\u00f6den yli 5 astetta l\u00e4mmint\u00e4.<\/p>\n<p class=\"paragraph\">Suomessa vahvistuu alkuviikosta korkeapaine, joka tuo paikallisia lumi- ja r\u00e4nt\u00e4sateita maan etel\u00e4- ja keskiosiin maanantaina. Pohjoisessa ja id\u00e4ss\u00e4 s\u00e4\u00e4 on p\u00e4\u00e4osin poutainen.<\/p>\n<p class=\"paragraph\">L\u00e4mp\u00f6tila on p\u00e4iv\u00e4ll\u00e4 etel\u00e4- ja lounaisosissa nollan molemmin puolin ja Ahvenanmaalla 2\u20134 l\u00e4mp\u00f6astetta. Maan keskiosassa pakkasta on 0\u20138 astetta, ja pohjoisessa l\u00e4mp\u00f6mittari voi n\u00e4ytt\u00e4\u00e4 parhaimmillaan yli 20 astetta pakkasta, jos s\u00e4\u00e4 selkenee.<\/p>\n<p class=\"paragraph\">Jouluaattoa edelt\u00e4v\u00e4n\u00e4 p\u00e4iv\u00e4n\u00e4 etel\u00e4isess\u00e4 Suomessa on p\u00e4iv\u00e4ll\u00e4 noin 2\u20137 astetta pakkasta, mutta Lapissa l\u00e4mp\u00f6tila voi ajoittain nousta suojan puolelle.<\/p>\n<p class=\"paragraph\">Tiistain vastaisena y\u00f6n\u00e4 ja tiistaiaamuna lumisaderintama liikkuu Pohjois- ja It\u00e4-Lapissa kohti etel\u00e4\u00e4. P\u00e4iv\u00e4ll\u00e4 lunta sataa Kainuussa ja Pohjois-Karjalassa.<\/p>\n<p class=\"paragraph\">L\u00e4nsituuli voimistuu pohjoisessa kohtalaiseksi, ja sateiden j\u00e4lkeen ilma lauhtuu. Pakkasta on laajalti 1\u201310 astetta, mutta Lapin koillisosassa l\u00e4mp\u00f6tila voi nousta jopa kolmisen astetta plussalle.<\/p>\n<p>T\u00e4llainen on joulun ennuste<\/p>\n<p class=\"paragraph\">Jouluaattona Lapissa liikkuu hajanainen vesi- ja lumisadealue luoteesta kaakkoon. Paikallisesti voi tulla j\u00e4\u00e4t\u00e4v\u00e4\u00e4kin sadetta. Pakkasta on 0\u201310 astetta, mutta sateen j\u00e4lkeen s\u00e4\u00e4 voi j\u00e4lleen lauhtua.<\/p>\n<p class=\"paragraph\">P\u00e4iv\u00e4l\u00e4mp\u00f6tilat ovat aattona sis\u00e4maassa Etel\u00e4- ja Keski-Suomessa 0\u20135 astetta pakkasella. Lounaisrannikolla on odotettavissa pieni\u00e4 plusasteita.<\/p>\n<p class=\"paragraph\">K\u00e4\u00e4nne tapahtuu n\u00e4ill\u00e4 n\u00e4kymin torstaina eli joulup\u00e4iv\u00e4n\u00e4. Tilanne on viel\u00e4 jonkin verran ep\u00e4varma, sill\u00e4 ennusteet ovat vaihdelleet viime p\u00e4ivin\u00e4 pikkupakkasen ja suojan v\u00e4lill\u00e4.<\/p>\n<p class=\"paragraph\">Tuorein ennuste kertoo, ett\u00e4 Suomeen virtaa lauhaa ilmaa l\u00e4nnest\u00e4. Joulup\u00e4iv\u00e4n\u00e4 jopa kuiva ja l\u00e4mmin f\u00f6hn-tuuli saattaa puhkua Suomeen. N\u00e4in olleen koko maassa olisi 0\u20135 l\u00e4mp\u00f6astetta, l\u00e4nsirannikolla sek\u00e4 L\u00e4nsi- ja Pohjois-Lapissa l\u00e4mp\u00f6\u00e4 voi olla sit\u00e4kin enemm\u00e4n.<\/p>\n<p class=\"paragraph\">Tapaninp\u00e4iv\u00e4n\u00e4 l\u00e4mp\u00f6tila laskee hieman, mutta suojas\u00e4\u00e4 ja heikko pakkanen ovat edelleen mahdollisia maan etel\u00e4osasta aina Lappiin saakka.<\/p>\n<p><a href=\"https:\/\/www.iltalehti.fi\/parassaa?storeCampaign=ArticleBottomBanner\" rel=\"nofollow noopener\" target=\"_blank\"><img decoding=\"async\" src=\"https:\/\/www.europesays.com\/fi\/wp-content\/uploads\/2025\/08\/d0fd7860228df4fdd5fd0367e49d769aa09b08189080ddc5ccdd8c31ad63aca9.png\" alt=\"IL Paras S\u00e4\u00e4 - S\u00e4\u00e4tiedot ja s\u00e4\u00e4ennusteet\"\/><\/a><\/p>\n","protected":false},"excerpt":{"rendered":"Joulup\u00e4iv\u00e4n\u00e4 pakkaset muuttuvat koko maassa plusasteisiin, jos nykyinen ennuste toteutuu. Etel\u00e4isess\u00e4 Suomessa luminen joulu n\u00e4ytt\u00e4\u00e4 ep\u00e4todenn\u00e4k\u00f6iselt\u00e4. Jenni G\u00e4stgivar&hellip;\n","protected":false},"author":2,"featured_media":122617,"comment_status":"","ping_status":"","sticky":false,"template":"","format":"standard","meta":{"footnotes":""},"categories":[12],"tags":[35,22,23,26,27,33,31,30,17,713,4355,24,25,28,29,715,15,18,21,710,714,32,19,20,16],"class_list":{"0":"post-122616","1":"post","2":"type-post","3":"status-publish","4":"format-standard","5":"has-post-thumbnail","7":"category-suomi","8":"tag-24h","9":"tag-breaking-news","10":"tag-breakingnews","11":"tag-featured-news","12":"tag-featurednews","13":"tag-fi","14":"tag-finland","15":"tag-finnish","16":"tag-headlines","17":"tag-lampotila-saa","18":"tag-lapin-maakunta","19":"tag-latest-news","20":"tag-latestnews","21":"tag-main-news","22":"tag-mainnews","23":"tag-meteorologia","24":"tag-news","25":"tag-otsikot","26":"tag-paauutiset","27":"tag-saa","28":"tag-saaennustus","29":"tag-suomi","30":"tag-top-stories","31":"tag-topstories","32":"tag-uutiset"},"share_on_mastodon":{"url":"https:\/\/pubeurope.com\/@fi\/115759633276971205","error":""},"_links":{"self":[{"href":"https:\/\/www.europesays.com\/fi\/wp-json\/wp\/v2\/posts\/122616","targetHints":{"allow":["GET"]}}],"collection":[{"href":"https:\/\/www.europesays.com\/fi\/wp-json\/wp\/v2\/posts"}],"about":[{"href":"https:\/\/www.europesays.com\/fi\/wp-json\/wp\/v2\/types\/post"}],"author":[{"embeddable":true,"href":"https:\/\/www.europesays.com\/fi\/wp-json\/wp\/v2\/users\/2"}],"replies":[{"embeddable":true,"href":"https:\/\/www.europesays.com\/fi\/wp-json\/wp\/v2\/comments?post=122616"}],"version-history":[{"count":0,"href":"https:\/\/www.europesays.com\/fi\/wp-json\/wp\/v2\/posts\/122616\/revisions"}],"wp:featuredmedia":[{"embeddable":true,"href":"https:\/\/www.europesays.com\/fi\/wp-json\/wp\/v2\/media\/122617"}],"wp:attachment":[{"href":"https:\/\/www.europesays.com\/fi\/wp-json\/wp\/v2\/media?parent=122616"}],"wp:term":[{"taxonomy":"category","embeddable":true,"href":"https:\/\/www.europesays.com\/fi\/wp-json\/wp\/v2\/categories?post=122616"},{"taxonomy":"post_tag","embeddable":true,"href":"https:\/\/www.europesays.com\/fi\/wp-json\/wp\/v2\/tags?post=122616"}],"curies":[{"name":"wp","href":"https:\/\/api.w.org\/{rel}","templated":true}]}}