{"id":122618,"date":"2025-12-21T21:16:09","date_gmt":"2025-12-21T21:16:09","guid":{"rendered":"https:\/\/www.europesays.com\/fi\/122618\/"},"modified":"2025-12-21T21:16:09","modified_gmt":"2025-12-21T21:16:09","slug":"varustelekan-omistaja-kommentoi-yritystaan-ilta-sanomat","status":"publish","type":"post","link":"https:\/\/www.europesays.com\/fi\/122618\/","title":{"rendered":"Varustelekan omistaja kommentoi yrityst\u00e4\u00e4n &#8211; Ilta-Sanomat"},"content":{"rendered":"<p>Varusteleka ei perustajansa mukaan myy en\u00e4\u00e4 halpatavaraa.<\/p>\n<p class=\"article-body mb-nof-24 px-nof-16\">Suorasanaisena tunnettu Varustelekan perustaja ja omistaja <a class=\"article-personlink\" href=\"https:\/\/www.is.fi\/haku\/?query=Valtteri%20Lindholm\" rel=\"nofollow noopener\" target=\"_blank\">Valtteri Lindholm<\/a> avautuu Facebook-kirjoituksessaan yrityksens\u00e4 nykytilasta.<\/p>\n<p class=\"article-body mb-nof-24 px-nof-16\">\u2013\u2009T\u00e4m\u00e4 vuosi on ollut Varustelekalle ns. vitun perseest\u00e4, Lindholm toteaa.<\/p>\n<p class=\"article-body mb-nof-24 px-nof-16\">Osa haasteista on tullut h\u00e4nen mukaansa pitk\u00e4\u00e4n rikkin\u00e4isen\u00e4 olleesta verkkokaupasta. Osa taas siit\u00e4, ett\u00e4 Varusteleka on luopunut kaikkein halvimman ja niin sanotun ylij\u00e4\u00e4m\u00e4tavaran myynnist\u00e4.<\/p>\n<p class=\"article-body mb-nof-24 px-nof-16\">\u2013\u2009Ylij\u00e4\u00e4m\u00e4\u00e4 myyt\u00e4isiin, jos sit\u00e4 saisi entiseen malliin, mutta ei saa. Jos jotain saadaan, se menee p\u00e4iv\u00e4ss\u00e4 parissa.<\/p>\n<p class=\"article-body mb-nof-24 px-nof-16\">Halvat 30\u201380 euron vaatteet j\u00e4iv\u00e4t pois Varustelekan valikoimasta, koska ne oli tehty Kiinassa.<\/p>\n<p class=\"article-body mb-nof-24 px-nof-16\">\u2013\u2009P\u00e4\u00e4tettiin tehd\u00e4 Kiina-exit sek\u00e4 siksi, ett\u00e4 kiinalaiset on meille v\u00e4h\u00e4n hankalia kauppakumppaneita, ett\u00e4 siksi, ett\u00e4 ihan kohta kiinalaiset myyv\u00e4t halpisroskan lis\u00e4ksi t\u00e4nne ihan hyv\u00e4\u00e4 midprice\u00e4. Siin\u00e4 vaiheessa on mahdotonta kilpailla omaa tehdasta vastaan, kun alkavat myym\u00e4\u00e4n suoraan kuluttajalle, Lindholm toteaa.<\/p>\n<p class=\"article-body mb-nof-24 px-nof-16\">H\u00e4nen mukaansa \u201dmeilt\u00e4 saa nyky\u00e4\u00e4n markkinoiden parhaimmistoon kuuluvaa kamaa, eik\u00e4 hirve\u00e4sti mit\u00e4\u00e4n muuta\u201d.<\/p>\n<p class=\"article-body mb-nof-24 px-nof-16\">\u2013\u2009Tuleva vuosi on nyt sitten mielenkiintoinen haaste siihen, ett\u00e4 mink\u00e4lainen vakava naamari me vedet\u00e4\u00e4n p\u00e4\u00e4lle niin, ett\u00e4 ihmiset ymm\u00e4rt\u00e4\u00e4, ett\u00e4 me ollaan nyky\u00e4\u00e4n se kauppa, mihin menn\u00e4\u00e4n, kun vain paras kelpaa, Lindholm kirjoittaa.<\/p>\n<p class=\"article-body mb-nof-24 px-nof-16\">H\u00e4nen mukaansa Varusteleka on ollut jo pitk\u00e4\u00e4n kalliin laatutavaran kauppa. Menneisyyden riippakivi est\u00e4\u00e4 ihmisi\u00e4 ymm\u00e4rt\u00e4m\u00e4st\u00e4 t\u00e4t\u00e4.<\/p>\n<p class=\"article-body mb-nof-24 px-nof-16\">\u2013\u2009Meid\u00e4n tavara on t\u00e4m\u00e4n hintaista siksi, ett\u00e4 se tehd\u00e4\u00e4n Euroopassa ja sen pit\u00e4\u00e4 olla oikeasti parasta laatua.<\/p>\n<p class=\"article-body mb-nof-24 px-nof-16\">Lindholm kertoi syksyll\u00e4 ilmestyneess\u00e4 el\u00e4m\u00e4kerrassaan Ryysyill\u00e4 rikkauksiin Varustelekan noususta alallaan Euroopan suurimmaksi yritykseksi.<\/p>\n<p class=\"article-body mb-nof-24 px-nof-16\">Vuonna 2003 perustetun Varustelekan liikevaihto oli viime vuonna 19 miljoonaa euroa. Liiketappiota yritys teki 114\u202f000 euroa.<\/p>\n","protected":false},"excerpt":{"rendered":"Varusteleka ei perustajansa mukaan myy en\u00e4\u00e4 halpatavaraa. Suorasanaisena tunnettu Varustelekan perustaja ja omistaja Valtteri Lindholm avautuu Facebook-kirjoituksessaan yrityksens\u00e4&hellip;\n","protected":false},"author":2,"featured_media":122619,"comment_status":"","ping_status":"","sticky":false,"template":"","format":"standard","meta":{"footnotes":""},"categories":[5],"tags":[22,23,26,27,33,31,30,17,34,24,25,28,29,15,18,21,32,19,20,16],"class_list":{"0":"post-122618","1":"post","2":"type-post","3":"status-publish","4":"format-standard","5":"has-post-thumbnail","7":"category-otsikot","8":"tag-breaking-news","9":"tag-breakingnews","10":"tag-featured-news","11":"tag-featurednews","12":"tag-fi","13":"tag-finland","14":"tag-finnish","15":"tag-headlines","16":"tag-ilta-sanomat","17":"tag-latest-news","18":"tag-latestnews","19":"tag-main-news","20":"tag-mainnews","21":"tag-news","22":"tag-otsikot","23":"tag-paauutiset","24":"tag-suomi","25":"tag-top-stories","26":"tag-topstories","27":"tag-uutiset"},"share_on_mastodon":{"url":"https:\/\/pubeurope.com\/@fi\/115759637009650754","error":""},"_links":{"self":[{"href":"https:\/\/www.europesays.com\/fi\/wp-json\/wp\/v2\/posts\/122618","targetHints":{"allow":["GET"]}}],"collection":[{"href":"https:\/\/www.europesays.com\/fi\/wp-json\/wp\/v2\/posts"}],"about":[{"href":"https:\/\/www.europesays.com\/fi\/wp-json\/wp\/v2\/types\/post"}],"author":[{"embeddable":true,"href":"https:\/\/www.europesays.com\/fi\/wp-json\/wp\/v2\/users\/2"}],"replies":[{"embeddable":true,"href":"https:\/\/www.europesays.com\/fi\/wp-json\/wp\/v2\/comments?post=122618"}],"version-history":[{"count":0,"href":"https:\/\/www.europesays.com\/fi\/wp-json\/wp\/v2\/posts\/122618\/revisions"}],"wp:featuredmedia":[{"embeddable":true,"href":"https:\/\/www.europesays.com\/fi\/wp-json\/wp\/v2\/media\/122619"}],"wp:attachment":[{"href":"https:\/\/www.europesays.com\/fi\/wp-json\/wp\/v2\/media?parent=122618"}],"wp:term":[{"taxonomy":"category","embeddable":true,"href":"https:\/\/www.europesays.com\/fi\/wp-json\/wp\/v2\/categories?post=122618"},{"taxonomy":"post_tag","embeddable":true,"href":"https:\/\/www.europesays.com\/fi\/wp-json\/wp\/v2\/tags?post=122618"}],"curies":[{"name":"wp","href":"https:\/\/api.w.org\/{rel}","templated":true}]}}