{"id":122622,"date":"2025-12-21T21:35:09","date_gmt":"2025-12-21T21:35:09","guid":{"rendered":"https:\/\/www.europesays.com\/fi\/122622\/"},"modified":"2025-12-21T21:35:09","modified_gmt":"2025-12-21T21:35:09","slug":"30-vuotias-kehonrakentaja-eli-kuin-munkki-kuoli","status":"publish","type":"post","link":"https:\/\/www.europesays.com\/fi\/122622\/","title":{"rendered":"30-vuotias kehonrakentaja eli kuin munkki \u2013 Kuoli"},"content":{"rendered":"<p>Wang Kun niitti menestyst\u00e4 kotimaansa kisoissa.<\/p>\n<p><img decoding=\"async\" class=\"image image-show image-preview\" src=\"https:\/\/www.europesays.com\/fi\/wp-content\/uploads\/2025\/12\/8d69d7c8fce6446bd9bd2e6ae81749cceabdb653b8c12ee4fee91a35eae109fc.jpg\" alt=\"\"\/><img decoding=\"async\" class=\"image image-show\" src=\"https:\/\/www.europesays.com\/fi\/wp-content\/uploads\/2025\/12\/1766352908_571_8d69d7c8fce6446bd9bd2e6ae81749cceabdb653b8c12ee4fee91a35eae109fc.jpg\" alt=\"\"\/><\/p>\n<p>Kiinalainen mestarikehonrakentaja Wang Kun on kuollut. Kuvakaappaus: Instagram<\/p>\n<p class=\"paragraph\">Kiinalainen kehonrakentaja <strong>Wang Kun<\/strong>, 30, on kuollut. Asiasta uutisoi muun muassa <a href=\"https:\/\/nypost.com\/2025\/12\/17\/world-news\/champion-bodybuilder-wang-kun-dead-at-30\/\" target=\"_blank\" rel=\"noopener nofollow\">New York Post<\/a>.<\/p>\n<p class=\"paragraph\">Wang tunnettiin kovan fyysisen kuntonsa lis\u00e4ksi poikkeuksellisesta el\u00e4m\u00e4ntyylist\u00e4\u00e4n. H\u00e4n kertoi el\u00e4neens\u00e4 kuin \u201dmunkki\u201d.<\/p>\n<p class=\"paragraph\">Askeettinen el\u00e4m\u00e4ntyyli oli my\u00f6s h\u00e4nen fysiikkansa salaisuus. Wang kertoi noudattavansa \u00e4\u00e4rimm\u00e4isen tarkkaa ruokavaliota. Suosikkiruoka oli kiinalainen hot pot, johon h\u00e4n kertoi dippaavansa punaista lihaa ja keitetty\u00e4 kananrintaa.<\/p>\n<p class=\"paragraph\">Wang voitti kahdeksan kertaa putkeen Kiinan mestaruuden kehonrakennuksessa. Vuonna 2022 h\u00e4n ylsi kansainv\u00e4liselle pro-tasolle.<\/p>\n<p class=\"paragraph\">Mediatietojen mukaan Wang kuoli syd\u00e4nongelmien seurauksena. Tieto otettiin vastaan j\u00e4rkyttyneen\u00e4 Kiinassa, koska viimeisimpien tietojen mukaan Wang voi hyvin.<\/p>\n<p class=\"paragraph\">Wang oli my\u00f6s avaamassa omaa saliaan Hefein kaupunkiin.<\/p>\n","protected":false},"excerpt":{"rendered":"Wang Kun niitti menestyst\u00e4 kotimaansa kisoissa. Kiinalainen mestarikehonrakentaja Wang Kun on kuollut. Kuvakaappaus: Instagram Kiinalainen kehonrakentaja Wang Kun,&hellip;\n","protected":false},"author":2,"featured_media":122623,"comment_status":"","ping_status":"","sticky":false,"template":"","format":"standard","meta":{"footnotes":""},"categories":[158],"tags":[35,722,33,31,30,41,900,2331,159,32,167,160],"class_list":{"0":"post-122622","1":"post","2":"type-post","3":"status-publish","4":"format-standard","5":"has-post-thumbnail","7":"category-urheilu","8":"tag-24h","9":"tag-amerikka","10":"tag-fi","11":"tag-finland","12":"tag-finnish","13":"tag-liikunta-ja-urheilu","14":"tag-ruoka","15":"tag-ruoka-ja-juoma","16":"tag-sports","17":"tag-suomi","18":"tag-terveys","19":"tag-urheilu"},"share_on_mastodon":{"url":"https:\/\/pubeurope.com\/@fi\/115759712164754814","error":""},"_links":{"self":[{"href":"https:\/\/www.europesays.com\/fi\/wp-json\/wp\/v2\/posts\/122622","targetHints":{"allow":["GET"]}}],"collection":[{"href":"https:\/\/www.europesays.com\/fi\/wp-json\/wp\/v2\/posts"}],"about":[{"href":"https:\/\/www.europesays.com\/fi\/wp-json\/wp\/v2\/types\/post"}],"author":[{"embeddable":true,"href":"https:\/\/www.europesays.com\/fi\/wp-json\/wp\/v2\/users\/2"}],"replies":[{"embeddable":true,"href":"https:\/\/www.europesays.com\/fi\/wp-json\/wp\/v2\/comments?post=122622"}],"version-history":[{"count":0,"href":"https:\/\/www.europesays.com\/fi\/wp-json\/wp\/v2\/posts\/122622\/revisions"}],"wp:featuredmedia":[{"embeddable":true,"href":"https:\/\/www.europesays.com\/fi\/wp-json\/wp\/v2\/media\/122623"}],"wp:attachment":[{"href":"https:\/\/www.europesays.com\/fi\/wp-json\/wp\/v2\/media?parent=122622"}],"wp:term":[{"taxonomy":"category","embeddable":true,"href":"https:\/\/www.europesays.com\/fi\/wp-json\/wp\/v2\/categories?post=122622"},{"taxonomy":"post_tag","embeddable":true,"href":"https:\/\/www.europesays.com\/fi\/wp-json\/wp\/v2\/tags?post=122622"}],"curies":[{"name":"wp","href":"https:\/\/api.w.org\/{rel}","templated":true}]}}