{"id":122624,"date":"2025-12-21T21:36:09","date_gmt":"2025-12-21T21:36:09","guid":{"rendered":"https:\/\/www.europesays.com\/fi\/122624\/"},"modified":"2025-12-21T21:36:09","modified_gmt":"2025-12-21T21:36:09","slug":"mikael-forssell-hammastelee-metti-vaimonsa-rohkeaa-asuvalintaa-katso-video","status":"publish","type":"post","link":"https:\/\/www.europesays.com\/fi\/122624\/","title":{"rendered":"Mikael Forssell h\u00e4mm\u00e4stelee Metti-vaimonsa rohkeaa asuvalintaa &#8211; katso video!"},"content":{"rendered":"<p>\n            20190117, Helsinki.Urheilu Gaala 2019.Vuoden 2018 suomalaisen urheilun ja liikunnan huippuhetki\u00e4 juhlitaan Urheilugaalassa Helsingin Hartwall Arenalla.Mikael ja Metti ForsellTimo Korhonen \/ All Over Press<br \/>\n            Timo Korhonen\n        <\/p>\n<p class=\"subtitle \">Mikael huolestui vaimonsa valinnasta.<\/p>\n<p class=\"article-content article-content-width !bg-background\">Ex-jalkapallot\u00e4hti , 44, sai hieraista silmi\u00e4\u00e4n, kun h\u00e4nen vaimonsa , 34, puki joulukuiselle illalliselle p\u00e4\u00e4lleen astetta paljastavamman asun.<\/p>\n<p class=\"font-weight-bold m-font-weight-bold article-content article-content-width !bg-background\">Katso my\u00f6s! Metti Forssell suivaantui paparazille:<\/p>\n<p class=\"article-content article-content-width !bg-background\">Mikaelin perjantaina (19.12.) julkaisemalla <a href=\"https:\/\/www.instagram.com\/mikaelforssell9\/\" target=\"_blank\" rel=\"nofollow noopener\">Instagram<\/a>-videolla Metti k\u00e4velee pitkin Helsingin katuja laittautuneena ja valmiina illalliselle. Mikaelin mielest\u00e4 h\u00e4nen vaimonsa n\u00e4ytti kuitenkin liikkuvan ilman housuja.<\/p>\n<p>&#8221;En ymm\u00e4rr\u00e4..&#8221;<\/p>\n<p class=\"article-content article-content-width !bg-background\">Mikaelin julkaisemalla videolla Metti k\u00e4velee tukka auki hulmuten kokomustissa: pitk\u00e4 takki, l\u00e4pikuultavat sukkahousut ja poolo yll\u00e4\u00e4n. Asun alaosan pituus j\u00e4\u00e4 Metill\u00e4 sen verran lyhyeksi, ett\u00e4 h\u00e4nen jalkansa paljastuvat pitk\u00e4lle yl\u00e4reisiin asti. Mikael ilmaisi luulleensa vaimonsa olevan menossa illalliselle ilman housuja.<\/p>\n<p>        <a itemprop=\"url\" href=\"https:\/\/www.seiska.fi\/kotimaa\/metti-forssellin-asuvalinta-coldplayn-keikalle-sai-yllattavan-kommentin-aviomiehelta-karsee\/1420132\" rel=\"nofollow noopener\" target=\"_blank\"><\/p>\n<p class=\"section-date\">\n        <strong class=\"article-section\" data-section=\"kotimaa\"><br \/>\n            kotimaa<br \/>\n        <\/strong><br \/>\n        30.7.2024 19:29\n    <\/p>\n<p>Metti Forssellin asuvalinta Coldplayn keikalle sai yll\u00e4tt\u00e4v\u00e4n kommentin aviomiehelt\u00e4 \u2013 &#8221;Karsee&#8221;\n    <\/p>\n<p itemprop=\"description\" class=\"subtitle \">\n    Mikael Forssell kertoi mielipiteens\u00e4 vaimonsa keikkavaatetuksesta.\n<\/p>\n<p>        <\/a><\/p>\n<p class=\"article-content article-content-width !bg-background\">\u2013 Kunhan mietin onko vaimoni menossa ilman housuja illalliselle..mutten halua mainita asiasta etten pilaa iltaa, Mikael letkauttaa julkaisussaan huvittuneen emojin kera.<\/p>\n<p class=\"article-content article-content-width !bg-background\">Mikael ei selv\u00e4stik\u00e4\u00e4n meinaa aina t\u00e4ysin pysy\u00e4 muotitietoisen Metti-vaimonsa vaatetrendien per\u00e4ss\u00e4.<\/p>\n<p class=\"article-content article-content-width !bg-background\">\u2013 Taas yksi &#8221;muoti-ilmaus&#8221; jota en ymm\u00e4rr\u00e4, Mikael lis\u00e4\u00e4.<\/p>\n<p class=\"article-content article-content-width !bg-background\">Mutta kuten Mikaelkin, ottivat julkaisun kommentoijat videon vastaan huumorilla.<\/p>\n<p>        <a itemprop=\"url\" href=\"https:\/\/www.seiska.fi\/kotimaa\/anna-karu-totuus-metti-forssellin-kotioloista\/1618352\" rel=\"nofollow noopener\" target=\"_blank\"><\/p>\n<p>\nAnna-lehti:\n<\/p>\n<p class=\"section-date\">\n        <strong class=\"article-section\" data-section=\"kotimaa\"><br \/>\n            kotimaa<br \/>\n        <\/strong><br \/>\n        19.2. 10:31\n    <\/p>\n<p>Anna: Karu totuus Metti Forssellin kotioloista!\n    <\/p>\n<p itemprop=\"description\" class=\"subtitle \">\n    Metti Forssell paljastaa Anna-lehdess\u00e4 totuuden siloiteltujen somekuviensa takaa.\n<\/p>\n<p>        <\/a><\/p>\n<p>Ter\u00e4sh\u00e4\u00e4t<\/p>\n<p class=\"article-content article-content-width !bg-background\">Vuonna 2014 avioituneet Metti ja Mikaeli juhlivat viime elokuussa jo 11. h\u00e4\u00e4p\u00e4iv\u00e4\u00e4ns\u00e4. Metti huomioi tuolloin merkkip\u00e4iv\u00e4n <a href=\"https:\/\/www.instagram.com\/mettiforssell\/\" target=\"_blank\" rel=\"nofollow noopener\">Instagram<\/a>-tilill\u00e4\u00e4n, jossa h\u00e4n julkaisi lauantaina (9.8.) hempe\u00e4n kuvan pariskunnasta.<\/p>\n<p class=\"article-content article-content-width !bg-background\">Kaksikolla on kotonaan yhteens\u00e4 kolme lasta: 9-vuotias -poika, sek\u00e4 kaksi tyt\u00e4rt\u00e4: , 11, ja , 3.<\/p>\n<p><script async src=\"\/\/www.instagram.com\/embed.js\"><\/script><\/p>\n","protected":false},"excerpt":{"rendered":"20190117, Helsinki.Urheilu Gaala 2019.Vuoden 2018 suomalaisen urheilun ja liikunnan huippuhetki\u00e4 juhlitaan Urheilugaalassa Helsingin Hartwall Arenalla.Mikael ja Metti ForsellTimo&hellip;\n","protected":false},"author":2,"featured_media":122625,"comment_status":"","ping_status":"","sticky":false,"template":"","format":"standard","meta":{"footnotes":""},"categories":[130],"tags":[137,33,31,30,104,212,14409,14407,106,32,109],"class_list":{"0":"post-122624","1":"post","2":"type-post","3":"status-publish","4":"format-standard","5":"has-post-thumbnail","7":"category-viihde","8":"tag-entertainment","9":"tag-fi","10":"tag-finland","11":"tag-finnish","12":"tag-helsinki","13":"tag-lifestyle","14":"tag-metti-forssell","15":"tag-mikael-forssell","16":"tag-muoti","17":"tag-suomi","18":"tag-viihde"},"share_on_mastodon":{"url":"https:\/\/pubeurope.com\/@fi\/115759715968667901","error":""},"_links":{"self":[{"href":"https:\/\/www.europesays.com\/fi\/wp-json\/wp\/v2\/posts\/122624","targetHints":{"allow":["GET"]}}],"collection":[{"href":"https:\/\/www.europesays.com\/fi\/wp-json\/wp\/v2\/posts"}],"about":[{"href":"https:\/\/www.europesays.com\/fi\/wp-json\/wp\/v2\/types\/post"}],"author":[{"embeddable":true,"href":"https:\/\/www.europesays.com\/fi\/wp-json\/wp\/v2\/users\/2"}],"replies":[{"embeddable":true,"href":"https:\/\/www.europesays.com\/fi\/wp-json\/wp\/v2\/comments?post=122624"}],"version-history":[{"count":0,"href":"https:\/\/www.europesays.com\/fi\/wp-json\/wp\/v2\/posts\/122624\/revisions"}],"wp:featuredmedia":[{"embeddable":true,"href":"https:\/\/www.europesays.com\/fi\/wp-json\/wp\/v2\/media\/122625"}],"wp:attachment":[{"href":"https:\/\/www.europesays.com\/fi\/wp-json\/wp\/v2\/media?parent=122624"}],"wp:term":[{"taxonomy":"category","embeddable":true,"href":"https:\/\/www.europesays.com\/fi\/wp-json\/wp\/v2\/categories?post=122624"},{"taxonomy":"post_tag","embeddable":true,"href":"https:\/\/www.europesays.com\/fi\/wp-json\/wp\/v2\/tags?post=122624"}],"curies":[{"name":"wp","href":"https:\/\/api.w.org\/{rel}","templated":true}]}}