{"id":122628,"date":"2025-12-21T21:39:09","date_gmt":"2025-12-21T21:39:09","guid":{"rendered":"https:\/\/www.europesays.com\/fi\/122628\/"},"modified":"2025-12-21T21:39:09","modified_gmt":"2025-12-21T21:39:09","slug":"virasto-sai-uudesta-sahkon-tehomaksusta-niin-paljon-palautetta-etta-esittely-viivastyi-2","status":"publish","type":"post","link":"https:\/\/www.europesays.com\/fi\/122628\/","title":{"rendered":"Virasto sai uudesta s\u00e4hk\u00f6n tehomaksusta niin paljon palautetta, ett\u00e4 esittely viiv\u00e4styi"},"content":{"rendered":"<p>S\u00e4hk\u00f6n tehomaksu on jo t\u00e4\u00e4ll\u00e4, mutta sen k\u00e4yt\u00e4nn\u00f6t hakevat uomiaan. Kysyimme asiantuntijalta, mit\u00e4 uudesta maksusta pit\u00e4\u00e4 tiet\u00e4\u00e4.<\/p>\n<p class=\"article-body mb-nof-24 px-nof-16\">Harmaita hiuksia omakotitaloasujille ja s\u00e4hk\u00f6autoilijoille aiheuttaneen s\u00e4hk\u00f6n tehomaksun toimintaperiaatteiden julkistus viiv\u00e4styy, kerrotaan Energiavirastosta.<\/p>\n<p class=\"article-body mb-nof-24 px-nof-16\">Energiaviraston s\u00e4hk\u00f6- ja maakaasuverkkojen johtava asiantuntija <a class=\"article-personlink\" href=\"https:\/\/www.kankaanpaanseutu.fi\/haku\/?query=Tiina%20Karppinen\" rel=\"nofollow noopener\" target=\"_blank\">Tiina Karppinen<\/a> sanoo, ett\u00e4 virasto on antamassa m\u00e4\u00e4r\u00e4yksen tehomaksuista tammikuussa.<\/p>\n","protected":false},"excerpt":{"rendered":"S\u00e4hk\u00f6n tehomaksu on jo t\u00e4\u00e4ll\u00e4, mutta sen k\u00e4yt\u00e4nn\u00f6t hakevat uomiaan. Kysyimme asiantuntijalta, mit\u00e4 uudesta maksusta pit\u00e4\u00e4 tiet\u00e4\u00e4. Harmaita&hellip;\n","protected":false},"author":2,"featured_media":122629,"comment_status":"","ping_status":"","sticky":false,"template":"","format":"standard","meta":{"footnotes":""},"categories":[76],"tags":[79,77,33,31,30,1510,32,78],"class_list":{"0":"post-122628","1":"post","2":"type-post","3":"status-publish","4":"format-standard","5":"has-post-thumbnail","7":"category-talous","8":"tag-business","9":"tag-economy","10":"tag-fi","11":"tag-finland","12":"tag-finnish","13":"tag-kankaanpaan-seutu","14":"tag-suomi","15":"tag-talous"},"share_on_mastodon":{"url":"https:\/\/pubeurope.com\/@fi\/115759727585945087","error":""},"_links":{"self":[{"href":"https:\/\/www.europesays.com\/fi\/wp-json\/wp\/v2\/posts\/122628","targetHints":{"allow":["GET"]}}],"collection":[{"href":"https:\/\/www.europesays.com\/fi\/wp-json\/wp\/v2\/posts"}],"about":[{"href":"https:\/\/www.europesays.com\/fi\/wp-json\/wp\/v2\/types\/post"}],"author":[{"embeddable":true,"href":"https:\/\/www.europesays.com\/fi\/wp-json\/wp\/v2\/users\/2"}],"replies":[{"embeddable":true,"href":"https:\/\/www.europesays.com\/fi\/wp-json\/wp\/v2\/comments?post=122628"}],"version-history":[{"count":0,"href":"https:\/\/www.europesays.com\/fi\/wp-json\/wp\/v2\/posts\/122628\/revisions"}],"wp:featuredmedia":[{"embeddable":true,"href":"https:\/\/www.europesays.com\/fi\/wp-json\/wp\/v2\/media\/122629"}],"wp:attachment":[{"href":"https:\/\/www.europesays.com\/fi\/wp-json\/wp\/v2\/media?parent=122628"}],"wp:term":[{"taxonomy":"category","embeddable":true,"href":"https:\/\/www.europesays.com\/fi\/wp-json\/wp\/v2\/categories?post=122628"},{"taxonomy":"post_tag","embeddable":true,"href":"https:\/\/www.europesays.com\/fi\/wp-json\/wp\/v2\/tags?post=122628"}],"curies":[{"name":"wp","href":"https:\/\/api.w.org\/{rel}","templated":true}]}}