{"id":122630,"date":"2025-12-21T21:40:15","date_gmt":"2025-12-21T21:40:15","guid":{"rendered":"https:\/\/www.europesays.com\/fi\/122630\/"},"modified":"2025-12-21T21:40:15","modified_gmt":"2025-12-21T21:40:15","slug":"yhdysvaltain-rannikkovartiosto-ajaa-takaa-tankkeria-venezuelan-rannikolla-uutisia-lyhyesti","status":"publish","type":"post","link":"https:\/\/www.europesays.com\/fi\/122630\/","title":{"rendered":"Yhdysvaltain rannikkovartiosto ajaa takaa tankkeria Venezuelan rannikolla | Uutisia lyhyesti"},"content":{"rendered":"<p class=\"aw-1gybjub aw-5vja16 kEtdKx kmuxyA yle__article__paragraph\">Kyseess\u00e4 on jo kolmas tankkeri, jonka Yhdysvallat valtaa parin viikon sis\u00e4ll\u00e4.<\/p>\n<p>17:58\u2022P\u00e4ivitetty 18:02<\/p>\n<p class=\"aw-1gybjub aw-1p7kakr kEtdKx cEmitX yle__article__paragraph\">Yhdysvaltain rannikkovartiosto aikoo vallata tankkialuksen l\u00e4hell\u00e4 Venezuelaa, kertovat viranomaisl\u00e4hteet uutistoimisto Reutersille.<\/p>\n<p class=\"aw-1gybjub aw-1p7kakr kEtdKx cEmitX yle__article__paragraph\">Alus on kansainv\u00e4lisill\u00e4 vesill\u00e4.<\/p>\n<p class=\"aw-1gybjub aw-1p7kakr kEtdKx cEmitX yle__article__paragraph\"><a class=\"aw-iao6s4 iHOxEa yle__article__link\" href=\"https:\/\/www.bloomberg.com\/news\/articles\/2025-12-21\/us-is-said-to-board-third-tanker-off-venezuela-as-tensions-mount?srnd=homepage-europe&amp;embedded-checkout=true\" role=\"link\" rel=\"nofollow noopener\" target=\"_blank\">Uutistoimisto Bloombergin<\/a> mukaan kyseess\u00e4 on Panamaan liputettu tankkialus Bella 1, joka on matkalla Venezuelaan hakemaan lastia.<\/p>\n<p class=\"aw-1gybjub aw-1p7kakr kEtdKx cEmitX yle__article__paragraph\">Er\u00e4\u00e4n Reutersin l\u00e4hteen mukaan Yhdysvallat on asettanut alukselle pakotteita.<\/p>\n<p class=\"aw-1gybjub aw-1p7kakr kEtdKx cEmitX yle__article__paragraph\">Kyseess\u00e4 on jo toinen tankkeri t\u00e4n\u00e4 viikonloppuna ja kolmas parin viikon sis\u00e4ll\u00e4, jotka Yhdysvallat valtaa Venezuelan l\u00e4hell\u00e4. Lauantaina vallattiin tankkialus Centuries ja 10. joulukuuta tankkeri Skipper.<\/p>\n<p class=\"aw-1gybjub aw-1p7kakr kEtdKx cEmitX yle__article__paragraph\">L\u00e4hde: Reuters<\/p>\n","protected":false},"excerpt":{"rendered":"Kyseess\u00e4 on jo kolmas tankkeri, jonka Yhdysvallat valtaa parin viikon sis\u00e4ll\u00e4. 17:58\u2022P\u00e4ivitetty 18:02 Yhdysvaltain rannikkovartiosto aikoo vallata tankkialuksen&hellip;\n","protected":false},"author":2,"featured_media":74,"comment_status":"","ping_status":"","sticky":false,"template":"","format":"standard","meta":{"footnotes":""},"categories":[14],"tags":[22,23,26,27,33,31,30,17,4258,24,25,28,29,9981,15,5913,18,21,20836,32,19,20,56,16,7605,59,60,61,619],"class_list":{"0":"post-122630","1":"post","2":"type-post","3":"status-publish","4":"format-standard","5":"has-post-thumbnail","7":"category-ulkomaat","8":"tag-breaking-news","9":"tag-breakingnews","10":"tag-featured-news","11":"tag-featurednews","12":"tag-fi","13":"tag-finland","14":"tag-finnish","15":"tag-headlines","16":"tag-konfliktit","17":"tag-latest-news","18":"tag-latestnews","19":"tag-main-news","20":"tag-mainnews","21":"tag-merivartiostot","22":"tag-news","23":"tag-oljy","24":"tag-otsikot","25":"tag-paauutiset","26":"tag-sailioalukset","27":"tag-suomi","28":"tag-top-stories","29":"tag-topstories","30":"tag-ulkomaat","31":"tag-uutiset","32":"tag-venezuela","33":"tag-world","34":"tag-world-news","35":"tag-worldnews","36":"tag-yhdysvallat"},"share_on_mastodon":{"url":"https:\/\/pubeurope.com\/@fi\/115759731540169773","error":""},"_links":{"self":[{"href":"https:\/\/www.europesays.com\/fi\/wp-json\/wp\/v2\/posts\/122630","targetHints":{"allow":["GET"]}}],"collection":[{"href":"https:\/\/www.europesays.com\/fi\/wp-json\/wp\/v2\/posts"}],"about":[{"href":"https:\/\/www.europesays.com\/fi\/wp-json\/wp\/v2\/types\/post"}],"author":[{"embeddable":true,"href":"https:\/\/www.europesays.com\/fi\/wp-json\/wp\/v2\/users\/2"}],"replies":[{"embeddable":true,"href":"https:\/\/www.europesays.com\/fi\/wp-json\/wp\/v2\/comments?post=122630"}],"version-history":[{"count":0,"href":"https:\/\/www.europesays.com\/fi\/wp-json\/wp\/v2\/posts\/122630\/revisions"}],"wp:featuredmedia":[{"embeddable":true,"href":"https:\/\/www.europesays.com\/fi\/wp-json\/wp\/v2\/media\/74"}],"wp:attachment":[{"href":"https:\/\/www.europesays.com\/fi\/wp-json\/wp\/v2\/media?parent=122630"}],"wp:term":[{"taxonomy":"category","embeddable":true,"href":"https:\/\/www.europesays.com\/fi\/wp-json\/wp\/v2\/categories?post=122630"},{"taxonomy":"post_tag","embeddable":true,"href":"https:\/\/www.europesays.com\/fi\/wp-json\/wp\/v2\/tags?post=122630"}],"curies":[{"name":"wp","href":"https:\/\/api.w.org\/{rel}","templated":true}]}}