{"id":122643,"date":"2025-12-21T22:06:12","date_gmt":"2025-12-21T22:06:12","guid":{"rendered":"https:\/\/www.europesays.com\/fi\/122643\/"},"modified":"2025-12-21T22:06:12","modified_gmt":"2025-12-21T22:06:12","slug":"tunnettu-muotilehti-julkaisi-jutun-asejatin-muotibrandista-suututti-lukijat-2","status":"publish","type":"post","link":"https:\/\/www.europesays.com\/fi\/122643\/","title":{"rendered":"Tunnettu muotilehti julkaisi jutun asej\u00e4tin muotibr\u00e4ndist\u00e4, suututti lukijat"},"content":{"rendered":"<p>The Business of Fashion k\u00e4sittelee jutussaan Lockheed Martin -aseyhti\u00f6n nime\u00e4 kantavaa muotibr\u00e4ndi\u00e4. Suomalaisen muotisuunnittelijan mukaan artikkeli oli riski.<\/p>\n<p>21.12. 14:46<\/p>\n<p>Lue tiivistelm\u00e4<\/p>\n<p class=\"article-body mb-nof-24 px-nof-16 sndp-summary-bullet-point-font\">Muotilehti The Business of Fashion julkaisi artikkelin Lockheed Martin -nimisest\u00e4 muotibr\u00e4ndist\u00e4, mik\u00e4 her\u00e4tti vihaa sosiaalisessa mediassa.<\/p>\n<p class=\"article-body mb-nof-24 px-nof-16 sndp-summary-bullet-point-font\">Lockheed Martin on maailman suurin asevalmistaja, ja korealainen muotitalo on ostanut lisenssin k\u00e4ytt\u00e4\u00e4 yhti\u00f6n nime\u00e4 vaatteissaan.<\/p>\n<p class=\"article-body mb-nof-24 px-nof-16 sndp-summary-bullet-point-font\">Muotisuunnittelija Miro H\u00e4m\u00e4l\u00e4isen mukaan artikkeli oli riski, sill\u00e4 muodin kuluttajat eiv\u00e4t halua mietti\u00e4 sotaa ostaessaan vaatteita.<\/p>\n<p class=\"article-body mb-nof-24 px-nof-16\">The Business of Fashion (BOF) -media julkaisi viikko sitten <a class=\"article-genericlink\" href=\"https:\/\/www.businessoffashion.com\/articles\/global-markets\/the-unlikely-rise-and-uncertain-future-of-lockheed-martin-streetwear\/\" rel=\"nofollow noopener\" target=\"_blank\">jutun<\/a>, joka kohahdutti sosiaalisessa mediassa.<\/p>\n<p class=\"article-body mb-nof-24 px-nof-16\">Otsikko kuului n\u00e4in: \u201dLockheed Martin Streetwearin odottamaton nousu ja ep\u00e4varma tulevaisuus\u201d. Lockheed Martin on maailman suurin asevalmistaja Yhdysvalloista.<\/p>\n<p class=\"article-body mb-nof-24 px-nof-16\">Muotimedia nosti artikkelin my\u00f6s <a class=\"article-genericlink\" href=\"https:\/\/www.instagram.com\/p\/DSKiW7IFqBl\/?utm_source=ig_web_copy_link&amp;igsh=MzRlODBiNWFlZA==\" rel=\"nofollow noopener\" target=\"_blank\">Instagram-sivuilleen<\/a>. Kommenttikent\u00e4ss\u00e4 se kohtasi vahvan vastustuksen.<\/p>\n<p class=\"article-body mb-nof-24 px-nof-16\">\u201dMiksi k\u00e4sittelemme t\u00e4t\u00e4 lol\u201d, yksi k\u00e4ytt\u00e4j\u00e4 kirjoitti.<\/p>\n<p class=\"article-body mb-nof-24 px-nof-16\">\u201dMinulle t\u00e4m\u00e4 n\u00e4ytt\u00e4\u00e4 silt\u00e4, ett\u00e4 kasuaalisti uudelleenbr\u00e4nd\u00e4t\u00e4\u00e4n aseet osaksi lifestyle-estetiikkaa\u201d, toinen sanoi.<\/p>\n<p class=\"article-body mb-nof-24 px-nof-16\">Lockheed Martin Apparel on korealaisen Doojin Yanghang -muotitalon haara. Muotitalo on ostanut Lockheed Martinin lisenssin, jotta se voi k\u00e4ytt\u00e4\u00e4 yhti\u00f6n nime\u00e4 ja logoa vaatteissaan. Br\u00e4ndinimen ensimm\u00e4inen mallisto julkaistiin Soulissa vuonna 2023.<\/p>\n<p class=\"article-body mb-nof-24 px-nof-16\">Lockheed Martin Apparel keskittyy retkeily- ja katumuotiin. Vaatteet ovat ulkon\u00e4\u00f6lt\u00e4\u00e4n ajankohtaisten trendien mukaisia. Yhteen mallistoon kuuluu harmaa t-paita, jossa on kuva F-35-h\u00e4vitt\u00e4j\u00e4st\u00e4. Israelin armeija on k\u00e4ytt\u00e4nyt kyseist\u00e4 h\u00e4vitt\u00e4j\u00e4\u00e4 Gazaan kohdistamissaan hy\u00f6kk\u00e4yksiss\u00e4.<\/p>\n<p class=\"article-body mb-nof-24 px-nof-16\">Paidassa lukee: \u201dF-35 vahvistaa kansallista turvallisuutta, parantaa globaaleja kumppanuuksia ja tehostaa taloudellista kasvua.\u201d<\/p>\n<p class=\"article-body mb-nof-24 px-nof-16\">Ranskalainen muotivaikuttaja <a class=\"article-personlink\" href=\"https:\/\/www.satakunnankansa.fi\/haku\/?query=Elias%20Mendini\" rel=\"nofollow noopener\" target=\"_blank\">Elias Mendini<\/a> nosti paidan tikunnokkaan ottaessaan kantaa BOF:in julkaisemaan juttuun <a class=\"article-genericlink\" href=\"https:\/\/www.tiktok.com\/@ly.as0\/video\/7584512568471915798?is_from_webapp=1&amp;sender_device=pc&amp;web_id=7582208473468175894\" rel=\"nofollow noopener\" target=\"_blank\">Tiktok-tilill\u00e4\u00e4n<\/a>.<\/p>\n<p class=\"article-body mb-nof-24 px-nof-16\">\u201dKun v\u00e4kivalta nousee br\u00e4ndiksi, se normalisoi sotateollisuutta hyv\u00e4ksym\u00e4ll\u00e4, mit\u00e4 se tekee.\u201d<\/p>\n<p class=\"article-body mb-nof-24 px-nof-16\">Muotisuunnittelija <a class=\"article-personlink\" href=\"https:\/\/www.satakunnankansa.fi\/haku\/?query=Miro%20H%C3%A4m%C3%A4l%C3%A4inen\" rel=\"nofollow noopener\" target=\"_blank\">Miro H\u00e4m\u00e4l\u00e4inen<\/a> kertoo ymm\u00e4rt\u00e4v\u00e4ns\u00e4 Business of Fashionin jutusta her\u00e4nneen suuttumuksen.<\/p>\n<p class=\"article-body mb-nof-24 px-nof-16\">\u201dSe [juttu] vaikuttaa v\u00e4h\u00e4n sensaatiohakuiselta\u201d, H\u00e4m\u00e4l\u00e4inen arvioi.<\/p>\n<p class=\"article-body mb-nof-24 px-nof-16\">H\u00e4m\u00e4l\u00e4isen mukaan Business of Fashion tekee usein juttuja suurista muotitaloista melko kritiikitt\u00e4.<\/p>\n<p class=\"article-body mb-nof-24 px-nof-16\">\u201dOn pieni riski nostaa tuollaista sotateollisuuden numero ykk\u00f6st\u00e4 mediassa.\u201d<\/p>\n<p class=\"article-body mb-nof-24 px-nof-16\">Muodin kuluttajat eiv\u00e4t yleisesti halua mietti\u00e4 sotaa ostaessaan vaatteita, H\u00e4m\u00e4l\u00e4inen ep\u00e4ilee. Sen takia h\u00e4nen mukaansa isot muotitalot ottavat harvoin kantaa mihink\u00e4\u00e4n.<\/p>\n<p class=\"article-body mb-nof-24 px-nof-16\">\u201dSota on muutenkin koko ajan tapetilla\u201d, muotisuunnittelija toteaa.<\/p>\n<p class=\"article-body mb-nof-24 px-nof-16\">The New York Times kirjoitti syksyll\u00e4 2023 <a class=\"article-genericlink\" href=\"https:\/\/www.nytimes.com\/2023\/09\/08\/style\/lockheed-martin-fashion.html\" rel=\"nofollow noopener\" target=\"_blank\">jutun<\/a>, jossa kerrottiin, ett\u00e4 Lockheed Martin Apparel on osa korealaista ilmi\u00f6t\u00e4, jossa ostetaan lisenssej\u00e4 tunnetuilta br\u00e4ndeilt\u00e4, jotka eiv\u00e4t liity muotiteollisuuteen. N\u00e4in on tehty muun muassa National Geographicille, Nasalle ja Kodakille.<\/p>\n<p class=\"article-body mb-nof-24 px-nof-16\">My\u00f6s vuonna 2023 br\u00e4ndiin kohdistui kritiikki\u00e4. Samaan aikaan se oli pinnalla synnyinkaupungissaan Soulissa.<\/p>\n<p><script async src=\"\/\/www.instagram.com\/embed.js\"><\/script><script async src=\"\/\/www.tiktok.com\/embed.js\"><\/script><\/p>\n","protected":false},"excerpt":{"rendered":"The Business of Fashion k\u00e4sittelee jutussaan Lockheed Martin -aseyhti\u00f6n nime\u00e4 kantavaa muotibr\u00e4ndi\u00e4. Suomalaisen muotisuunnittelijan mukaan artikkeli oli riski.&hellip;\n","protected":false},"author":2,"featured_media":122644,"comment_status":"","ping_status":"","sticky":false,"template":"","format":"standard","meta":{"footnotes":""},"categories":[14],"tags":[22,23,26,27,33,31,30,17,24,25,28,29,15,18,21,80,32,19,20,56,16,59,60,61],"class_list":{"0":"post-122643","1":"post","2":"type-post","3":"status-publish","4":"format-standard","5":"has-post-thumbnail","7":"category-ulkomaat","8":"tag-breaking-news","9":"tag-breakingnews","10":"tag-featured-news","11":"tag-featurednews","12":"tag-fi","13":"tag-finland","14":"tag-finnish","15":"tag-headlines","16":"tag-latest-news","17":"tag-latestnews","18":"tag-main-news","19":"tag-mainnews","20":"tag-news","21":"tag-otsikot","22":"tag-paauutiset","23":"tag-satakunnan-kansa","24":"tag-suomi","25":"tag-top-stories","26":"tag-topstories","27":"tag-ulkomaat","28":"tag-uutiset","29":"tag-world","30":"tag-world-news","31":"tag-worldnews"},"share_on_mastodon":{"url":"https:\/\/pubeurope.com\/@fi\/115759833754351826","error":""},"_links":{"self":[{"href":"https:\/\/www.europesays.com\/fi\/wp-json\/wp\/v2\/posts\/122643","targetHints":{"allow":["GET"]}}],"collection":[{"href":"https:\/\/www.europesays.com\/fi\/wp-json\/wp\/v2\/posts"}],"about":[{"href":"https:\/\/www.europesays.com\/fi\/wp-json\/wp\/v2\/types\/post"}],"author":[{"embeddable":true,"href":"https:\/\/www.europesays.com\/fi\/wp-json\/wp\/v2\/users\/2"}],"replies":[{"embeddable":true,"href":"https:\/\/www.europesays.com\/fi\/wp-json\/wp\/v2\/comments?post=122643"}],"version-history":[{"count":0,"href":"https:\/\/www.europesays.com\/fi\/wp-json\/wp\/v2\/posts\/122643\/revisions"}],"wp:featuredmedia":[{"embeddable":true,"href":"https:\/\/www.europesays.com\/fi\/wp-json\/wp\/v2\/media\/122644"}],"wp:attachment":[{"href":"https:\/\/www.europesays.com\/fi\/wp-json\/wp\/v2\/media?parent=122643"}],"wp:term":[{"taxonomy":"category","embeddable":true,"href":"https:\/\/www.europesays.com\/fi\/wp-json\/wp\/v2\/categories?post=122643"},{"taxonomy":"post_tag","embeddable":true,"href":"https:\/\/www.europesays.com\/fi\/wp-json\/wp\/v2\/tags?post=122643"}],"curies":[{"name":"wp","href":"https:\/\/api.w.org\/{rel}","templated":true}]}}