{"id":122649,"date":"2025-12-21T22:12:09","date_gmt":"2025-12-21T22:12:09","guid":{"rendered":"https:\/\/www.europesays.com\/fi\/122649\/"},"modified":"2025-12-21T22:12:09","modified_gmt":"2025-12-21T22:12:09","slug":"valoisa-aika-on-nyt-vahissa-talvipaivanseisauksen-jalkeen-valo-alkaa-vahitellen-lisaantya-uutissuomalainen","status":"publish","type":"post","link":"https:\/\/www.europesays.com\/fi\/122649\/","title":{"rendered":"Valoisa aika on nyt v\u00e4hiss\u00e4 \u2013 talvip\u00e4iv\u00e4nseisauksen j\u00e4lkeen valo alkaa v\u00e4hitellen lis\u00e4\u00e4nty\u00e4 | Uutissuomalainen"},"content":{"rendered":"<p>T\u00e4n\u00e4\u00e4n vietet\u00e4\u00e4n talvip\u00e4iv\u00e4nseisausta. Talvip\u00e4iv\u00e4nseisauksessa valoisa aika on lyhimmill\u00e4\u00e4n ja y\u00f6 pisimill\u00e4\u00e4n. Talvip\u00e4iv\u00e4nseisauksen j\u00e4lkeen p\u00e4iv\u00e4 alkaa hiljalleen pidenty\u00e4.<\/p>\n<p>Jouluaattona p\u00e4iv\u00e4 on Etel\u00e4-Suomessa melkein minuutin pidempi kuin talvip\u00e4iv\u00e4nseisauksessa. Oulun korkeudella valoa riitt\u00e4\u00e4 jo liki kaksi minuuttia enemm\u00e4n.<\/p>\n<p>Talvip\u00e4iv\u00e4nseisauksena pohjoinen pallonpuolisko on k\u00e4\u00e4ntyneen\u00e4 poisp\u00e4in auringosta. Pohjoisella pallonpuoliskolla valoisan ajan kesto on t\u00e4ll\u00f6in lyhimmill\u00e4\u00e4n, kun taas etel\u00e4isell\u00e4 p\u00e4iv\u00e4n kesto on suurimmillaan.<\/p>\n<p>Talvip\u00e4iv\u00e4nseisauksen aikana aurinko ei nouse lainkaan horisontin yl\u00e4puolelle napapiirin pohjoispuolella. T\u00e4t\u00e4 kutsutaan my\u00f6s kaamokseksi. Suomen pohjoisimmassa kyl\u00e4ss\u00e4 Nuorgamissa kaamosta kest\u00e4\u00e4 52 p\u00e4iv\u00e4\u00e4.<\/p>\n<p>P\u00e4iv\u00e4 ja y\u00f6 ovat viimein yht\u00e4 pitki\u00e4 kev\u00e4tp\u00e4iv\u00e4n seisauksessa 20. maaliskuuta.<\/p>\n","protected":false},"excerpt":{"rendered":"T\u00e4n\u00e4\u00e4n vietet\u00e4\u00e4n talvip\u00e4iv\u00e4nseisausta. Talvip\u00e4iv\u00e4nseisauksessa valoisa aika on lyhimmill\u00e4\u00e4n ja y\u00f6 pisimill\u00e4\u00e4n. Talvip\u00e4iv\u00e4nseisauksen j\u00e4lkeen p\u00e4iv\u00e4 alkaa hiljalleen pidenty\u00e4. Jouluaattona&hellip;\n","protected":false},"author":2,"featured_media":122650,"comment_status":"","ping_status":"","sticky":false,"template":"","format":"standard","meta":{"footnotes":""},"categories":[114],"tags":[453,2110,33,31,30,5856,3674,14442,713,952,710,118,452,32,119],"class_list":{"0":"post-122649","1":"post","2":"type-post","3":"status-publish","4":"format-standard","5":"has-post-thumbnail","7":"category-avaruus","8":"tag-avaruus","9":"tag-elamantapa-ja-vapaa-aika","10":"tag-fi","11":"tag-finland","12":"tag-finnish","13":"tag-joulu","14":"tag-juhla-ja-vapaapaivat","15":"tag-kansalliset-ja-kansainvaliset-juhlapaivat","16":"tag-lampotila-saa","17":"tag-oulu","18":"tag-saa","19":"tag-science","20":"tag-space","21":"tag-suomi","22":"tag-tiede"},"share_on_mastodon":{"url":"https:\/\/pubeurope.com\/@fi\/115759857250628692","error":""},"_links":{"self":[{"href":"https:\/\/www.europesays.com\/fi\/wp-json\/wp\/v2\/posts\/122649","targetHints":{"allow":["GET"]}}],"collection":[{"href":"https:\/\/www.europesays.com\/fi\/wp-json\/wp\/v2\/posts"}],"about":[{"href":"https:\/\/www.europesays.com\/fi\/wp-json\/wp\/v2\/types\/post"}],"author":[{"embeddable":true,"href":"https:\/\/www.europesays.com\/fi\/wp-json\/wp\/v2\/users\/2"}],"replies":[{"embeddable":true,"href":"https:\/\/www.europesays.com\/fi\/wp-json\/wp\/v2\/comments?post=122649"}],"version-history":[{"count":0,"href":"https:\/\/www.europesays.com\/fi\/wp-json\/wp\/v2\/posts\/122649\/revisions"}],"wp:featuredmedia":[{"embeddable":true,"href":"https:\/\/www.europesays.com\/fi\/wp-json\/wp\/v2\/media\/122650"}],"wp:attachment":[{"href":"https:\/\/www.europesays.com\/fi\/wp-json\/wp\/v2\/media?parent=122649"}],"wp:term":[{"taxonomy":"category","embeddable":true,"href":"https:\/\/www.europesays.com\/fi\/wp-json\/wp\/v2\/categories?post=122649"},{"taxonomy":"post_tag","embeddable":true,"href":"https:\/\/www.europesays.com\/fi\/wp-json\/wp\/v2\/tags?post=122649"}],"curies":[{"name":"wp","href":"https:\/\/api.w.org\/{rel}","templated":true}]}}