{"id":122651,"date":"2025-12-21T22:20:13","date_gmt":"2025-12-21T22:20:13","guid":{"rendered":"https:\/\/www.europesays.com\/fi\/122651\/"},"modified":"2025-12-21T22:20:13","modified_gmt":"2025-12-21T22:20:13","slug":"sofia-belorfin-yllattavat-yolliset-puuhat-nyrkkeilya-ja-luksuslaukkuja","status":"publish","type":"post","link":"https:\/\/www.europesays.com\/fi\/122651\/","title":{"rendered":"Sofia Bel\u00f3rfin yll\u00e4tt\u00e4v\u00e4t y\u00f6lliset puuhat: Nyrkkeily\u00e4 ja luksuslaukkuja"},"content":{"rendered":"<p>            Atte Kajova\n        <\/p>\n<p class=\"subtitle \">Kohukaunottaren ep\u00e4tavallinen toiminta her\u00e4tt\u00e4\u00e4 huomiota, ja erityisesti yksi \u00e4llistytt\u00e4v\u00e4 yksityiskohta pist\u00e4\u00e4 silm\u00e4\u00e4n.<\/p>\n<p class=\"article-content article-content-width !bg-background\">Kohukaunotar , 35, h\u00e4mm\u00e4stytt\u00e4\u00e4 erikoisella puuhallaan keskell\u00e4 y\u00f6t\u00e4.<\/p>\n<p class=\"font-weight-bold m-font-weight-bold article-content article-content-width !bg-background\">Video: Tiktalkissa Ninni Rebecca.<\/p>\n<p class=\"article-content article-content-width !bg-background\">Siin\u00e4 miss\u00e4 tavan tallaajat vetelev\u00e4t hirsi\u00e4 aamuy\u00f6n tunteina, Sofia nauttii yll\u00e4tt\u00e4v\u00e4st\u00e4 harrastuksesta.<\/p>\n<p class=\"article-content article-content-width !bg-background\">Seurapiirijulkkis on kuvannut <a href=\"https:\/\/www.instagram.com\/stories\/sofiabelorf\/3792012156389803830\/\" target=\"_blank\" rel=\"nofollow noopener\">Instagram-tarinaansa videota<\/a> nyrkkeilyottelua Dubaista.<\/p>\n<p class=\"article-content article-content-width !bg-background\">Kyseisess\u00e4 Misfits Mania -tapahtumassa oli 11 matsia, ja toisiaan vastaan ovat mittel\u00f6ineet muun muassa\u00a0\u00a0ja\u00a0.\u00a0<\/p>\n<p class=\"article-content article-content-width !bg-background\">Tapahtuma j\u00e4rjestettiin lauantaina 20. joulukuuta\u00a0Dubai Duty Free Tennis Stadiumilla.<\/p>\n<p>\u00c4llistytt\u00e4v\u00e4 yksityiskohta<\/p>\n<p class=\"article-content article-content-width !bg-background\">Sofia on ollut tarinansa perusteella innosta piukeana. H\u00e4n on napannut vessasta kuvan, jossa irvist\u00e4\u00e4 silm\u00e4t l\u00e4hes ummessa, kieli suupielt\u00e4\u00e4n hipoen.<\/p>\n<p class=\"article-content article-content-width !bg-background\">Kaunottaren k\u00e4sivarrella lep\u00e4\u00e4 j\u00e4rkytt\u00e4v\u00e4n kallis musta luksusveska,\u00a0Herm\u00e8s Birkin 25 -laukku.<\/p>\n<p>        <a itemprop=\"url\" href=\"https:\/\/www.seiska.fi\/kotimaa\/ohhoh-sofia-belorf-toipuu-koettelemuksestaan-tyylilla\/2007815\" rel=\"nofollow noopener\" target=\"_blank\"><\/p>\n<p>\nOhhoh!\n<\/p>\n<p class=\"section-date\">\n        <strong class=\"article-section\" data-section=\"kotimaa\"><br \/>\n            kotimaa<br \/>\n        <\/strong><br \/>\n        1.12. 10:02\n    <\/p>\n<p>Ohhoh! Sofia Bel\u00f3rf toipuu koettelemuksestaan tyylill\u00e4\n    <\/p>\n<p itemprop=\"description\" class=\"subtitle \">\n    Sofialla on takanaan raskas muutto uuteen kotiin Dubaissa.\n<\/p>\n<p>        <\/a><\/p>\n<p>                <img decoding=\"async\" src=\"https:\/\/www.europesays.com\/fi\/wp-content\/uploads\/2025\/12\/2007820.webp\" width=\"576\" height=\"360\" alt=\"Sofian \u00f6iset puuhat h\u00e4mm\u00e4stytt\u00e4v\u00e4t, sill\u00e4 aivan jokainen meist\u00e4 ei seuraa joulun alla nyrkkeily\u00e4 keskell\u00e4 y\u00f6t\u00e4.\" loading=\"lazy\" \/>            <\/p>\n<p>\n            Sofian \u00f6iset puuhat h\u00e4mm\u00e4stytt\u00e4v\u00e4t, sill\u00e4 aivan jokainen meist\u00e4 ei seuraa joulun alla nyrkkeily\u00e4 keskell\u00e4 y\u00f6t\u00e4.<br \/>\n            Joni Soila\n        <\/p>\n<p>N\u00e4in y\u00f6 sujui<\/p>\n<p class=\"article-content article-content-width !bg-background\">Seuraavassa tarinassaan Sofia seuraa alkavaa nyrkkeilymatsia ja yleis\u00f6n mylvint\u00e4\u00e4.<\/p>\n<p class=\"article-content article-content-width !bg-background\"><a href=\"https:\/\/www.instagram.com\/stories\/sofiabelorf\/3792106963631404427\/\" target=\"_blank\" rel=\"nofollow noopener\">Samalla h\u00e4n on kuvannut <\/a>lavalla pullistelevaa, naisvihamielisyydest\u00e4\u00e4n tunnettua vaikuttajaa Andrew Tatea.<\/p>\n<p class=\"article-content article-content-width !bg-background\">\u2013 Todella mielenkiintoinen aika katsoa nyrkkeily\u00e4&#8230; Sofia ihmettelee itsekin tarinassaan ja on liitt\u00e4nyt sen oheen kellonajan.<\/p>\n<p class=\"article-content article-content-width !bg-background\">Tarina on kuvattu aamuy\u00f6ll\u00e4 kello kolmen pintaan.<\/p>\n<p class=\"article-content article-content-width !bg-background\">Sofia asustelee nyt Dubaissa ja on aiemmin paljastanut tarinassaan, ett\u00e4 odottaa <a href=\"https:\/\/www.seiska.fi\/kotimaa\/nyt-jysahti-sofia-belorfin-uusi-okykoti-paljastui-nain-leveasti-han-asuu\/1966604\" target=\"_blank\" rel=\"nofollow noopener\">muuttavansa uuteen hulppeaan pilvenpiirt\u00e4j\u00e4asuntoon<\/a> amerikkalaisen rillimiljon\u00e4\u00e4rikultansa kanssa.<\/p>\n<p>        <a itemprop=\"url\" href=\"https:\/\/www.seiska.fi\/ruoka\/sofia-belorf-tekee-paljastuksen-arkiruokailustaan\/2027068\" rel=\"nofollow noopener\" target=\"_blank\"><\/p>\n<p>\nSofia Bel\u00f3rf\n<\/p>\n<p class=\"section-date\">\n        <strong class=\"article-section\" data-section=\"ruoka\"><br \/>\n            ruoka<br \/>\n        <\/strong><br \/>\n        20.12. 14:30\n    <\/p>\n<p>Sofia Bel\u00f3rf tekee paljastuksen arkiruokailustaan\n    <\/p>\n<p itemprop=\"description\" class=\"subtitle \">\n    Sofian ohjeesta voi olla hy\u00f6ty\u00e4 niin ennen joulua kuin sen j\u00e4lkeenkin.\n<\/p>\n<p>        <\/a><\/p>\n<p><script async src=\"\/\/www.instagram.com\/embed.js\"><\/script><\/p>\n","protected":false},"excerpt":{"rendered":"Atte Kajova Kohukaunottaren ep\u00e4tavallinen toiminta her\u00e4tt\u00e4\u00e4 huomiota, ja erityisesti yksi \u00e4llistytt\u00e4v\u00e4 yksityiskohta pist\u00e4\u00e4 silm\u00e4\u00e4n. Kohukaunotar , 35, h\u00e4mm\u00e4stytt\u00e4\u00e4&hellip;\n","protected":false},"author":2,"featured_media":122652,"comment_status":"","ping_status":"","sticky":false,"template":"","format":"standard","meta":{"footnotes":""},"categories":[136],"tags":[22024,407,6828,137,33,31,30,10080,408,3270,2758,32,109],"class_list":{"0":"post-122651","1":"post","2":"type-post","3":"status-publish","4":"format-standard","5":"has-post-thumbnail","7":"category-julkkikset","8":"tag-andrew-tate","9":"tag-celebrities","10":"tag-dubai","11":"tag-entertainment","12":"tag-fi","13":"tag-finland","14":"tag-finnish","15":"tag-hermes-birkin","16":"tag-julkkikset","17":"tag-nyrkkeily","18":"tag-sofia-belorf","19":"tag-suomi","20":"tag-viihde"},"share_on_mastodon":{"url":"https:\/\/pubeurope.com\/@fi\/115759888877590559","error":""},"_links":{"self":[{"href":"https:\/\/www.europesays.com\/fi\/wp-json\/wp\/v2\/posts\/122651","targetHints":{"allow":["GET"]}}],"collection":[{"href":"https:\/\/www.europesays.com\/fi\/wp-json\/wp\/v2\/posts"}],"about":[{"href":"https:\/\/www.europesays.com\/fi\/wp-json\/wp\/v2\/types\/post"}],"author":[{"embeddable":true,"href":"https:\/\/www.europesays.com\/fi\/wp-json\/wp\/v2\/users\/2"}],"replies":[{"embeddable":true,"href":"https:\/\/www.europesays.com\/fi\/wp-json\/wp\/v2\/comments?post=122651"}],"version-history":[{"count":0,"href":"https:\/\/www.europesays.com\/fi\/wp-json\/wp\/v2\/posts\/122651\/revisions"}],"wp:featuredmedia":[{"embeddable":true,"href":"https:\/\/www.europesays.com\/fi\/wp-json\/wp\/v2\/media\/122652"}],"wp:attachment":[{"href":"https:\/\/www.europesays.com\/fi\/wp-json\/wp\/v2\/media?parent=122651"}],"wp:term":[{"taxonomy":"category","embeddable":true,"href":"https:\/\/www.europesays.com\/fi\/wp-json\/wp\/v2\/categories?post=122651"},{"taxonomy":"post_tag","embeddable":true,"href":"https:\/\/www.europesays.com\/fi\/wp-json\/wp\/v2\/tags?post=122651"}],"curies":[{"name":"wp","href":"https:\/\/api.w.org\/{rel}","templated":true}]}}