{"id":122659,"date":"2025-12-21T22:33:09","date_gmt":"2025-12-21T22:33:09","guid":{"rendered":"https:\/\/www.europesays.com\/fi\/122659\/"},"modified":"2025-12-21T22:33:09","modified_gmt":"2025-12-21T22:33:09","slug":"joululoman-vaikutus-huomisesta-alkaen-vahemman-bussiliikennetta-katso-bussit-jotka-eivat-liiku-ollenkaan-paikalliset","status":"publish","type":"post","link":"https:\/\/www.europesays.com\/fi\/122659\/","title":{"rendered":"Joululoman vaikutus: huomisesta alkaen v\u00e4hemm\u00e4n bussiliikennett\u00e4 \u2013 Katso bussit, jotka eiv\u00e4t liiku ollenkaan | Paikalliset"},"content":{"rendered":"<p>Tampereen seudun joukkoliikenne Nysse v\u00e4hent\u00e4\u00e4 joukkoliikennett\u00e4 s\u00e4\u00e4st\u00f6syist\u00e4 joulun loma-ajaksi 22.12.2025\u20136.1.2026. Koululaisten ja opiskelijoiden kulkemiseen tarkoitetut linjat ovat tauolla. Viikonloppuisin on normaali palvelu.<\/p>\n<p>Koska joulun ajan liikenteess\u00e4 on runsaasti muutoksia juhlapyhien ja liikenteen supistamisen vuoksi, aikataulut kannattaa tarkastaa etuk\u00e4teen Nyssen palveluista.<\/p>\n<p>Vuoroja on loma-aikana tavallista v\u00e4hemm\u00e4n arkip\u00e4ivin\u00e4 linjoilla 1\u201326, 29, 30, 32, 34, 36, 40, 42, 48, 50, 55, 60, 70, 71, 73, 74, 79B, 80, 81, 82, 84, 85, 90X, 95 ja 97.<\/p>\n<p>Seuraavat bussit eiv\u00e4t liikenn\u00f6i 22.12.2025\u20136.1.2026: linjat 27, 28, 31, 31, 33, 34 (Tesoma\u2013Lielahti), 35, 39, 41, 43U, 44, 46, 47, 48A, 48B, 48C, 48D, 49, 52, 55 (Narva\u2013Vesilahti), 56, 57, 59, 63, 63, 66, 67 (osa vuoroista), 69U (osa vuoroista), 70 (koulup\u00e4ivien lis\u00e4vuorot), 72, 76, 77, 77X, 78, 78X, 79A, 85 (koulup\u00e4ivien lis\u00e4vuorot), 86, 86X, 87U, 90 (Eerolansuora\/Aitolahdentie), 91, 92, 93, 96. Viikonloppuisin on normaali palvelu.<\/p>\n<p><a href=\"https:\/\/www.nysse.fi\/aikataulut-ja-reitit.html?state=\/fi\/SYKSY3_2025\/lines\" rel=\"nofollow noopener\" target=\"_blank\">Joulunajan tarkat aikataulut l\u00f6ytyv\u00e4t Nyssen reittioppaasta ja aikataulupalvelusta. <\/a><\/p>\n","protected":false},"excerpt":{"rendered":"Tampereen seudun joukkoliikenne Nysse v\u00e4hent\u00e4\u00e4 joukkoliikennett\u00e4 s\u00e4\u00e4st\u00f6syist\u00e4 joulun loma-ajaksi 22.12.2025\u20136.1.2026. Koululaisten ja opiskelijoiden kulkemiseen tarkoitetut linjat ovat tauolla.&hellip;\n","protected":false},"author":2,"featured_media":122660,"comment_status":"","ping_status":"","sticky":false,"template":"","format":"standard","meta":{"footnotes":""},"categories":[12],"tags":[22,23,26,27,33,31,30,17,5856,2887,24,25,121,28,29,953,15,18,21,32,551,712,19,20,16,19847],"class_list":{"0":"post-122659","1":"post","2":"type-post","3":"status-publish","4":"format-standard","5":"has-post-thumbnail","7":"category-suomi","8":"tag-breaking-news","9":"tag-breakingnews","10":"tag-featured-news","11":"tag-featurednews","12":"tag-fi","13":"tag-finland","14":"tag-finnish","15":"tag-headlines","16":"tag-joulu","17":"tag-julkinen-liikenne","18":"tag-latest-news","19":"tag-latestnews","20":"tag-liikenne-ja-kuljetus","21":"tag-main-news","22":"tag-mainnews","23":"tag-matkustajaliikenne","24":"tag-news","25":"tag-otsikot","26":"tag-paauutiset","27":"tag-suomi","28":"tag-tampere","29":"tag-tampereen-seutukunta","30":"tag-top-stories","31":"tag-topstories","32":"tag-uutiset","33":"tag-vesilahti"},"share_on_mastodon":{"url":"https:\/\/pubeurope.com\/@fi\/115759940015136059","error":""},"_links":{"self":[{"href":"https:\/\/www.europesays.com\/fi\/wp-json\/wp\/v2\/posts\/122659","targetHints":{"allow":["GET"]}}],"collection":[{"href":"https:\/\/www.europesays.com\/fi\/wp-json\/wp\/v2\/posts"}],"about":[{"href":"https:\/\/www.europesays.com\/fi\/wp-json\/wp\/v2\/types\/post"}],"author":[{"embeddable":true,"href":"https:\/\/www.europesays.com\/fi\/wp-json\/wp\/v2\/users\/2"}],"replies":[{"embeddable":true,"href":"https:\/\/www.europesays.com\/fi\/wp-json\/wp\/v2\/comments?post=122659"}],"version-history":[{"count":0,"href":"https:\/\/www.europesays.com\/fi\/wp-json\/wp\/v2\/posts\/122659\/revisions"}],"wp:featuredmedia":[{"embeddable":true,"href":"https:\/\/www.europesays.com\/fi\/wp-json\/wp\/v2\/media\/122660"}],"wp:attachment":[{"href":"https:\/\/www.europesays.com\/fi\/wp-json\/wp\/v2\/media?parent=122659"}],"wp:term":[{"taxonomy":"category","embeddable":true,"href":"https:\/\/www.europesays.com\/fi\/wp-json\/wp\/v2\/categories?post=122659"},{"taxonomy":"post_tag","embeddable":true,"href":"https:\/\/www.europesays.com\/fi\/wp-json\/wp\/v2\/tags?post=122659"}],"curies":[{"name":"wp","href":"https:\/\/api.w.org\/{rel}","templated":true}]}}