{"id":122662,"date":"2025-12-21T22:53:08","date_gmt":"2025-12-21T22:53:08","guid":{"rendered":"https:\/\/www.europesays.com\/fi\/122662\/"},"modified":"2025-12-21T22:53:08","modified_gmt":"2025-12-21T22:53:08","slug":"joe-cullen-syyttaa-mensur-suljovicia-huijaamisesta","status":"publish","type":"post","link":"https:\/\/www.europesays.com\/fi\/122662\/","title":{"rendered":"Joe Cullen syytt\u00e4\u00e4 Mensur Suljovicia huijaamisesta"},"content":{"rendered":"<p><strong class=\"typography-bold\">Englantilainen dartsin pelaaja Joe Cullen laukoi kovia syyt\u00f6ksi\u00e4 h\u00e4net MM-kisoissa ly\u00f6neen Mensur Suljovicin suuntaan.<\/strong><\/p>\n<p>Suljovic pudotti Cullenin jatkosta erin 3\u20131. Ottelun j\u00e4lkeen alkoi kuitenkin kuohua.\u00a0<\/p>\n<p>Cullenin mielest\u00e4 Suljovic pelasi tahallaan hitaasti yritt\u00e4en n\u00e4in provosoida vastustajaansa. Maailmanlistalla sijalla 32 oleva Cullen laukoi tyly\u00e4 teksti\u00e4 Suljovicin suuntaan ottelun j\u00e4lkeen X-tilill\u00e4\u00e4n.<\/p>\n<p>\u2013 Jos tuo on dartsia, en halua olla osana sit\u00e4. Olen aina pit\u00e4nyt Mensurista, mutta tuo oli kaikkien n\u00e4ht\u00e4vill\u00e4. En usko, ett\u00e4 olen ainoa, joka tuntee n\u00e4in. Joku sanoisi, ett\u00e4 tuo kuuluu peliin, mutta sanotte mit\u00e4 sanotte \u2013 se on huijaamista. Tuo ei ole dartsia, Cullen tylytt\u00e4\u00e4 X-tilill\u00e4\u00e4n.<\/p>\n<p>Suljovic itse suhtautui syyt\u00f6ksiin tyynesti.<\/p>\n<p>\u2013 En ikin\u00e4 tekisi n\u00e4in provosoidakseni vastustajaa. Teen niin vain oman pelini takia. Olen pahoillani Joe, en ikin\u00e4 tekisi niin, Suljovic sanoo <a class=\"underline\" data-testid=\"external-link\" href=\"https:\/\/www.bbc.com\/sport\/darts\/articles\/cgmndd0xy0po\" rel=\"noopener noreferrer nofollow\" target=\"_blank\" data-sentry-component=\"ExternalLink\" data-sentry-source-file=\"ExternalLink.tsx\">BBC:n mukaan<\/a>.<\/p>\n<p>BBC:n mukaan Darts-j\u00e4rjest\u00f6 PDC:n s\u00e4\u00e4nn\u00f6t eiv\u00e4t kiell\u00e4 hitaasti pelaamista, mutta tahallaan hidastelua pidet\u00e4\u00e4n laajalti ep\u00e4urheilijamaisena k\u00e4yt\u00f6ksen\u00e4.<\/p>\n<p>Suljovic kohtaa seuraavalla kierroksella voittajan <strong class=\"typography-bold\">Luke Littlerin<\/strong> ja <strong class=\"typography-bold\">David Daviesin<\/strong> v\u00e4lisest\u00e4 ottelusta.<\/p>\n","protected":false},"excerpt":{"rendered":"Englantilainen dartsin pelaaja Joe Cullen laukoi kovia syyt\u00f6ksi\u00e4 h\u00e4net MM-kisoissa ly\u00f6neen Mensur Suljovicin suuntaan. Suljovic pudotti Cullenin jatkosta&hellip;\n","protected":false},"author":2,"featured_media":122663,"comment_status":"","ping_status":"","sticky":false,"template":"","format":"standard","meta":{"footnotes":""},"categories":[158],"tags":[33,31,30,159,32,160],"class_list":{"0":"post-122662","1":"post","2":"type-post","3":"status-publish","4":"format-standard","5":"has-post-thumbnail","7":"category-urheilu","8":"tag-fi","9":"tag-finland","10":"tag-finnish","11":"tag-sports","12":"tag-suomi","13":"tag-urheilu"},"share_on_mastodon":{"url":"https:\/\/pubeurope.com\/@fi\/115760018631941090","error":""},"_links":{"self":[{"href":"https:\/\/www.europesays.com\/fi\/wp-json\/wp\/v2\/posts\/122662","targetHints":{"allow":["GET"]}}],"collection":[{"href":"https:\/\/www.europesays.com\/fi\/wp-json\/wp\/v2\/posts"}],"about":[{"href":"https:\/\/www.europesays.com\/fi\/wp-json\/wp\/v2\/types\/post"}],"author":[{"embeddable":true,"href":"https:\/\/www.europesays.com\/fi\/wp-json\/wp\/v2\/users\/2"}],"replies":[{"embeddable":true,"href":"https:\/\/www.europesays.com\/fi\/wp-json\/wp\/v2\/comments?post=122662"}],"version-history":[{"count":0,"href":"https:\/\/www.europesays.com\/fi\/wp-json\/wp\/v2\/posts\/122662\/revisions"}],"wp:featuredmedia":[{"embeddable":true,"href":"https:\/\/www.europesays.com\/fi\/wp-json\/wp\/v2\/media\/122663"}],"wp:attachment":[{"href":"https:\/\/www.europesays.com\/fi\/wp-json\/wp\/v2\/media?parent=122662"}],"wp:term":[{"taxonomy":"category","embeddable":true,"href":"https:\/\/www.europesays.com\/fi\/wp-json\/wp\/v2\/categories?post=122662"},{"taxonomy":"post_tag","embeddable":true,"href":"https:\/\/www.europesays.com\/fi\/wp-json\/wp\/v2\/tags?post=122662"}],"curies":[{"name":"wp","href":"https:\/\/api.w.org\/{rel}","templated":true}]}}