{"id":122664,"date":"2025-12-21T22:54:08","date_gmt":"2025-12-21T22:54:08","guid":{"rendered":"https:\/\/www.europesays.com\/fi\/122664\/"},"modified":"2025-12-21T22:54:08","modified_gmt":"2025-12-21T22:54:08","slug":"axel-kalan-aiemmin-ennakkoon-youtubessa-julkaistu-kappale-on-kuunneltavissa-nyt-myos-spotifysta","status":"publish","type":"post","link":"https:\/\/www.europesays.com\/fi\/122664\/","title":{"rendered":"Axel Kalan aiemmin ennakkoon YouTubessa julkaistu kappale on kuunneltavissa nyt my\u00f6s Spotifysta"},"content":{"rendered":"<p>Arvostetusta <strong>KPC<\/strong>-kollektiivistakin tuttu <strong>Axel Kala<\/strong> on julkaissut uuden singlen.<\/p>\n<p>Perjantaina ilmestynyt Ikuista on vaikeiden aikojen ja itsens\u00e4 ylitt\u00e4misest\u00e4 kertova kappale, ja se p\u00e4\u00e4tt\u00e4\u00e4 yhden musiikillisen aikakauden artistin el\u00e4m\u00e4ss\u00e4. Biisi julkaistiin aiemmin t\u00e4n\u00e4 vuonna ennakkoon <a href=\"https:\/\/youtu.be\/DiwPzq-yLSU?list=RDDiwPzq-yLSU\" rel=\"nofollow noopener\" target=\"_blank\">YouTubessa<\/a>, ja nyt siit\u00e4 p\u00e4\u00e4st\u00e4\u00e4n nauttimaan my\u00f6s Spotifyn ja muiden suoratoistopalveluiden kautta. Mukana julkaisun lopussa kuullaan my\u00f6s pieni pala artistin vuoden 2026 avaavasta singlest\u00e4.<\/p>\n<p>Lue my\u00f6s: <a href=\"https:\/\/www.rumba.fi\/uutiset\/axel-kalan-uusi-single-avaa-polun-kohti-seuraavaa-albumia-mukana-kuullaan-dj-ibusal\/\" title=\"Axel Kalan uusi single avaa polun kohti seuraavaa albumia \u2013 mukana kuullaan DJ Ibusal\" class=\"underline-custom !font-montserrat !font-bold !underline-offset-4 !decoration-4 !decoration-tilt-light !text-md\" rel=\"nofollow noopener\" target=\"_blank\">Axel Kalan uusi single avaa polun kohti seuraavaa albumia \u2013 mukana kuullaan DJ Ibusal<\/a><\/p>\n<p>Aiemmin t\u00e4n\u00e4 vuonna artistilta kuultiin my\u00f6s <strong>DJ Ibusalin<\/strong> fiittaama Sis\u00e4\u00e4n-kappale sek\u00e4 <strong>Lyt\u00e4n<\/strong> ja <strong>Tohtori Geton<\/strong> kanssa tehty Huudeil fame. Ikuista-kappaleen voi ottaa kuunteluun alta.<\/p>\n<p>Lue my\u00f6s: <a href=\"https:\/\/www.rumba.fi\/uutiskirje\/\" title=\"Tilaa Rumban uutiskirje\" class=\"underline-custom !font-montserrat !font-bold !underline-offset-4 !decoration-4 !decoration-red-600 !text-md\" rel=\"nofollow noopener\" target=\"_blank\">Tilaa Rumban uutiskirje ja tied\u00e4t mist\u00e4 kahvitauolla puhutaan! Nappaa ajankohtaiset musiikin uutiset ja puheenaiheet suoraan s\u00e4hk\u00f6postiin t\u00e4st\u00e4.<\/a><\/p>\n","protected":false},"excerpt":{"rendered":"Arvostetusta KPC-kollektiivistakin tuttu Axel Kala on julkaissut uuden singlen. Perjantaina ilmestynyt Ikuista on vaikeiden aikojen ja itsens\u00e4 ylitt\u00e4misest\u00e4&hellip;\n","protected":false},"author":2,"featured_media":122665,"comment_status":"","ping_status":"","sticky":false,"template":"","format":"standard","meta":{"footnotes":""},"categories":[130],"tags":[137,33,31,30,32,109],"class_list":{"0":"post-122664","1":"post","2":"type-post","3":"status-publish","4":"format-standard","5":"has-post-thumbnail","7":"category-viihde","8":"tag-entertainment","9":"tag-fi","10":"tag-finland","11":"tag-finnish","12":"tag-suomi","13":"tag-viihde"},"share_on_mastodon":{"url":"https:\/\/pubeurope.com\/@fi\/115760022336732913","error":""},"_links":{"self":[{"href":"https:\/\/www.europesays.com\/fi\/wp-json\/wp\/v2\/posts\/122664","targetHints":{"allow":["GET"]}}],"collection":[{"href":"https:\/\/www.europesays.com\/fi\/wp-json\/wp\/v2\/posts"}],"about":[{"href":"https:\/\/www.europesays.com\/fi\/wp-json\/wp\/v2\/types\/post"}],"author":[{"embeddable":true,"href":"https:\/\/www.europesays.com\/fi\/wp-json\/wp\/v2\/users\/2"}],"replies":[{"embeddable":true,"href":"https:\/\/www.europesays.com\/fi\/wp-json\/wp\/v2\/comments?post=122664"}],"version-history":[{"count":0,"href":"https:\/\/www.europesays.com\/fi\/wp-json\/wp\/v2\/posts\/122664\/revisions"}],"wp:featuredmedia":[{"embeddable":true,"href":"https:\/\/www.europesays.com\/fi\/wp-json\/wp\/v2\/media\/122665"}],"wp:attachment":[{"href":"https:\/\/www.europesays.com\/fi\/wp-json\/wp\/v2\/media?parent=122664"}],"wp:term":[{"taxonomy":"category","embeddable":true,"href":"https:\/\/www.europesays.com\/fi\/wp-json\/wp\/v2\/categories?post=122664"},{"taxonomy":"post_tag","embeddable":true,"href":"https:\/\/www.europesays.com\/fi\/wp-json\/wp\/v2\/tags?post=122664"}],"curies":[{"name":"wp","href":"https:\/\/api.w.org\/{rel}","templated":true}]}}