{"id":122669,"date":"2025-12-21T22:58:16","date_gmt":"2025-12-21T22:58:16","guid":{"rendered":"https:\/\/www.europesays.com\/fi\/122669\/"},"modified":"2025-12-21T22:58:16","modified_gmt":"2025-12-21T22:58:16","slug":"nakokulma-putin-voi-viela-tuoda-sodan-itamerelle-mutta-juuri-nyt-kaspianmeressakin-nayttaa-riittavan-haastetta-uutissuomalainen","status":"publish","type":"post","link":"https:\/\/www.europesays.com\/fi\/122669\/","title":{"rendered":"N\u00e4k\u00f6kulma | Putin voi viel\u00e4 tuoda sodan It\u00e4merelle, mutta juuri nyt Kaspianmeress\u00e4kin n\u00e4ytt\u00e4\u00e4 riitt\u00e4v\u00e4n haastetta | Uutissuomalainen"},"content":{"rendered":"<p>Uutistoimisto Reutersin perjantaina julkistamien Yhdysvaltain tiedustelutietojen mukaan presidentti <strong>Vladimir Putinin<\/strong> uskotaan edelleen suunnittelevan paitsi koko Ukrainan my\u00f6s Natoon kuuluvien entisen Neuvostoliiton alueiden takaisinvaltausta.<\/p>\n<p>Kuuden eri henkil\u00f6n Reutersille vahvistamien tietojen mukaan t\u00e4m\u00e4 on Yhdysvaltain tuoreimpienkin tiedusteluraporttien n\u00e4kemys, vaikka se on jyrk\u00e4ss\u00e4 ristiriidassa Floridassa yh\u00e4 k\u00e4ynniss\u00e4 olevien rauhanneuvottelujen ja Putinin viimeisimpien lausuntojen kanssa.<\/p>\n<p>Niin kuin Saksan liittokansleri <strong>Friedrich Merz<\/strong> juuri totesi, Putin ei pys\u00e4hdy, niin kuin ei pys\u00e4htynyt<strong> Adolf Hitlerk\u00e4\u00e4n<\/strong> vuonna 1938, sudeettialueet saatuaan.<\/p>\n<p><strong class=\"diks-storyline__impact\">Uusia man\u00f6\u00f6verej\u00e4<\/strong> ei voi kuitenkaan k\u00e4ynnist\u00e4\u00e4 ennen kuin Ukrainan tilanne on ratkaistu.<\/p>\n","protected":false},"excerpt":{"rendered":"Uutistoimisto Reutersin perjantaina julkistamien Yhdysvaltain tiedustelutietojen mukaan presidentti Vladimir Putinin uskotaan edelleen suunnittelevan paitsi koko Ukrainan my\u00f6s Natoon&hellip;\n","protected":false},"author":2,"featured_media":122670,"comment_status":"","ping_status":"","sticky":false,"template":"","format":"standard","meta":{"footnotes":""},"categories":[14],"tags":[4372,22,23,26,27,33,31,30,17,24,25,803,28,29,2579,15,18,21,144,32,19,20,21377,56,16,2257,59,60,61],"class_list":{"0":"post-122669","1":"post","2":"type-post","3":"status-publish","4":"format-standard","5":"has-post-thumbnail","7":"category-ulkomaat","8":"tag-aasia","9":"tag-breaking-news","10":"tag-breakingnews","11":"tag-featured-news","12":"tag-featurednews","13":"tag-fi","14":"tag-finland","15":"tag-finnish","16":"tag-headlines","17":"tag-latest-news","18":"tag-latestnews","19":"tag-levottomuudet-ja-sodat","20":"tag-main-news","21":"tag-mainnews","22":"tag-nato","23":"tag-news","24":"tag-otsikot","25":"tag-paauutiset","26":"tag-presidentti","27":"tag-suomi","28":"tag-top-stories","29":"tag-topstories","30":"tag-ukrainan-kriisi","31":"tag-ulkomaat","32":"tag-uutiset","33":"tag-vladimir-putin","34":"tag-world","35":"tag-world-news","36":"tag-worldnews"},"share_on_mastodon":{"url":"https:\/\/pubeurope.com\/@fi\/115760038188063510","error":""},"_links":{"self":[{"href":"https:\/\/www.europesays.com\/fi\/wp-json\/wp\/v2\/posts\/122669","targetHints":{"allow":["GET"]}}],"collection":[{"href":"https:\/\/www.europesays.com\/fi\/wp-json\/wp\/v2\/posts"}],"about":[{"href":"https:\/\/www.europesays.com\/fi\/wp-json\/wp\/v2\/types\/post"}],"author":[{"embeddable":true,"href":"https:\/\/www.europesays.com\/fi\/wp-json\/wp\/v2\/users\/2"}],"replies":[{"embeddable":true,"href":"https:\/\/www.europesays.com\/fi\/wp-json\/wp\/v2\/comments?post=122669"}],"version-history":[{"count":0,"href":"https:\/\/www.europesays.com\/fi\/wp-json\/wp\/v2\/posts\/122669\/revisions"}],"wp:featuredmedia":[{"embeddable":true,"href":"https:\/\/www.europesays.com\/fi\/wp-json\/wp\/v2\/media\/122670"}],"wp:attachment":[{"href":"https:\/\/www.europesays.com\/fi\/wp-json\/wp\/v2\/media?parent=122669"}],"wp:term":[{"taxonomy":"category","embeddable":true,"href":"https:\/\/www.europesays.com\/fi\/wp-json\/wp\/v2\/categories?post=122669"},{"taxonomy":"post_tag","embeddable":true,"href":"https:\/\/www.europesays.com\/fi\/wp-json\/wp\/v2\/tags?post=122669"}],"curies":[{"name":"wp","href":"https:\/\/api.w.org\/{rel}","templated":true}]}}