{"id":122681,"date":"2025-12-21T23:24:09","date_gmt":"2025-12-21T23:24:09","guid":{"rendered":"https:\/\/www.europesays.com\/fi\/122681\/"},"modified":"2025-12-21T23:24:09","modified_gmt":"2025-12-21T23:24:09","slug":"yhdysvaltain-oikeusministerio-palautti-sivuilleen-epstein-materiaaleista-poistetun-trump-kuvan-uutisia-lyhyesti","status":"publish","type":"post","link":"https:\/\/www.europesays.com\/fi\/122681\/","title":{"rendered":"Yhdysvaltain oikeusministeri\u00f6 palautti sivuilleen Epstein-materiaaleista poistetun Trump-kuvan | Uutisia lyhyesti"},"content":{"rendered":"<p class=\"aw-1gybjub aw-5vja16 kEtdKx kmuxyA yle__article__paragraph\">Oikeusministeri\u00f6n mukaan kuvasta oli noussut ep\u00e4ilys, ett\u00e4 siin\u00e4 saattaisi n\u00e4ky\u00e4 Epsteinin uhreja.<\/p>\n<p><img decoding=\"async\" alt=\"Varaoikeusministeri Todd Blanche puhuu taustallaan Valkoisen talon kyltti.\" src=\"https:\/\/www.europesays.com\/fi\/wp-content\/uploads\/2025\/12\/39-15732766948778f394c5.jpeg\" class=\"aw-1l9m598 hKVVvP\"\/><\/p>\n<p>Avaa kuvien katselu<\/p>\n<p>Yhdysvaltain varaoikeusministeri Todd Blanchen mukaan kuvaa ei poistettu materiaalien joukosta sen vuoksi, ett\u00e4 Trump n\u00e4kyi siin\u00e4. Kuva: Celal Gunes \/ AOP<\/p>\n<p class=\"aw-1gybjub aw-1p7kakr kEtdKx cEmitX yle__article__paragraph\">Yhdysvaltain oikeusministeri\u00f6n <a class=\"aw-iao6s4 iHOxEa yle__article__link\" href=\"https:\/\/x.com\/TheJusticeDept\/status\/2002837849440428100?s=20\" role=\"link\" rel=\"nofollow\">mukaan<\/a> julkaistujen Epstein-materiaalien joukosta poistettu kuva on <a class=\"aw-iao6s4 iHOxEa yle__article__link\" href=\"https:\/\/www.justice.gov\/epstein\/files\/DataSet%201\/EFTA00000468.pdf\" role=\"link\" rel=\"nofollow noopener\" target=\"_blank\">lis\u00e4tty<\/a> takaisin ministeri\u00f6n verkkosivuille.<\/p>\n<p class=\"aw-1gybjub aw-1p7kakr kEtdKx cEmitX yle__article__paragraph\">Kuvassa n\u00e4kyy p\u00f6yt\u00e4, jonka avoimesta laatikosta pilkist\u00e4\u00e4 valokuva presidentti <strong class=\"aw-ak79eh KyCXm yle__article__strong\">Donald Trumpista<\/strong>, seksuaalirikoksista tuomitusta <strong class=\"aw-ak79eh KyCXm yle__article__strong\">Jeffrey Epsteinist\u00e4<\/strong> sek\u00e4 t\u00e4m\u00e4n rikoskumppanista <strong class=\"aw-ak79eh KyCXm yle__article__strong\">Ghislaine Maxwellist\u00e4<\/strong>.<\/p>\n<p class=\"aw-1gybjub aw-1p7kakr kEtdKx cEmitX yle__article__paragraph\">Ministeri\u00f6n mukaan kyseinen kuva oli poistettu verkkosivuilta sen vuoksi, ett\u00e4 newyorkilainen oikeusistuin oli ep\u00e4illyt siin\u00e4 n\u00e4kyv\u00e4n mahdollisesti Epsteinin uhreja. Oikeusministeri\u00f6 kertoi palauttaneensa kuvan sivuilleen sen j\u00e4lkeen, kun ministeri\u00f6 totesi, ettei siin\u00e4 n\u00e4y uhreja.<\/p>\n<p class=\"aw-1gybjub aw-1p7kakr kEtdKx cEmitX yle__article__paragraph\">Yhdysvaltain varaoikeusministeri <strong class=\"aw-ak79eh KyCXm yle__article__strong\">Todd Blanche<\/strong> kiisti NBC Newsin <a class=\"aw-iao6s4 iHOxEa yle__article__link\" href=\"https:\/\/youtu.be\/3vHNsZxiwEo?si=r2yv9PvlhdBoOHsv&amp;t=406\" role=\"link\" rel=\"nofollow noopener\" target=\"_blank\">Meet the Press<\/a> -ohjelmassa v\u00e4itteet siit\u00e4, ett\u00e4 kuva olisi poistettu materiaalien joukosta sen vuoksi, ett\u00e4 Trump n\u00e4kyi siin\u00e4.<\/p>\n<p class=\"aw-1gybjub aw-1p7kakr kEtdKx cEmitX yle__article__paragraph\">\u2013\u00a0Sill\u00e4 (kuvan poistamisella) ei ollut mit\u00e4\u00e4n tekemist\u00e4 Trumpin kanssa. Julkisuudessa on jo kymmeni\u00e4 kuvia, joissa sek\u00e4 Trump ett\u00e4 Epstein ovat, Blanche sanoi.<\/p>\n<p class=\"aw-1gybjub aw-1p7kakr kEtdKx cEmitX yle__article__paragraph\">Trump-kuvan lis\u00e4ksi oikeusministeri\u00f6 poisti viikonlopun aikana julkaistujen Epstein-materiaalien joukosta toistakymment\u00e4 muuta asiakirjaa, joita ei ole palautettu ministeri\u00f6n verkkosivuille.<\/p>\n<p class=\"aw-1gybjub aw-1p7kakr kEtdKx cEmitX yle__article__paragraph\">Verkkosivuilta edelleen poistettujen asiakirjojen joukossa on <a class=\"aw-iao6s4 iHOxEa yle__article__link\" href=\"https:\/\/www.bbc.com\/news\/articles\/c208y2wxxeno\" role=\"link\" rel=\"nofollow noopener\" target=\"_blank\">BBC:n<\/a> mukaan muun muassa kuvia samasta huoneesta, jossa palautettu Trump-kuva oli otettu.<\/p>\n","protected":false},"excerpt":{"rendered":"Oikeusministeri\u00f6n mukaan kuvasta oli noussut ep\u00e4ilys, ett\u00e4 siin\u00e4 saattaisi n\u00e4ky\u00e4 Epsteinin uhreja. Avaa kuvien katselu Yhdysvaltain varaoikeusministeri Todd&hellip;\n","protected":false},"author":2,"featured_media":122682,"comment_status":"","ping_status":"","sticky":false,"template":"","format":"standard","meta":{"footnotes":""},"categories":[14],"tags":[22,23,585,26,27,33,31,30,17,11121,24,25,28,29,15,18,21,32,19,20,56,16,59,60,61,619,10136],"class_list":{"0":"post-122681","1":"post","2":"type-post","3":"status-publish","4":"format-standard","5":"has-post-thumbnail","7":"category-ulkomaat","8":"tag-breaking-news","9":"tag-breakingnews","10":"tag-donald-trump","11":"tag-featured-news","12":"tag-featurednews","13":"tag-fi","14":"tag-finland","15":"tag-finnish","16":"tag-headlines","17":"tag-jeffrey-epstein","18":"tag-latest-news","19":"tag-latestnews","20":"tag-main-news","21":"tag-mainnews","22":"tag-news","23":"tag-otsikot","24":"tag-paauutiset","25":"tag-suomi","26":"tag-top-stories","27":"tag-topstories","28":"tag-ulkomaat","29":"tag-uutiset","30":"tag-world","31":"tag-world-news","32":"tag-worldnews","33":"tag-yhdysvallat","34":"tag-yhdysvaltain-oikeusministerio"},"share_on_mastodon":{"url":"https:\/\/pubeurope.com\/@fi\/115760140554537678","error":""},"_links":{"self":[{"href":"https:\/\/www.europesays.com\/fi\/wp-json\/wp\/v2\/posts\/122681","targetHints":{"allow":["GET"]}}],"collection":[{"href":"https:\/\/www.europesays.com\/fi\/wp-json\/wp\/v2\/posts"}],"about":[{"href":"https:\/\/www.europesays.com\/fi\/wp-json\/wp\/v2\/types\/post"}],"author":[{"embeddable":true,"href":"https:\/\/www.europesays.com\/fi\/wp-json\/wp\/v2\/users\/2"}],"replies":[{"embeddable":true,"href":"https:\/\/www.europesays.com\/fi\/wp-json\/wp\/v2\/comments?post=122681"}],"version-history":[{"count":0,"href":"https:\/\/www.europesays.com\/fi\/wp-json\/wp\/v2\/posts\/122681\/revisions"}],"wp:featuredmedia":[{"embeddable":true,"href":"https:\/\/www.europesays.com\/fi\/wp-json\/wp\/v2\/media\/122682"}],"wp:attachment":[{"href":"https:\/\/www.europesays.com\/fi\/wp-json\/wp\/v2\/media?parent=122681"}],"wp:term":[{"taxonomy":"category","embeddable":true,"href":"https:\/\/www.europesays.com\/fi\/wp-json\/wp\/v2\/categories?post=122681"},{"taxonomy":"post_tag","embeddable":true,"href":"https:\/\/www.europesays.com\/fi\/wp-json\/wp\/v2\/tags?post=122681"}],"curies":[{"name":"wp","href":"https:\/\/api.w.org\/{rel}","templated":true}]}}