{"id":122688,"date":"2025-12-21T23:46:12","date_gmt":"2025-12-21T23:46:12","guid":{"rendered":"https:\/\/www.europesays.com\/fi\/122688\/"},"modified":"2025-12-21T23:46:12","modified_gmt":"2025-12-21T23:46:12","slug":"suomalaislegendan-auto-tunnistetaan-ulkomailla-asti-jaana-salapurolla-on-harvinainen-harrastus-se-on-kasittamatonta","status":"publish","type":"post","link":"https:\/\/www.europesays.com\/fi\/122688\/","title":{"rendered":"Suomalaislegendan auto tunnistetaan ulkomailla asti \u2013 Jaana Salapurolla on harvinainen harrastus: \u201dSe on k\u00e4sitt\u00e4m\u00e4t\u00f6nt\u00e4\u201d"},"content":{"rendered":"<p class=\"article-ingress--medium\">Historic-rallissa kilpaillaan eri aikakausien ajoneuvoja kunnioittaen. Jaana Salopuro on kartturina pirkanmaalaistiimiss\u00e4, joka on reissannut maailmalla Timo Salosen vanhan Datsunin kopiolla.<\/p>\n<p><img decoding=\"async\" src=\"https:\/\/www.europesays.com\/fi\/wp-content\/uploads\/2025\/12\/1766360772_427_468.jpg\" alt=\"Kartturi Jaana Salopuro ja kuljettaja Ilkka Kalmanlehto ovat kolunneet viime vuosina historiallisia rallikisoja. Kuva Kreikan historiallisesta Akropolis-rallista t\u00e4lt\u00e4 vuodelta.\" class=\"_Img_1rerz_1\" style=\"aspect-ratio:0.75\" loading=\"eager\"\/><\/p>\n<p class=\"article-picture-caption\">Kartturi Jaana Salopuro ja kuljettaja Ilkka Kalmanlehto ovat kolunneet viime vuosina historiallisia rallikisoja. Kuva Kreikan historiallisesta Akropolis-rallista t\u00e4lt\u00e4 vuodelta. Kuva:\u00a0Jussi Mura<\/p>\n<p><a href=\"https:\/\/www.aamulehti.fi\/haku\/?query=Ilari+Lepp%C3%A4niemi\" rel=\"nofollow noopener\" target=\"_blank\"><\/p>\n<p>Ilari Lepp\u00e4niemi<\/p>\n<p><\/a><\/p>\n<p>21.12. 19:00<\/p>\n<p class=\"article-body mb-nof-24 px-nof-16\">Aamulehti<\/p>\n<p class=\"article-body mb-nof-24 px-nof-16\">Vannoutuneet ralli-ihmiset saattavat muistaa 1970- ja 1980-lukujen taitteen, jolloin <a class=\"article-personlink\" href=\"https:\/\/www.aamulehti.fi\/haku\/?query=Timo%20Salonen\" rel=\"nofollow noopener\" target=\"_blank\">Timo Salonen<\/a> ja kartturi <a class=\"article-personlink\" href=\"https:\/\/www.aamulehti.fi\/haku\/?query=Seppo%20Harjanne\" rel=\"nofollow noopener\" target=\"_blank\">Seppo Harjanne<\/a> p\u00e4\u00e4steliv\u00e4t MM-sarjassa Datsun 160J:ll\u00e4. T\u00e4n\u00e4 syksyn\u00e4 kilparadoilla kurvaili samaisen auton tarkka j\u00e4ljenn\u00f6s. Tamperelaiskuski <a class=\"article-personlink\" href=\"https:\/\/www.aamulehti.fi\/haku\/?query=Ilkka%20Kalmanlehto\" rel=\"nofollow noopener\" target=\"_blank\">Ilkka Kalmanlehto <\/a>ja vesilahtelaiskartturi <a class=\"article-personlink\" href=\"https:\/\/www.aamulehti.fi\/haku\/?query=Jaana%20Salopuro\" rel=\"nofollow noopener\" target=\"_blank\">Jaana Salopuro<\/a> osallistuivat sill\u00e4 kahteen Historic Rally -kilpailuun: ensin syyskuussa Kreikassa, sitten lokakuussa Ranskan Korsikalla.<\/p>\n<p>KommentoiIlmoita asiavirheest\u00e4KommentoiIlmoita asiavirheest\u00e4<\/p>\n","protected":false},"excerpt":{"rendered":"Historic-rallissa kilpaillaan eri aikakausien ajoneuvoja kunnioittaen. Jaana Salopuro on kartturina pirkanmaalaistiimiss\u00e4, joka on reissannut maailmalla Timo Salosen vanhan&hellip;\n","protected":false},"author":2,"featured_media":122689,"comment_status":"","ping_status":"","sticky":false,"template":"","format":"standard","meta":{"footnotes":""},"categories":[130],"tags":[157,137,33,31,30,32,109],"class_list":{"0":"post-122688","1":"post","2":"type-post","3":"status-publish","4":"format-standard","5":"has-post-thumbnail","7":"category-viihde","8":"tag-aamulehti","9":"tag-entertainment","10":"tag-fi","11":"tag-finland","12":"tag-finnish","13":"tag-suomi","14":"tag-viihde"},"share_on_mastodon":{"url":"https:\/\/pubeurope.com\/@fi\/115760227034778101","error":""},"_links":{"self":[{"href":"https:\/\/www.europesays.com\/fi\/wp-json\/wp\/v2\/posts\/122688","targetHints":{"allow":["GET"]}}],"collection":[{"href":"https:\/\/www.europesays.com\/fi\/wp-json\/wp\/v2\/posts"}],"about":[{"href":"https:\/\/www.europesays.com\/fi\/wp-json\/wp\/v2\/types\/post"}],"author":[{"embeddable":true,"href":"https:\/\/www.europesays.com\/fi\/wp-json\/wp\/v2\/users\/2"}],"replies":[{"embeddable":true,"href":"https:\/\/www.europesays.com\/fi\/wp-json\/wp\/v2\/comments?post=122688"}],"version-history":[{"count":0,"href":"https:\/\/www.europesays.com\/fi\/wp-json\/wp\/v2\/posts\/122688\/revisions"}],"wp:featuredmedia":[{"embeddable":true,"href":"https:\/\/www.europesays.com\/fi\/wp-json\/wp\/v2\/media\/122689"}],"wp:attachment":[{"href":"https:\/\/www.europesays.com\/fi\/wp-json\/wp\/v2\/media?parent=122688"}],"wp:term":[{"taxonomy":"category","embeddable":true,"href":"https:\/\/www.europesays.com\/fi\/wp-json\/wp\/v2\/categories?post=122688"},{"taxonomy":"post_tag","embeddable":true,"href":"https:\/\/www.europesays.com\/fi\/wp-json\/wp\/v2\/tags?post=122688"}],"curies":[{"name":"wp","href":"https:\/\/api.w.org\/{rel}","templated":true}]}}