{"id":122692,"date":"2025-12-21T23:50:20","date_gmt":"2025-12-21T23:50:20","guid":{"rendered":"https:\/\/www.europesays.com\/fi\/122692\/"},"modified":"2025-12-21T23:50:20","modified_gmt":"2025-12-21T23:50:20","slug":"ukrainan-rauhanneuvottelut-jatkuivat-miamissa-sss-fi","status":"publish","type":"post","link":"https:\/\/www.europesays.com\/fi\/122692\/","title":{"rendered":"Ukrainan rauhanneuvottelut jatkuivat Miamissa &#8211; SSS.fi"},"content":{"rendered":"<p>            <a href=\"https:\/\/www.sss.fi\/wp-content\/uploads\/2025\/12\/20251221101252-AwMw6q0JYW0.jpg\" data-caption=\"Ranskan presidentti Emmanuel Macron (oik.) sanoi aiemmin t\u00e4ll\u00e4 viikolla uskovansa, ett\u00e4 Euroopan tulisi ottaa uudelleen yhteytt\u00e4 Ven\u00e4j\u00e4n presidenttiin Vladimir Putiniin sodan lopettamiseksi Ukrainassa. Arkistokuva on presidenttien tapaamisesta Ranskassa vuonna 2017. LEHTIKUVA\/AFP\" rel=\"nofollow noopener\" target=\"_blank\"><img loading=\"lazy\" decoding=\"async\" width=\"696\" height=\"464\" class=\"entry-thumb td-modal-image\" src=\"https:\/\/www.europesays.com\/fi\/wp-content\/uploads\/2025\/12\/20251221101252-AwMw6q0JYW0-696x464.jpg\"   alt=\"Ranskan presidentti Emmanuel Macron (oik.) sanoi aiemmin t\u00e4ll\u00e4 viikolla uskovansa, ett\u00e4 Euroopan tulisi ottaa uudelleen yhteytt\u00e4 Ven\u00e4j\u00e4n presidenttiin Vladimir Putiniin sodan lopettamiseksi Ukrainassa. Arkistokuva on presidenttien tapaamisesta Ranskassa vuonna 2017. LEHTIKUVA\/AFP\" title=\"Ranskan presidentti Emmanuel Macron (oik.) sanoi aiemmin t\u00e4ll\u00e4 viikolla uskovansa, ett\u00e4 Euroopan tulisi ottaa uudelleen yhteytt\u00e4 Ven\u00e4j\u00e4n presidenttiin Vladimir Putiniin sodan lopettamiseksi Ukrainassa. Arkistokuva on presidenttien tapaamisesta Ranskassa vuonna 2017. LEHTIKUVA\/AFP\"\/><\/a>Ranskan presidentti Emmanuel Macron (oik.) sanoi aiemmin t\u00e4ll\u00e4 viikolla uskovansa, ett\u00e4 Euroopan tulisi ottaa uudelleen yhteytt\u00e4 Ven\u00e4j\u00e4n presidenttiin Vladimir Putiniin sodan lopettamiseksi Ukrainassa. Arkistokuva on presidenttien tapaamisesta Ranskassa vuonna 2017. LEHTIKUVA\/AFP<\/p>\n<p>Yhdysvalloissa Floridassa perjantaina alkaneet neuvottelut Ukrainan rauhasta jatkuivat koko viikonlopun.<\/p>\n<p>Ukrainan presidentti Volodymyr Zelenskyi sanoi sunnuntaina, ett\u00e4 rauhanneuvotteluissa edet\u00e4\u00e4n t\u00e4ll\u00e4 hetkell\u00e4 verrattain nopeasti ja keskustelut ovat rakentavia. H\u00e4n kuitenkin muistutti, ett\u00e4 paljon riippuu siit\u00e4, haluaako Ven\u00e4j\u00e4 lopettaa sodan vai ei. Zelenskyi kommentoi asiaa <a href=\"https:\/\/x.com\/ZelenskyyUa\" rel=\"nofollow\">viestipalvelu X:ss\u00e4<\/a>.<\/p>\n<p>Todelliset signaalit Ven\u00e4j\u00e4n tahtotilasta rauhan suhteen ovat kuitenkin Zelenskyin mukaan negatiivisia, sill\u00e4 Ven\u00e4j\u00e4 on rauhanneuvotteluista huolimatta jatkanut sotaa Ukrainassa.<\/p>\n<p>Miamissa on ollut paikalla muun muassa Yhdysvaltojen, Ukrainan ja Ven\u00e4j\u00e4n edustajia. Ven\u00e4j\u00e4n l\u00e4hettil\u00e4s Kirill Dmitrijev saapui paikalle paikallista aikaa lauantaina.<\/p>\n<p>Dmitrijev kertoi viestipalvelu <a href=\"https:\/\/x.com\/kadmitriev\/status\/2002377009532477592\" rel=\"nofollow\">X:ss\u00e4<\/a> matkastaan ja liitti julkaisuunsa rauhankyyhky-emojin. Lis\u00e4ksi Dmitrijev liitti julkaisuun videon, jossa aurinko paistaa pilvien l\u00e4pi rannalla.<\/p>\n<p>Zelenskyi toivoo Yhdysvalloilta painetta<\/p>\n<p>Neuvottelujen oli m\u00e4\u00e4r\u00e4 jatkua paikallista aikaa sunnuntaina. Ukrainan edustaja Rustem Umjerov sanoi aikovansa tavata p\u00e4iv\u00e4n aikana Yhdysvaltojen edustajien kanssa.<\/p>\n<p>Neuvotteluita k\u00e4ytiin Miamissa perjantaista saakka, mutta viel\u00e4 Suomen aikaan sunnuntai-iltaan menness\u00e4 neuvotteluiden sis\u00e4ll\u00f6st\u00e4 ei ollut tullut tarkempaa tietoa julkisuuteen. Tiedossa ei my\u00f6sk\u00e4\u00e4n ollut, mist\u00e4 neuvottelijoiden oli m\u00e4\u00e4r\u00e4 keskustella sunnuntaina.<\/p>\n<p>Zelenskyi sanoi lauantaina toivovansa Yhdysvalloilta enemm\u00e4n painetta Ven\u00e4j\u00e4lle ja Putinille. Zelenskyin n\u00e4kemys on, ett\u00e4 Yhdysvallat on ainoa maa, joka voi painostaa Ven\u00e4j\u00e4\u00e4 p\u00e4\u00e4tt\u00e4m\u00e4\u00e4n sodan Ukrainassa.<\/p>\n<p>Yhdysvaltain ulkoministeri Marco Rubio sanoi perjantaina, ettei Ukrainaa painosteta rauhansopimukseen. H\u00e4nen mukaansa rauhansopimusta ei tehd\u00e4, ellei Ukraina siihen suostu.<\/p>\n<p>Macron: Putinin keskusteluhalukkuus tervetullutta<\/p>\n<p>Sunnuntaina julkaistussa haastattelussa Kremlin tiedottaja Dmitri Peskov sanoi, ett\u00e4 Ven\u00e4j\u00e4n presidentti Vladimir Putin olisi valmis keskustelemaan Ranskan presidentti Emmanuel Macronin kanssa Ukrainan sodasta.<\/p>\n<p>Macron sanoi pit\u00e4v\u00e4ns\u00e4 Putinin halukkuutta keskusteluihin Ukrainan sodasta tervetulleena.\u00a0<\/p>\n<p>\u2013\u2009P\u00e4\u00e4t\u00e4mme tulevina p\u00e4ivin\u00e4 parhaan tavan edet\u00e4, Macronin kansliasta kerrottiin sunnuntaina.<\/p>\n<p>Macron sanoi aiemmin viikolla uskovansa, ett\u00e4 Euroopan tulisi ottaa uudelleen yhteytt\u00e4 Putiniin sodan lopettamiseksi Ukrainassa. Sodan alkuvaiheessa Macron keskusteli Putinin kanssa puhelimitse useaan otteeseen.<\/p>\n<p>Lauantaina Ukrainan presidentti Zelenskyi sanoi, ett\u00e4 Yhdysvallat olisi ehdottanut Ukrainan, Yhdysvaltain ja Ven\u00e4j\u00e4n edustajien tapaamista.<\/p>\n<p>Putinin neuvonantajan Juri Ushakov sanoi sunnuntaina, ett\u00e4 n\u00e4iden kolmen maan v\u00e4lisi\u00e4 keskusteluja Ukrainan sodan rauhansuunnitelmasta ei olla valmistelemassa.<\/p>\n","protected":false},"excerpt":{"rendered":"Ranskan presidentti Emmanuel Macron (oik.) sanoi aiemmin t\u00e4ll\u00e4 viikolla uskovansa, ett\u00e4 Euroopan tulisi ottaa uudelleen yhteytt\u00e4 Ven\u00e4j\u00e4n presidenttiin&hellip;\n","protected":false},"author":2,"featured_media":122693,"comment_status":"","ping_status":"","sticky":false,"template":"","format":"standard","meta":{"footnotes":""},"categories":[14],"tags":[22,23,26,27,33,31,30,17,24,25,28,29,15,18,21,32,19,20,56,16,59,60,61],"class_list":{"0":"post-122692","1":"post","2":"type-post","3":"status-publish","4":"format-standard","5":"has-post-thumbnail","7":"category-ulkomaat","8":"tag-breaking-news","9":"tag-breakingnews","10":"tag-featured-news","11":"tag-featurednews","12":"tag-fi","13":"tag-finland","14":"tag-finnish","15":"tag-headlines","16":"tag-latest-news","17":"tag-latestnews","18":"tag-main-news","19":"tag-mainnews","20":"tag-news","21":"tag-otsikot","22":"tag-paauutiset","23":"tag-suomi","24":"tag-top-stories","25":"tag-topstories","26":"tag-ulkomaat","27":"tag-uutiset","28":"tag-world","29":"tag-world-news","30":"tag-worldnews"},"share_on_mastodon":{"url":"https:\/\/pubeurope.com\/@fi\/115760242826147379","error":""},"_links":{"self":[{"href":"https:\/\/www.europesays.com\/fi\/wp-json\/wp\/v2\/posts\/122692","targetHints":{"allow":["GET"]}}],"collection":[{"href":"https:\/\/www.europesays.com\/fi\/wp-json\/wp\/v2\/posts"}],"about":[{"href":"https:\/\/www.europesays.com\/fi\/wp-json\/wp\/v2\/types\/post"}],"author":[{"embeddable":true,"href":"https:\/\/www.europesays.com\/fi\/wp-json\/wp\/v2\/users\/2"}],"replies":[{"embeddable":true,"href":"https:\/\/www.europesays.com\/fi\/wp-json\/wp\/v2\/comments?post=122692"}],"version-history":[{"count":0,"href":"https:\/\/www.europesays.com\/fi\/wp-json\/wp\/v2\/posts\/122692\/revisions"}],"wp:featuredmedia":[{"embeddable":true,"href":"https:\/\/www.europesays.com\/fi\/wp-json\/wp\/v2\/media\/122693"}],"wp:attachment":[{"href":"https:\/\/www.europesays.com\/fi\/wp-json\/wp\/v2\/media?parent=122692"}],"wp:term":[{"taxonomy":"category","embeddable":true,"href":"https:\/\/www.europesays.com\/fi\/wp-json\/wp\/v2\/categories?post=122692"},{"taxonomy":"post_tag","embeddable":true,"href":"https:\/\/www.europesays.com\/fi\/wp-json\/wp\/v2\/tags?post=122692"}],"curies":[{"name":"wp","href":"https:\/\/api.w.org\/{rel}","templated":true}]}}