{"id":122695,"date":"2025-12-21T23:52:11","date_gmt":"2025-12-21T23:52:11","guid":{"rendered":"https:\/\/www.europesays.com\/fi\/122695\/"},"modified":"2025-12-21T23:52:11","modified_gmt":"2025-12-21T23:52:11","slug":"witkoff-keskustelut-ukrainasta-olleet-hedelmallisia-ja-rakentavia","status":"publish","type":"post","link":"https:\/\/www.europesays.com\/fi\/122695\/","title":{"rendered":"Witkoff: Keskustelut Ukrainasta olleet hedelm\u00e4llisi\u00e4 ja rakentavia"},"content":{"rendered":"<p>Ukrainan sota|Putinin neuvonantajan mukaan valtaosa rauhansuunnitelman ehdotuksista vaikuttaa \u201dmelko ep\u00e4rakentavilta\u201d.<\/p>\n<p>Lue tiivistelm\u00e4<\/p>\n<p class=\"article-body mb-nof-24 px-nof-16 sndp-summary-bullet-point-font\">Yhdysvaltojen erityisl\u00e4hettil\u00e4s Steve Witkoff sanoo, ett\u00e4 kolme p\u00e4iv\u00e4\u00e4 jatkuneet keskustelut Ukrainan rauhansuunnitelmasta Miamissa ovat olleet hedelm\u00e4llisi\u00e4 ja rakentavia.<\/p>\n<p class=\"article-body mb-nof-24 px-nof-16 sndp-summary-bullet-point-font\">Ven\u00e4j\u00e4n presidentin Vladimir Putinin ulkopoliittinen neuvonantaja Juri U\u0161akov arvioi, ett\u00e4 valtaosa rauhansuunnitelman ehdotuksista vaikuttaa melko ep\u00e4rakentavilta.<\/p>\n<p class=\"article-body mb-nof-24 px-nof-16 sndp-summary-bullet-point-font\">Keskusteluissa on k\u00e4sitelty 20-kohtaista rauhansuunnitelmaa, Ukrainan turvatakuita ja talouden kehitt\u00e4mist\u00e4.<\/p>\n<p class=\"article-body mb-nof-24 px-nof-16\">Kolme p\u00e4iv\u00e4\u00e4 jatkuneet keskustelut Ukrainan rauhansuunnitelmasta Ukrainan, Yhdysvaltojen ja Euroopan maiden edustajien v\u00e4lill\u00e4 ovat olleet hedelm\u00e4llisi\u00e4 ja rakentavia, kertoo Yhdysvaltojen erityisl\u00e4hettil\u00e4s <a class=\"article-personlink\" href=\"https:\/\/www.hs.fi\/haku\/?query=Steve%20Witkoff\" rel=\"nofollow noopener\" target=\"_blank\">Steve Witkoff<\/a> <a class=\"article-genericlink\" href=\"https:\/\/x.com\/SEPeaceMissions\/status\/2002826320615444873\" rel=\"nofollow\">X:ss\u00e4<\/a>.<\/p>\n<p class=\"article-body mb-nof-24 px-nof-16\">Ven\u00e4j\u00e4n hy\u00f6kk\u00e4yssodan lopettamisesta Ukrainassa on k\u00e4yty keskusteluja Miamissa Yhdysvalloissa perjantaista alkaen. L\u00e4pimurtoa ei ole kuitenkaan saavutettu.<\/p>\n<p class=\"article-body mb-nof-24 px-nof-16\">Witkoffin mukaan Ukrainan edustajat ovat k\u00e4yneet keskusteluja Yhdysvaltojen edustajien kanssa, ja t\u00e4rkeimpien Euroopan maiden turvallisuusneuvonantajia on osallistunut keskusteluihin.<\/p>\n<p class=\"article-body mb-nof-24 px-nof-16\">Yhdysvallat on Witkoffin mukaan keskustellut Ukrainan kanssa 20-kohtaisen rauhansuunnitelman jatkokehitt\u00e4misest\u00e4 sek\u00e4 Ukrainan turvatakuista ja Ukrainan talouden kehitt\u00e4misest\u00e4. Erityist\u00e4 huomiota on Witkoffin mukaan kiinnitetty aikatauluihin ja tulevien vaiheiden j\u00e4rjestykseen.<\/p>\n<p class=\"article-body mb-nof-24 px-nof-16\">\u201dRauha ei saa olla vain vihollisuuksien lopettamista, vaan my\u00f6s arvokas perusta vakaalle tulevaisuudelle\u201d, Witkoff kirjoitti X:ss\u00e4.<\/p>\n<p class=\"article-body mb-nof-24 px-nof-16\">Yhdysvaltojen edustajat ovat k\u00e4yneet Miamissa keskusteluja Ukrainasta my\u00f6s Ven\u00e4j\u00e4n edustajien kanssa. My\u00f6hemmin Witkoff kommentoi <a class=\"article-genericlink\" href=\"https:\/\/x.com\/SEPeaceMissions\/status\/2002876838448697741\" rel=\"nofollow\">X:ss\u00e4<\/a> my\u00f6s n\u00e4it\u00e4 keskusteluja. H\u00e4nen mukaansa nekin olivat hedelm\u00e4llisi\u00e4 ja rakentavia.<\/p>\n<p class=\"article-body mb-nof-24 px-nof-16\">\u201dVen\u00e4j\u00e4 on edelleen t\u00e4ysin sitoutunut rauhan saavuttamiseen Ukrainassa. Ven\u00e4j\u00e4 arvostaa suuresti Yhdysvaltojen ponnisteluja ja tukea Ukrainan konfliktin ratkaisemiseksi ja maailmanlaajuisen turvallisuuden palauttamiseksi\u201d, Witkoff kirjoitti X:ss\u00e4.<\/p>\n<p class=\"article-body mb-nof-24 px-nof-16\">Ven\u00e4j\u00e4n edustajana keskusteluissa Miamissa on ollut erityisedustaja <a class=\"article-personlink\" href=\"https:\/\/www.hs.fi\/haku\/?query=Kirill%20Dmitriev\" rel=\"nofollow noopener\" target=\"_blank\">Kirill Dmitriev<\/a>. H\u00e4n kommentoi keskusteluja lyhyesti toteamalla, ett\u00e4 sodanlietsojat eiv\u00e4t onnistuneet est\u00e4m\u00e4\u00e4n keskusteluja, kertoi Ven\u00e4j\u00e4n valtiollinen uutistoimisto <a class=\"article-genericlink\" href=\"https:\/\/tass.ru\/politika\/25982189\" rel=\"nofollow noopener\" target=\"_blank\">Tass<\/a>.<\/p>\n<p class=\"article-body mb-nof-24 px-nof-16\">Toimittajat olivat Tassin mukaan kysyneet Dmitrievilt\u00e4, sotkivatko sodanlietsojat neuvotteluja. Se ei uutisesta ilmennyt, keit\u00e4 sodanlietsojat mahdollisesti olisivat olleet.<\/p>\n<p class=\"article-body mb-nof-24 px-nof-16\">Lauantaina Dmitriev sanoi <a class=\"article-genericlink\" href=\"https:\/\/tass.ru\/politika\/25977723\" rel=\"nofollow noopener\" target=\"_blank\">Tassin<\/a> mukaan, ett\u00e4 keskustelut olivat olleet rakentavia. Sen sijaan sunnuntaina Ven\u00e4j\u00e4n johtajan <a class=\"article-personlink\" href=\"https:\/\/www.hs.fi\/haku\/?query=Vladimir%20Putinin\" rel=\"nofollow noopener\" target=\"_blank\">Vladimir Putinin<\/a> ulkopoliittinen neuvonantaja <a class=\"article-personlink\" href=\"https:\/\/www.hs.fi\/haku\/?query=Juri%20U%C5%A1akov\" rel=\"nofollow noopener\" target=\"_blank\">Juri U\u0161akov <\/a> oli sit\u00e4 mielt\u00e4, ett\u00e4 rauhansuunnitelman ehdotuksista valtaosa ei ole rakentavia.<\/p>\n<p class=\"article-body mb-nof-24 px-nof-16\">U\u0161akov kertoi <a class=\"article-genericlink\" href=\"https:\/\/tass.com\/politics\/2062739\" rel=\"nofollow noopener\" target=\"_blank\">Tassin mukaan<\/a> sunnuntaina, ett\u00e4 Miamissa olleen Dmitrievin on m\u00e4\u00e4r\u00e4 raportoida keskusteluista, jonka j\u00e4lkeen Moskovassa katsotaan, mit\u00e4 rauhansuunnitelman ehdotuksia voidaan hyv\u00e4ksy\u00e4 ja mit\u00e4 ei.<\/p>\n<p class=\"article-body mb-nof-24 px-nof-16\">U\u0161akov sanoi, ett\u00e4 todenn\u00e4k\u00f6isesti valtaosa rauhansuunnitelman ehdotuksista ei kelpaa Ven\u00e4j\u00e4lle. H\u00e4nen mukaansa valtaosa ehdotuksista, joita Yhdysvallat keskusteluissa esitti, oli per\u00e4isin Ukrainalta ja Euroopalta.<\/p>\n<p class=\"article-body mb-nof-24 px-nof-16\">H\u00e4nen mielest\u00e4\u00e4n ne vaikuttivat \u201dmelko ep\u00e4rakentavilta\u201d, Tass kertoi.<\/p>\n<p><img decoding=\"async\" src=\"https:\/\/www.europesays.com\/fi\/wp-content\/uploads\/2025\/12\/1766361131_860_468.jpg\" alt=\"Ven\u00e4j\u00e4n presidentin ulkopoliittinen neuvonantaja Juri U\u0161akov osallistui sunnuntaina Pietarissa Euraasian talousunionin kokoukseen. H\u00e4n ei usko, ett\u00e4 Ven\u00e4j\u00e4 voi hyv\u00e4ksy\u00e4 valtaosaa rauhansuunnitelman ehdotuksista.\" class=\"_Img_1rerz_1\" style=\"aspect-ratio:1.4285714285714286\" loading=\"eager\"\/><\/p>\n<p class=\"article-picture-caption\">Ven\u00e4j\u00e4n presidentin ulkopoliittinen neuvonantaja Juri U\u0161akov osallistui sunnuntaina Pietarissa Euraasian talousunionin kokoukseen. H\u00e4n ei usko, ett\u00e4 Ven\u00e4j\u00e4 voi hyv\u00e4ksy\u00e4 valtaosaa rauhansuunnitelman ehdotuksista. Kuva:\u00a0Alexander Kazakov \/ Sputnik<\/p>\n","protected":false},"excerpt":{"rendered":"Ukrainan sota|Putinin neuvonantajan mukaan valtaosa rauhansuunnitelman ehdotuksista vaikuttaa \u201dmelko ep\u00e4rakentavilta\u201d. Lue tiivistelm\u00e4 Yhdysvaltojen erityisl\u00e4hettil\u00e4s Steve Witkoff sanoo, ett\u00e4&hellip;\n","protected":false},"author":2,"featured_media":122696,"comment_status":"","ping_status":"","sticky":false,"template":"","format":"standard","meta":{"footnotes":""},"categories":[5],"tags":[22,23,26,27,33,31,30,17,46,24,25,28,29,15,18,21,32,19,20,16],"class_list":{"0":"post-122695","1":"post","2":"type-post","3":"status-publish","4":"format-standard","5":"has-post-thumbnail","7":"category-otsikot","8":"tag-breaking-news","9":"tag-breakingnews","10":"tag-featured-news","11":"tag-featurednews","12":"tag-fi","13":"tag-finland","14":"tag-finnish","15":"tag-headlines","16":"tag-helsingin-sanomat","17":"tag-latest-news","18":"tag-latestnews","19":"tag-main-news","20":"tag-mainnews","21":"tag-news","22":"tag-otsikot","23":"tag-paauutiset","24":"tag-suomi","25":"tag-top-stories","26":"tag-topstories","27":"tag-uutiset"},"share_on_mastodon":{"url":"https:\/\/pubeurope.com\/@fi\/115760250785160673","error":""},"_links":{"self":[{"href":"https:\/\/www.europesays.com\/fi\/wp-json\/wp\/v2\/posts\/122695","targetHints":{"allow":["GET"]}}],"collection":[{"href":"https:\/\/www.europesays.com\/fi\/wp-json\/wp\/v2\/posts"}],"about":[{"href":"https:\/\/www.europesays.com\/fi\/wp-json\/wp\/v2\/types\/post"}],"author":[{"embeddable":true,"href":"https:\/\/www.europesays.com\/fi\/wp-json\/wp\/v2\/users\/2"}],"replies":[{"embeddable":true,"href":"https:\/\/www.europesays.com\/fi\/wp-json\/wp\/v2\/comments?post=122695"}],"version-history":[{"count":0,"href":"https:\/\/www.europesays.com\/fi\/wp-json\/wp\/v2\/posts\/122695\/revisions"}],"wp:featuredmedia":[{"embeddable":true,"href":"https:\/\/www.europesays.com\/fi\/wp-json\/wp\/v2\/media\/122696"}],"wp:attachment":[{"href":"https:\/\/www.europesays.com\/fi\/wp-json\/wp\/v2\/media?parent=122695"}],"wp:term":[{"taxonomy":"category","embeddable":true,"href":"https:\/\/www.europesays.com\/fi\/wp-json\/wp\/v2\/categories?post=122695"},{"taxonomy":"post_tag","embeddable":true,"href":"https:\/\/www.europesays.com\/fi\/wp-json\/wp\/v2\/tags?post=122695"}],"curies":[{"name":"wp","href":"https:\/\/api.w.org\/{rel}","templated":true}]}}