{"id":122704,"date":"2025-12-22T00:16:10","date_gmt":"2025-12-22T00:16:10","guid":{"rendered":"https:\/\/www.europesays.com\/fi\/122704\/"},"modified":"2025-12-22T00:16:10","modified_gmt":"2025-12-22T00:16:10","slug":"venalaisalus-saa-lahtea-ruotsista","status":"publish","type":"post","link":"https:\/\/www.europesays.com\/fi\/122704\/","title":{"rendered":"Ven\u00e4l\u00e4isalus saa l\u00e4hte\u00e4 Ruotsista"},"content":{"rendered":"<p>Syytt\u00e4j\u00e4 on p\u00e4\u00e4tt\u00e4nyt olla aloittamatta tutkintaa, kertoo SVT.<\/p>\n<p><img decoding=\"async\" class=\"image image-show image-preview\" src=\"https:\/\/www.europesays.com\/fi\/wp-content\/uploads\/2025\/12\/5cfb983a0aece46d1623597a62e23bf8f639499b98fe3aecb9864ef90ad47085.jpg\" alt=\"\"\/><img decoding=\"async\" class=\"image image-show\" src=\"https:\/\/www.europesays.com\/fi\/wp-content\/uploads\/2025\/12\/1766362570_190_5cfb983a0aece46d1623597a62e23bf8f639499b98fe3aecb9864ef90ad47085.jpg\" alt=\"\"\/><\/p>\n<p>Ven\u00e4l\u00e4isalus Adler ankkuroituna H\u00f6ganasin edustalla. Fritz Schibli<\/p>\n<p class=\"paragraph\">Ruotsin aluevesille pys\u00e4htynyt ven\u00e4l\u00e4isalus on saanut luvan poistua, kertoo Ruotsin tullin lehdist\u00f6tiedottaja <strong>Martin H\u00f6glund<\/strong> <a href=\"https:\/\/www.svt.se\/nyheter\/lokalt\/helsingborg\/ryskt-fartyg-ankrat-utanfor-hoganas-kan-kopplas-till-ryska-militaren\" rel=\"noopener nofollow\" target=\"_blank\">SVT:lle<\/a>. Tieto poistumisluvasta tuli kello 23 aikaan y\u00f6ll\u00e4 paikallista aikaa, <a href=\"https:\/\/www.expressen.se\/nyheter\/sverige\/tullverket-och-kustbevakningen--har-bordat-ryska-fartyget\/\" rel=\"noopener nofollow\" target=\"_blank\">Expressen<\/a> kertoo uutistoimisto TT:n tietoihin viitaten.<\/p>\n<p class=\"paragraph\">Syytt\u00e4j\u00e4viranomainen, joka alkujaan antoi alukselle poistumiskiellon, p\u00e4\u00e4tti sunnuntai-iltana olla aloittamatta tutkintaa ep\u00e4illyst\u00e4 pakotelain rikkomisesta.<\/p>\n<p class=\"paragraph\">Ven\u00e4l\u00e4isalus joutui ruotsalaisviranomaisten syyniin, kun se pys\u00e4htyi Ruotsin l\u00e4nsirannikolle H\u00f6gan\u00e4sin edustalle lauantaina. Miehist\u00f6n mukaan pys\u00e4htymisen syyn\u00e4 oli moottorivika. Ruotsin tullilaitos, rannikkovartiosto ja poliisi nousivat alukselle sunnuntain vastaisena y\u00f6n\u00e4.<\/p>\n<p class=\"paragraph\">Tulli sai aluksen rahdin tutkimisen p\u00e4\u00e4t\u00f6kseen sunnuntaina, mutta ei ole kertonut julkisuuteen sen sis\u00e4ll\u00f6st\u00e4.<\/p>\n<p class=\"paragraph\">Aluksen omistaa ven\u00e4l\u00e4inen varustamoyhti\u00f6, joka on asetettu EU:ssa ja Yhdysvalloissa pakotelistalle.<\/p>\n<p class=\"paragraph\">Alus joutui miehist\u00f6n mukaan pys\u00e4htym\u00e4\u00e4n Ruotsissa moottorivian takia.<\/p>\n<p class=\"paragraph\">\u2013 Nyt j\u00e4\u00e4 n\u00e4ht\u00e4v\u00e4ksi, milloin alus l\u00e4htee. Jos sill\u00e4 ei ole varaosia, se voi vied\u00e4 aikaa, sanoo tullilaitoksen tiedottaja Martin H\u00f6glund.<\/p>\n","protected":false},"excerpt":{"rendered":"Syytt\u00e4j\u00e4 on p\u00e4\u00e4tt\u00e4nyt olla aloittamatta tutkintaa, kertoo SVT. Ven\u00e4l\u00e4isalus Adler ankkuroituna H\u00f6ganasin edustalla. Fritz Schibli Ruotsin aluevesille pys\u00e4htynyt&hellip;\n","protected":false},"author":2,"featured_media":122705,"comment_status":"","ping_status":"","sticky":false,"template":"","format":"standard","meta":{"footnotes":""},"categories":[14],"tags":[35,22,23,26,27,33,31,30,17,2187,24,25,121,28,29,3036,15,18,21,32,19,20,56,16,2569,2568,59,60,61],"class_list":{"0":"post-122704","1":"post","2":"type-post","3":"status-publish","4":"format-standard","5":"has-post-thumbnail","7":"category-ulkomaat","8":"tag-24h","9":"tag-breaking-news","10":"tag-breakingnews","11":"tag-featured-news","12":"tag-featurednews","13":"tag-fi","14":"tag-finland","15":"tag-finnish","16":"tag-headlines","17":"tag-kulkuneuvot","18":"tag-latest-news","19":"tag-latestnews","20":"tag-liikenne-ja-kuljetus","21":"tag-main-news","22":"tag-mainnews","23":"tag-meri-ja-rannikkoliikenne","24":"tag-news","25":"tag-otsikot","26":"tag-paauutiset","27":"tag-suomi","28":"tag-top-stories","29":"tag-topstories","30":"tag-ulkomaat","31":"tag-uutiset","32":"tag-vesikulkuneuvot","33":"tag-vesiliikenne","34":"tag-world","35":"tag-world-news","36":"tag-worldnews"},"share_on_mastodon":{"url":"https:\/\/pubeurope.com\/@fi\/115760345049525361","error":""},"_links":{"self":[{"href":"https:\/\/www.europesays.com\/fi\/wp-json\/wp\/v2\/posts\/122704","targetHints":{"allow":["GET"]}}],"collection":[{"href":"https:\/\/www.europesays.com\/fi\/wp-json\/wp\/v2\/posts"}],"about":[{"href":"https:\/\/www.europesays.com\/fi\/wp-json\/wp\/v2\/types\/post"}],"author":[{"embeddable":true,"href":"https:\/\/www.europesays.com\/fi\/wp-json\/wp\/v2\/users\/2"}],"replies":[{"embeddable":true,"href":"https:\/\/www.europesays.com\/fi\/wp-json\/wp\/v2\/comments?post=122704"}],"version-history":[{"count":0,"href":"https:\/\/www.europesays.com\/fi\/wp-json\/wp\/v2\/posts\/122704\/revisions"}],"wp:featuredmedia":[{"embeddable":true,"href":"https:\/\/www.europesays.com\/fi\/wp-json\/wp\/v2\/media\/122705"}],"wp:attachment":[{"href":"https:\/\/www.europesays.com\/fi\/wp-json\/wp\/v2\/media?parent=122704"}],"wp:term":[{"taxonomy":"category","embeddable":true,"href":"https:\/\/www.europesays.com\/fi\/wp-json\/wp\/v2\/categories?post=122704"},{"taxonomy":"post_tag","embeddable":true,"href":"https:\/\/www.europesays.com\/fi\/wp-json\/wp\/v2\/tags?post=122704"}],"curies":[{"name":"wp","href":"https:\/\/api.w.org\/{rel}","templated":true}]}}