{"id":122706,"date":"2025-12-22T00:17:08","date_gmt":"2025-12-22T00:17:08","guid":{"rendered":"https:\/\/www.europesays.com\/fi\/122706\/"},"modified":"2025-12-22T00:17:08","modified_gmt":"2025-12-22T00:17:08","slug":"yksinaisyyteen-kannattaa-hakea-apua-hs-fi","status":"publish","type":"post","link":"https:\/\/www.europesays.com\/fi\/122706\/","title":{"rendered":"Yksin\u00e4isyyteen kannattaa hakea apua | HS.fi"},"content":{"rendered":"<p>Lukijan mielipide|Toivottavasti jokaisella olisi edes joku toinen ihminen, jonka kanssa viett\u00e4\u00e4 joulua.<\/p>\n<p class=\"article-body nof-ui-body-medium mb-nof-24 px-nof-16\">Kirjoitus on Helsingin Sanomien lukijan mielipide. <\/p>\n<p class=\"article-body mb-nof-24 px-nof-16\">Moni on taas jouluna aivan yksin\u00e4\u00e4n. Toivottavasti jokaisella olisi edes joku toinen ihminen, jonka kanssa viett\u00e4\u00e4 joulua.<\/p>\n<p class=\"article-body mb-nof-24 px-nof-16\">Yksin\u00e4\u00e4n olo pitk\u00e4\u00e4n ei ole hyv\u00e4ksi terveydelle. Yksin\u00e4isyyteen saa apuja monista paikoista, esimerkiksi HelsinkiMissiosta tai seurakunnista. <a class=\"article-genericlink\" href=\"https:\/\/mieli.fi\/tukea-ja-apua\/kriisipuhelin\/\" rel=\"nofollow noopener\" target=\"_blank\">Mieli ry:n kriisilinja<\/a> p\u00e4ivyst\u00e4\u00e4 joka p\u00e4iv\u00e4 vuorokauden ymp\u00e4ri.<\/p>\n<p class=\"article-body mb-nof-24 px-nof-16\">Toivotaan, ett\u00e4 hyvin harva on yksin\u00e4\u00e4n nyt jouluna ja ett\u00e4 yksin\u00e4isyys v\u00e4henee monen osalta, kun siihen itse hakee apua.<\/p>\n<p class=\"article-body mb-nof-24 px-nof-16\">Mika Lille<\/p>\n<p class=\"article-body mb-nof-24 px-nof-16\">Helsinki<\/p>\n<p class=\"article-body nof-ui-body-medium mb-nof-24 px-nof-16\">HS:n toimitus valitsee ja toimittaa mielipidekirjoitukset. Voit j\u00e4tt\u00e4\u00e4 mielipidekirjoituksen tai tutustua kirjoitusten periaatteisiin osoitteessa <a class=\"article-genericlink article-endnote\" href=\"http:\/\/www.hs.fi\/kirjoitamielipidekirjoitus\/\" rel=\"nofollow noopener\" target=\"_blank\">http:\/\/www.hs.fi\/kirjoitamielipidekirjoitus\/<\/a>. <\/p>\n","protected":false},"excerpt":{"rendered":"Lukijan mielipide|Toivottavasti jokaisella olisi edes joku toinen ihminen, jonka kanssa viett\u00e4\u00e4 joulua. Kirjoitus on Helsingin Sanomien lukijan mielipide.&hellip;\n","protected":false},"author":2,"featured_media":96697,"comment_status":"","ping_status":"","sticky":false,"template":"","format":"standard","meta":{"footnotes":""},"categories":[12],"tags":[22,23,26,27,33,31,30,17,46,24,25,28,29,15,18,21,32,19,20,16],"class_list":{"0":"post-122706","1":"post","2":"type-post","3":"status-publish","4":"format-standard","5":"has-post-thumbnail","7":"category-suomi","8":"tag-breaking-news","9":"tag-breakingnews","10":"tag-featured-news","11":"tag-featurednews","12":"tag-fi","13":"tag-finland","14":"tag-finnish","15":"tag-headlines","16":"tag-helsingin-sanomat","17":"tag-latest-news","18":"tag-latestnews","19":"tag-main-news","20":"tag-mainnews","21":"tag-news","22":"tag-otsikot","23":"tag-paauutiset","24":"tag-suomi","25":"tag-top-stories","26":"tag-topstories","27":"tag-uutiset"},"share_on_mastodon":{"url":"https:\/\/pubeurope.com\/@fi\/115760348861163102","error":""},"_links":{"self":[{"href":"https:\/\/www.europesays.com\/fi\/wp-json\/wp\/v2\/posts\/122706","targetHints":{"allow":["GET"]}}],"collection":[{"href":"https:\/\/www.europesays.com\/fi\/wp-json\/wp\/v2\/posts"}],"about":[{"href":"https:\/\/www.europesays.com\/fi\/wp-json\/wp\/v2\/types\/post"}],"author":[{"embeddable":true,"href":"https:\/\/www.europesays.com\/fi\/wp-json\/wp\/v2\/users\/2"}],"replies":[{"embeddable":true,"href":"https:\/\/www.europesays.com\/fi\/wp-json\/wp\/v2\/comments?post=122706"}],"version-history":[{"count":0,"href":"https:\/\/www.europesays.com\/fi\/wp-json\/wp\/v2\/posts\/122706\/revisions"}],"wp:featuredmedia":[{"embeddable":true,"href":"https:\/\/www.europesays.com\/fi\/wp-json\/wp\/v2\/media\/96697"}],"wp:attachment":[{"href":"https:\/\/www.europesays.com\/fi\/wp-json\/wp\/v2\/media?parent=122706"}],"wp:term":[{"taxonomy":"category","embeddable":true,"href":"https:\/\/www.europesays.com\/fi\/wp-json\/wp\/v2\/categories?post=122706"},{"taxonomy":"post_tag","embeddable":true,"href":"https:\/\/www.europesays.com\/fi\/wp-json\/wp\/v2\/tags?post=122706"}],"curies":[{"name":"wp","href":"https:\/\/api.w.org\/{rel}","templated":true}]}}