{"id":122712,"date":"2025-12-22T00:41:16","date_gmt":"2025-12-22T00:41:16","guid":{"rendered":"https:\/\/www.europesays.com\/fi\/122712\/"},"modified":"2025-12-22T00:41:16","modified_gmt":"2025-12-22T00:41:16","slug":"yksi-arsytyksen-aihe-nousee-liikenteessa-ylitse-muiden","status":"publish","type":"post","link":"https:\/\/www.europesays.com\/fi\/122712\/","title":{"rendered":"Yksi \u00e4rsytyksen aihe nousee liikenteess\u00e4 ylitse muiden!"},"content":{"rendered":"<p>Pian on taas vuosittaisen joululiikenteen aika, ja monella autoilijalla saattaa pinna kiristy\u00e4 ruuhkissa. Yksi \u00e4rsytyksen aihe nousee liikenteess\u00e4 ylitse muiden, ilmenee K-Auton nelj\u00e4tt\u00e4 vuotta per\u00e4tt\u00e4in teett\u00e4m\u00e4st\u00e4 ja koko Suomea tilastollisesti kattavasti edustavasta Autoilun suunta -tutkimuksesta. Tutkimuksessa selvitet\u00e4\u00e4n autoilijoiden n\u00e4kemyksi\u00e4 autoilusta ja liikenteest\u00e4.<\/p>\n<p>Kysyimme t\u00e4m\u00e4n vuoden Autoilun suunta -tutkimuksessamme ensimm\u00e4ist\u00e4 kertaa, mik\u00e4 suomalaisia autoilijoita \u00e4rsytt\u00e4\u00e4 eniten liikenteess\u00e4.<\/p>\n<p>Ykk\u00f6ssija oli selv\u00e4: eniten liikenteess\u00e4 hermoja kirist\u00e4\u00e4 per\u00e4ss\u00e4 roikkuminen, jota jopa 69 prosenttia vastaajista pit\u00e4\u00e4 \u00e4rsytt\u00e4v\u00e4n\u00e4. Toisena listalla ovat autoilijat, jotka eiv\u00e4t k\u00e4yt\u00e4 vilkkua (67 %) ja kolmantena puhelinta ratissa r\u00e4pl\u00e4\u00e4v\u00e4t (54 %).<\/p>\n<p>Huomion arvoista on my\u00f6s se, ett\u00e4 hitaasti ajavat autoilijat (47 %) koetaan liikenteess\u00e4 \u00e4rsytt\u00e4v\u00e4mmiksi kuin ylinopeutta ajavat (28 %). Jopa huolimaton pys\u00e4k\u00f6inti (33 %) kohoaa ylinopeuden edelle.<\/p>\n<p>\u201dKyll\u00e4h\u00e4n liikenteess\u00e4 voi \u00e4rsytt\u00e4\u00e4 monikin asia. Tutkimukseen peilaten n\u00e4en erinomaisena asiana sen, ett\u00e4 valtaosassa Volkswagenin malleista on mukautuva vakionopeudens\u00e4\u00e4din, joka tukee turvallista ajamista pit\u00e4m\u00e4ll\u00e4 s\u00e4\u00e4detyn et\u00e4isyyden edell\u00e4 ajavaan\u201d, sanoo K-Autolla Volkswagenin tuotep\u00e4\u00e4llikk\u00f6n\u00e4 ty\u00f6skentelev\u00e4 <strong>Toni Nieminen.<\/strong><\/p>\n<p><strong>K\u00e4yt\u00e4nn\u00f6nl\u00e4heist\u00e4 vetokoukkukansaa<\/strong><\/p>\n<p>Suomalaisten autoilijoiden mielest\u00e4 auton t\u00e4rkeimm\u00e4t varusteet ovat tehokkaat ajovalot, joita jopa 77 prosenttia vastaajista pit\u00e4\u00e4 t\u00e4rke\u00e4n\u00e4. Ajovalojen j\u00e4lkeen listan k\u00e4rkeen nousivat lohko- ja sis\u00e4tilal\u00e4mmitin (71 %), pys\u00e4k\u00f6intitutka ja peruutuskamera (67 %) sek\u00e4 vetokoukku (51 %).<\/p>\n<p>Listan h\u00e4nnille taas j\u00e4iv\u00e4t esimerkiksi metalliv\u00e4ri, jota vain 13 prosenttia vastaajista pit\u00e4\u00e4 t\u00e4rke\u00e4n\u00e4 varusteena. My\u00f6sk\u00e4\u00e4n nahkaverhoilua (12 %) ei pidet\u00e4 kovinkaan t\u00e4rke\u00e4n\u00e4, ja panoraamakattoa viel\u00e4 sit\u00e4kin v\u00e4hemm\u00e4n (6 %).<\/p>\n<p>\u201dSuomalaiset ovat k\u00e4yt\u00e4nn\u00f6nl\u00e4heisi\u00e4 autoilijoita, jotka tykk\u00e4\u00e4v\u00e4t vet\u00e4\u00e4 autonsa per\u00e4ss\u00e4 veneit\u00e4 ja asuntovaunuja. Autoilijan pit\u00e4\u00e4 pysty\u00e4 liikkumaan kaikissa olosuhteissa, siksi parhaan mahdollisen n\u00e4kyvyyden tarjoavat iQ.Light-matriisiajovalot ovat my\u00f6s suosiossa. Suomessa s\u00e4\u00e4olosuhteet vaihtelevat suuresti, joten polttoainek\u00e4ytt\u00f6inen lis\u00e4l\u00e4mmitin tai lohko- ja sis\u00e4tilal\u00e4mmitin lis\u00e4\u00e4v\u00e4t sek\u00e4 mukavuutta ett\u00e4 turvallisuutta. Parkkipaikoilla taas auttavat sek\u00e4 pys\u00e4k\u00f6intitutka ett\u00e4 peruutuskamera, jolle Volkswageneissa on pesuri. Volkswagenin, kuten muidenkin K-Auton edustamien merkkien autot varustellaan aina suomalaisten toiveiden mukaisesti Suomen markkinaan. L\u00e4ht\u00f6kohtana on se, ett\u00e4 autoissamme on vakiona sellaisia varusteita, joita suomalaiset haluavat ja arvostavat\u201d, Nieminen toteaa.<\/p>\n<p>Kysyimme my\u00f6s, mit\u00e4 suomalainen autoilija kuuntelee ajaessaan. Tutkimuksen mukaan perinteinen radio pit\u00e4\u00e4 pintansa edelleen, sill\u00e4 radiota kuuntelee 59 prosenttia vastaajista. Puhelimen soittolistan valitsee 29 prosenttia vastaajista ja podcastin tai \u00e4\u00e4nikirjan 7 prosenttia. Vain 4 prosenttia vastaa, ettei kuuntele mit\u00e4\u00e4n ajaessaan autoa ja loput pari prosenttia valitsi \u201djonkin muun\u201d.<\/p>\n<p>Tutkimuksen mukaan suomalainen autoilija ajaa keskim\u00e4\u00e4rin 32 kilometri\u00e4 p\u00e4iv\u00e4ss\u00e4 ja 19 000 kilometri\u00e4 vuodessa. Ajom\u00e4\u00e4r\u00e4t ovat hieman laskeneet aiemmista tutkimuksista.<\/p>\n<p>***<\/p>\n<p><strong>Tutkimuksesta<\/strong><\/p>\n<p>K-Auton teett\u00e4m\u00e4 Autoilun suunta -tutkimus kertoo nyt nelj\u00e4tt\u00e4 kertaa, milt\u00e4 autoilun maailma n\u00e4ytt\u00e4\u00e4, kun \u00e4\u00e4nen saavat suomalaiset autoilijat.<\/p>\n<p>Autoilun suunta -tutkimus toteutettiin K-Auton toimeksiannosta Norstatin internet-paneelissa lokakuussa 2025. Kohderyhm\u00e4n\u00e4 olivat 18\u201374-vuotiaat suomalaiset autoilijat. Tutkimuksen vastaajam\u00e4\u00e4r\u00e4 oli 1017, ja se edustaa kohderyhm\u00e4\u00e4 sukupuolen, i\u00e4n ja asuinpaikan osalta.<\/p>\n<p>Autoilijat m\u00e4\u00e4riteltiin seuraavasti:<\/p>\n<ul>\n<li>vastaaja ajaa itse autoa v\u00e4hint\u00e4\u00e4n kerran kuukaudessa<\/li>\n<li>taloudessa on auto vastaajan k\u00e4ytett\u00e4viss\u00e4<\/li>\n<\/ul>\n<p><strong>Lue my\u00f6s<\/strong><\/p>\n<p><a style=\"color: #0000ff; text-decoration: underline;\" href=\"https:\/\/autotoday.fi\/f1-veneet-sami-selion-aika-ajo-jai-kesken\/\" target=\"_blank\" rel=\"noopener nofollow\">F1-veneet: Sami Seli\u00f6n aika-ajo j\u00e4i kesken!<\/a><\/p>\n<p><a style=\"color: #0000ff; text-decoration: underline;\" href=\"https:\/\/autotoday.fi\/mika-tekee-autosta-kauniin\/\" target=\"_blank\" rel=\"noopener nofollow\">Mik\u00e4 tekee autosta kauniin?<\/a><\/p>\n<p><strong><a style=\"color: #0000ff; text-decoration: underline;\" href=\"https:\/\/us14.list-manage.com\/subscribe?u=8e0515500bad564d269cfa032&amp;id=956a995607\" target=\"_blank\" rel=\"noopener noreferrer nofollow\">\/\/ TILAA T\u00c4ST\u00c4 AUTOTODAYN UUTISKIRJE \/\/<\/a><\/strong><\/p>\n","protected":false},"excerpt":{"rendered":"Pian on taas vuosittaisen joululiikenteen aika, ja monella autoilijalla saattaa pinna kiristy\u00e4 ruuhkissa. Yksi \u00e4rsytyksen aihe nousee liikenteess\u00e4&hellip;\n","protected":false},"author":2,"featured_media":122713,"comment_status":"","ping_status":"","sticky":false,"template":"","format":"standard","meta":{"footnotes":""},"categories":[76],"tags":[79,77,33,31,30,32,78],"class_list":{"0":"post-122712","1":"post","2":"type-post","3":"status-publish","4":"format-standard","5":"has-post-thumbnail","7":"category-talous","8":"tag-business","9":"tag-economy","10":"tag-fi","11":"tag-finland","12":"tag-finnish","13":"tag-suomi","14":"tag-talous"},"share_on_mastodon":{"url":"https:\/\/pubeurope.com\/@fi\/115760444059986486","error":""},"_links":{"self":[{"href":"https:\/\/www.europesays.com\/fi\/wp-json\/wp\/v2\/posts\/122712","targetHints":{"allow":["GET"]}}],"collection":[{"href":"https:\/\/www.europesays.com\/fi\/wp-json\/wp\/v2\/posts"}],"about":[{"href":"https:\/\/www.europesays.com\/fi\/wp-json\/wp\/v2\/types\/post"}],"author":[{"embeddable":true,"href":"https:\/\/www.europesays.com\/fi\/wp-json\/wp\/v2\/users\/2"}],"replies":[{"embeddable":true,"href":"https:\/\/www.europesays.com\/fi\/wp-json\/wp\/v2\/comments?post=122712"}],"version-history":[{"count":0,"href":"https:\/\/www.europesays.com\/fi\/wp-json\/wp\/v2\/posts\/122712\/revisions"}],"wp:featuredmedia":[{"embeddable":true,"href":"https:\/\/www.europesays.com\/fi\/wp-json\/wp\/v2\/media\/122713"}],"wp:attachment":[{"href":"https:\/\/www.europesays.com\/fi\/wp-json\/wp\/v2\/media?parent=122712"}],"wp:term":[{"taxonomy":"category","embeddable":true,"href":"https:\/\/www.europesays.com\/fi\/wp-json\/wp\/v2\/categories?post=122712"},{"taxonomy":"post_tag","embeddable":true,"href":"https:\/\/www.europesays.com\/fi\/wp-json\/wp\/v2\/tags?post=122712"}],"curies":[{"name":"wp","href":"https:\/\/api.w.org\/{rel}","templated":true}]}}