{"id":122715,"date":"2025-12-22T00:43:09","date_gmt":"2025-12-22T00:43:09","guid":{"rendered":"https:\/\/www.europesays.com\/fi\/122715\/"},"modified":"2025-12-22T00:43:09","modified_gmt":"2025-12-22T00:43:09","slug":"poliisi-ja-kansalaiset-jahtasivat-hevosia","status":"publish","type":"post","link":"https:\/\/www.europesays.com\/fi\/122715\/","title":{"rendered":"Poliisi ja kansalaiset jahtasivat hevosia"},"content":{"rendered":"<p>Kolme hevosta l\u00e4hti my\u00f6h\u00e4\u00e4n illalla juoksemaan kohti Haukiputaan keskustaa.<\/p>\n<p class=\"article-body mb-nof-24 px-nof-16\">Poliisi p\u00e4\u00e4tyi jahtaamaan hevosia my\u00f6h\u00e4\u00e4n sunnuntai-iltana Oulussa. My\u00f6s avuliaita kansalaisia osallistui operaatioon.<\/p>\n<p class=\"article-body mb-nof-24 px-nof-16\">Kiiminkijoentiell\u00e4 juoksi noin kello 23 vapaina kolme hevosta. Ne jolkottelivat kohti Haukiputaan keskustaa.<\/p>\n<p class=\"article-body mb-nof-24 px-nof-16\">Asiasta tuli useita soittoja h\u00e4t\u00e4keskukseen, kertoo Oulun poliisilaitos tiedotteessa. Paikalle l\u00e4hti kaksi poliisipartiota tavoittelemaan hevosia.<\/p>\n<p class=\"article-body mb-nof-24 px-nof-16\">Niiden etsimiseen osallistui my\u00f6s kansalaisia, jotka liikkuivat autoilla, kertoo poliisi. My\u00f6s hevosten omistaja soitti h\u00e4t\u00e4keskukseen noin kello 23.30, ja h\u00e4nkin l\u00e4hti etsim\u00e4\u00e4n hevosiaan.<\/p>\n<p class=\"article-body mb-nof-24 px-nof-16\">Poliisin, omistajan ja avuliaiden ohikulkijoiden avulla kaikki kolme hevosta saatiin kiinni puoleny\u00f6n aikaan. Ne palautettiin kotitallilleen vahingoittumattomina mutta hieman v\u00e4synein\u00e4, kertoo poliisi.<\/p>\n<p class=\"article-body mb-nof-24 px-nof-16\">Poliisi kiitt\u00e4\u00e4 tiedotteessaan avuliaita ihmisi\u00e4, jotka osallistuivat tilanteen hoitamiseen.<\/p>\n","protected":false},"excerpt":{"rendered":"Kolme hevosta l\u00e4hti my\u00f6h\u00e4\u00e4n illalla juoksemaan kohti Haukiputaan keskustaa. Poliisi p\u00e4\u00e4tyi jahtaamaan hevosia my\u00f6h\u00e4\u00e4n sunnuntai-iltana Oulussa. My\u00f6s avuliaita&hellip;\n","protected":false},"author":2,"featured_media":1024,"comment_status":"","ping_status":"","sticky":false,"template":"","format":"standard","meta":{"footnotes":""},"categories":[12],"tags":[22,23,26,27,33,31,30,17,34,24,25,28,29,15,18,21,32,19,20,16],"class_list":{"0":"post-122715","1":"post","2":"type-post","3":"status-publish","4":"format-standard","5":"has-post-thumbnail","7":"category-suomi","8":"tag-breaking-news","9":"tag-breakingnews","10":"tag-featured-news","11":"tag-featurednews","12":"tag-fi","13":"tag-finland","14":"tag-finnish","15":"tag-headlines","16":"tag-ilta-sanomat","17":"tag-latest-news","18":"tag-latestnews","19":"tag-main-news","20":"tag-mainnews","21":"tag-news","22":"tag-otsikot","23":"tag-paauutiset","24":"tag-suomi","25":"tag-top-stories","26":"tag-topstories","27":"tag-uutiset"},"share_on_mastodon":{"url":"","error":""},"_links":{"self":[{"href":"https:\/\/www.europesays.com\/fi\/wp-json\/wp\/v2\/posts\/122715","targetHints":{"allow":["GET"]}}],"collection":[{"href":"https:\/\/www.europesays.com\/fi\/wp-json\/wp\/v2\/posts"}],"about":[{"href":"https:\/\/www.europesays.com\/fi\/wp-json\/wp\/v2\/types\/post"}],"author":[{"embeddable":true,"href":"https:\/\/www.europesays.com\/fi\/wp-json\/wp\/v2\/users\/2"}],"replies":[{"embeddable":true,"href":"https:\/\/www.europesays.com\/fi\/wp-json\/wp\/v2\/comments?post=122715"}],"version-history":[{"count":0,"href":"https:\/\/www.europesays.com\/fi\/wp-json\/wp\/v2\/posts\/122715\/revisions"}],"wp:featuredmedia":[{"embeddable":true,"href":"https:\/\/www.europesays.com\/fi\/wp-json\/wp\/v2\/media\/1024"}],"wp:attachment":[{"href":"https:\/\/www.europesays.com\/fi\/wp-json\/wp\/v2\/media?parent=122715"}],"wp:term":[{"taxonomy":"category","embeddable":true,"href":"https:\/\/www.europesays.com\/fi\/wp-json\/wp\/v2\/categories?post=122715"},{"taxonomy":"post_tag","embeddable":true,"href":"https:\/\/www.europesays.com\/fi\/wp-json\/wp\/v2\/tags?post=122715"}],"curies":[{"name":"wp","href":"https:\/\/api.w.org\/{rel}","templated":true}]}}