{"id":122721,"date":"2025-12-22T01:07:09","date_gmt":"2025-12-22T01:07:09","guid":{"rendered":"https:\/\/www.europesays.com\/fi\/122721\/"},"modified":"2025-12-22T01:07:09","modified_gmt":"2025-12-22T01:07:09","slug":"toivon-joululahjaksi-kotikunnalleni-ja-sen-asukkaille-js-kysyi-lahjatoiveista-valtuutetut-vastasivat","status":"publish","type":"post","link":"https:\/\/www.europesays.com\/fi\/122721\/","title":{"rendered":"Toivon joululahjaksi kotikunnalleni ja sen asukkaille&#8230; \u2013 JS kysyi lahjatoiveista, valtuutetut vastasivat"},"content":{"rendered":"<p><img decoding=\"async\" class=\"Image Image_\" data-agminimgsize=\"4096\" src=\"\" data-aghref=\"http:\/\/www.joutsanseutu.fi\/image-3.3421.4686.20251219105502.51567ffab7\" data-agimagetype=\"softcrop\" data-agorigwidth=\"1598\" data-agorigheight=\"1066\" alt=\"Mik\u00e4 olisi Joutsan ja Luhangan valtuutettujen mielest\u00e4 sopiva joululahja heid\u00e4n kotikunnalleen ja sen asukkaille? Ent\u00e4 mit\u00e4 valtuutetut toivoisivat joululahjaksi itselleen. JS kysyi, valtuutetut vastasivat.\"\/><\/p>\n<p class=\"Caption\">Mik\u00e4 olisi Joutsan ja Luhangan valtuutettujen mielest\u00e4 sopiva joululahja heid\u00e4n kotikunnalleen ja sen asukkaille? Ent\u00e4 mit\u00e4 valtuutetut toivoisivat joululahjaksi itselleen. JS kysyi, valtuutetut vastasivat.<\/p>\n<p class=\"Source\">Tarja Kuikka<\/p>\n<p>Jout\u00adsan Seu\u00addun Ala\u00adkul\u00adma-pals\u00adtal\u00adla jul\u00adkais\u00adtaan sil\u00adloin t\u00e4l\u00adl\u00f6in JS 50 vuot\u00adta sit\u00adten -jut\u00adtu\u00adja, joi\u00adhin on poi\u00admit\u00adtu jut\u00adtu\u00adai\u00adhei\u00adta pai\u00adkal\u00adlis\u00adleh\u00addes\u00adt\u00e4 vii\u00adden\u00adkym\u00adme\u00adnen vuo\u00adden ta\u00adkaa.<\/p>\n<p>Oletko tilaaja? K\u00e4ytt\u00e4j\u00e4tunnuksen ja\/tai salasanan voit tiedustella asiakaspalvelustamme (konttori@joutsanseutu.fi tai 0201 876 100)\n<\/p>\n<p><\/p>\n<p>\nOta yhteytt\u00e4 toimitukseen<\/p>\n","protected":false},"excerpt":{"rendered":"Mik\u00e4 olisi Joutsan ja Luhangan valtuutettujen mielest\u00e4 sopiva joululahja heid\u00e4n kotikunnalleen ja sen asukkaille? Ent\u00e4 mit\u00e4 valtuutetut toivoisivat&hellip;\n","protected":false},"author":2,"featured_media":122722,"comment_status":"","ping_status":"","sticky":false,"template":"","format":"standard","meta":{"footnotes":""},"categories":[76],"tags":[79,77,33,31,30,32,78],"class_list":{"0":"post-122721","1":"post","2":"type-post","3":"status-publish","4":"format-standard","5":"has-post-thumbnail","7":"category-talous","8":"tag-business","9":"tag-economy","10":"tag-fi","11":"tag-finland","12":"tag-finnish","13":"tag-suomi","14":"tag-talous"},"share_on_mastodon":{"url":"https:\/\/pubeurope.com\/@fi\/115760545721097296","error":""},"_links":{"self":[{"href":"https:\/\/www.europesays.com\/fi\/wp-json\/wp\/v2\/posts\/122721","targetHints":{"allow":["GET"]}}],"collection":[{"href":"https:\/\/www.europesays.com\/fi\/wp-json\/wp\/v2\/posts"}],"about":[{"href":"https:\/\/www.europesays.com\/fi\/wp-json\/wp\/v2\/types\/post"}],"author":[{"embeddable":true,"href":"https:\/\/www.europesays.com\/fi\/wp-json\/wp\/v2\/users\/2"}],"replies":[{"embeddable":true,"href":"https:\/\/www.europesays.com\/fi\/wp-json\/wp\/v2\/comments?post=122721"}],"version-history":[{"count":0,"href":"https:\/\/www.europesays.com\/fi\/wp-json\/wp\/v2\/posts\/122721\/revisions"}],"wp:featuredmedia":[{"embeddable":true,"href":"https:\/\/www.europesays.com\/fi\/wp-json\/wp\/v2\/media\/122722"}],"wp:attachment":[{"href":"https:\/\/www.europesays.com\/fi\/wp-json\/wp\/v2\/media?parent=122721"}],"wp:term":[{"taxonomy":"category","embeddable":true,"href":"https:\/\/www.europesays.com\/fi\/wp-json\/wp\/v2\/categories?post=122721"},{"taxonomy":"post_tag","embeddable":true,"href":"https:\/\/www.europesays.com\/fi\/wp-json\/wp\/v2\/tags?post=122721"}],"curies":[{"name":"wp","href":"https:\/\/api.w.org\/{rel}","templated":true}]}}