{"id":122723,"date":"2025-12-22T01:08:10","date_gmt":"2025-12-22T01:08:10","guid":{"rendered":"https:\/\/www.europesays.com\/fi\/122723\/"},"modified":"2025-12-22T01:08:10","modified_gmt":"2025-12-22T01:08:10","slug":"venaja-ei-voi-pysayttaa-enaa-sotakonettaan","status":"publish","type":"post","link":"https:\/\/www.europesays.com\/fi\/122723\/","title":{"rendered":"Ven\u00e4j\u00e4 ei voi pys\u00e4ytt\u00e4\u00e4 en\u00e4\u00e4 sotakonettaan."},"content":{"rendered":"<p>Putinin muutaman p\u00e4iv\u00e4n sota ja ilomarssi Kiovan kaduille on muuttunut pysyv\u00e4ksi sodaksi. Alunperinh\u00e4n t\u00e4ss\u00e4 oli agendana puuttua \u201djuurisyihin\u201d ja jahdata joitain nistej\u00e4 ja natseja Ukrainassa. Nyt t\u00e4m\u00e4 agenda on alkanut tuottamaan versiota 2.0 jossa halutan KAIKKI muinoin Ven\u00e4j\u00e4\u00e4n ja Neuvostoliitton kuuluneet maat ja alueet. Koko idea on mielipuolinen mutta niin on sen arkkitehtikin, Putin. H\u00e4n tiet\u00e4\u00e4 ettei voi en\u00e4\u00e4 peruuttaa, maa alkaa olla jo nyt niin riippuvainen sotatalouden rattaista jotta jos ne pys\u00e4htyy niin maata uhkaa taloudellinen katastrofi, valta vaihtuu, tulee kaaos ja luulvasti jopa osa Ven\u00e4j\u00e4st\u00e4 hajoaa pienemmiksi valtioiksi.<\/p>\n<p>Pit\u00e4\u00e4 my\u00f6s muistaa historiasta ett\u00e4 kun Stalin kuoli vuonna 1953 niin sen ajan kommunistinen imperiumi romahti suhteellisen rauhallisesti ja tilalle tuli \u201dlook a like Stalineita\u201d joilla ei todellista hirmuvaltaa ollut, vanhuksia el\u00e4m\u00e4ns\u00e4 loppup\u00e4\u00e4ss\u00e4. Saatiin aikaiseksi l\u00e4hinn\u00e4 kylm\u00e4sota. Ja vuonna 1991 Ven\u00e4j\u00e4n romahtaessa kylm\u00e4nsodan rasittama maa oli kusessa. Neuvostoliiton rahat olivat sulaneet juuri sotateollisuuteen, sama tulee toistumaan j\u00e4lleen kerran.<\/p>\n<p>T\u00e4ss\u00e4 Ven\u00e4j\u00e4 pelaa nyt upporikasta ja rutik\u00f6yh\u00e4\u00e4 yhden kortin varassa, se kortti on Putinilla, eik\u00e4 hyv\u00e4lt\u00e4 n\u00e4yt\u00e4 Ven\u00e4j\u00e4n osalta.<\/p>\n<p>Kuvassa kaksi suuruudenhullua, sill\u00e4 erotuksella ett\u00e4 Putin ei ole saanut aikaiseksi Ukrainan osalta paljon mit\u00e4\u00e4n, siin\u00e4 miss\u00e4 Aatu k\u00e4vi kolkuttelemassa Moskovan portteja ja eteni salamasodalla hyvin syv\u00e4lle voi Putin vain katsella valokuvista milt\u00e4 Kiova n\u00e4ytt\u00e4\u00e4. Kohta menn\u00e4\u00e4n sen aikam\u00e4\u00e4reen ohi jonka Neuvostoliitto k\u00e4ytti suuressa is\u00e4nmaallisessa sodassa Saksaa vastaan vuosina 1941-1945. T\u00e4m\u00e4 osoittaa ett\u00e4 entinen KGB:n p\u00f6yt\u00e4laatikko upseeri olisi voinut jatkaa hommiaan vain papereita py\u00f6ritellen, ei t\u00e4st\u00e4 ole oikeaa vastusta ket\u00e4\u00e4n vastaan.<\/p>\n<p><img decoding=\"async\" src=\"https:\/\/www.europesays.com\/fi\/wp-content\/uploads\/2025\/12\/G8ivuoeXkAEgOs9\" alt=\"Kuva\"\/><\/p>\n<p>Kuva: Getty Images,United24media, X<\/p>\n<p>\u00a0<\/p>\n<p class=\"italic font-radio-canada\">\n        Uuden Suomen blogipalvelussa bloggaajat julkaisevat tekstins\u00e4 itse ja niiss\u00e4 esitetyt n\u00e4kemykset ovat kirjoittajien omia.\n        <\/p>\n","protected":false},"excerpt":{"rendered":"Putinin muutaman p\u00e4iv\u00e4n sota ja ilomarssi Kiovan kaduille on muuttunut pysyv\u00e4ksi sodaksi. Alunperinh\u00e4n t\u00e4ss\u00e4 oli agendana puuttua \u201djuurisyihin\u201d&hellip;\n","protected":false},"author":2,"featured_media":122724,"comment_status":"","ping_status":"","sticky":false,"template":"","format":"standard","meta":{"footnotes":""},"categories":[14],"tags":[22,23,26,27,33,31,30,17,24,25,28,29,15,18,21,32,19,20,56,16,59,60,61],"class_list":{"0":"post-122723","1":"post","2":"type-post","3":"status-publish","4":"format-standard","5":"has-post-thumbnail","7":"category-ulkomaat","8":"tag-breaking-news","9":"tag-breakingnews","10":"tag-featured-news","11":"tag-featurednews","12":"tag-fi","13":"tag-finland","14":"tag-finnish","15":"tag-headlines","16":"tag-latest-news","17":"tag-latestnews","18":"tag-main-news","19":"tag-mainnews","20":"tag-news","21":"tag-otsikot","22":"tag-paauutiset","23":"tag-suomi","24":"tag-top-stories","25":"tag-topstories","26":"tag-ulkomaat","27":"tag-uutiset","28":"tag-world","29":"tag-world-news","30":"tag-worldnews"},"share_on_mastodon":{"url":"https:\/\/pubeurope.com\/@fi\/115760549494542080","error":""},"_links":{"self":[{"href":"https:\/\/www.europesays.com\/fi\/wp-json\/wp\/v2\/posts\/122723","targetHints":{"allow":["GET"]}}],"collection":[{"href":"https:\/\/www.europesays.com\/fi\/wp-json\/wp\/v2\/posts"}],"about":[{"href":"https:\/\/www.europesays.com\/fi\/wp-json\/wp\/v2\/types\/post"}],"author":[{"embeddable":true,"href":"https:\/\/www.europesays.com\/fi\/wp-json\/wp\/v2\/users\/2"}],"replies":[{"embeddable":true,"href":"https:\/\/www.europesays.com\/fi\/wp-json\/wp\/v2\/comments?post=122723"}],"version-history":[{"count":0,"href":"https:\/\/www.europesays.com\/fi\/wp-json\/wp\/v2\/posts\/122723\/revisions"}],"wp:featuredmedia":[{"embeddable":true,"href":"https:\/\/www.europesays.com\/fi\/wp-json\/wp\/v2\/media\/122724"}],"wp:attachment":[{"href":"https:\/\/www.europesays.com\/fi\/wp-json\/wp\/v2\/media?parent=122723"}],"wp:term":[{"taxonomy":"category","embeddable":true,"href":"https:\/\/www.europesays.com\/fi\/wp-json\/wp\/v2\/categories?post=122723"},{"taxonomy":"post_tag","embeddable":true,"href":"https:\/\/www.europesays.com\/fi\/wp-json\/wp\/v2\/tags?post=122723"}],"curies":[{"name":"wp","href":"https:\/\/api.w.org\/{rel}","templated":true}]}}