{"id":122725,"date":"2025-12-22T01:09:11","date_gmt":"2025-12-22T01:09:11","guid":{"rendered":"https:\/\/www.europesays.com\/fi\/122725\/"},"modified":"2025-12-22T01:09:11","modified_gmt":"2025-12-22T01:09:11","slug":"kun-aino-liukastui-parkkipaikalla-myos-hanen-taloutensa-romahti-tarvitsen-apua-mutten-haluaisi-tuntea-hapeaa-ja-syyllisyytta","status":"publish","type":"post","link":"https:\/\/www.europesays.com\/fi\/122725\/","title":{"rendered":"Kun Aino liukastui parkkipaikalla, my\u00f6s h\u00e4nen taloutensa romahti \u2013 \u201dTarvitsen apua, mutten haluaisi tuntea h\u00e4pe\u00e4\u00e4 ja syyllisyytt\u00e4\u201d"},"content":{"rendered":"<p>                                  Paikallisuutiset<\/p>\n<p>                <img loading=\"lazy\" decoding=\"async\" itemprop=\"contentUrl\" class=\"figure-img img-fluid\"  src=\"https:\/\/www.europesays.com\/fi\/wp-content\/uploads\/2025\/12\/1766365751_89_imengine.public.prod.hil.infomaker.io\" width=\"4252\" height=\"2835\"  alt=\"\"\/><\/p>\n<p>                                    \u2013 Tarvitsen apua, mutten haluaisi tuntea h\u00e4pe\u00e4\u00e4 ja syyllisyytt\u00e4 siit\u00e4, sanoo Pietarsaaren seudulla asuva \u201dAino\u201d.<br \/>\n                                                    Kuva:<br \/>\n                    Jukka Lehoj\u00e4rvi<\/p>\n<p>              La 20.12.2025 klo 6:15<br \/>\n                  | P\u00e4ivitetty: Sun 21.12.2025 klo 10:55<\/p>\n<p>      MAINOS &#8211; juttu jatkuu mainoksen j\u00e4lkeen<\/p>\n<p>      MAINOS &#8211; mainos p\u00e4\u00e4ttyy<\/p>\n<p class=\"ew-body\">Kuukauden budjetti alkaa <strong id=\"strong-3a9f462cac4671d95421d507075d3248\">Ainon<\/strong> keitti\u00f6np\u00f6yd\u00e4ll\u00e4 yhdest\u00e4 luvusta: 595 euroa. Siihen p\u00e4\u00e4lle 94 euroa asumistukea. Siit\u00e4 on venytett\u00e4v\u00e4 asuminen, liikkuminen, ruoka \u2013 koko el\u00e4m\u00e4.<\/p>\n<p class=\"ew-body\">\u2013 On p\u00e4rj\u00e4tt\u00e4v\u00e4 tavalla tai toisella sill\u00e4, mit\u00e4 on, koska muuta ei ole. Esimerkiksi lokakuun alussa tilille j\u00e4i laskujen ja <\/p>\n<p>  <a class=\"btn btn-secondary btn-icon-left\" href=\"#coral_thread\"><br \/>\n    <img decoding=\"async\" src=\"https:\/\/www.keskipohjanmaa.fi\/wp-content\/themes\/hilla-theme\/assets\/img\/icon_comments.svg\" alt=\"\"\/><br \/>\n    Kommentoi<br \/>\n    \u00a0(0)<br \/>\n  <\/a><\/p>\n<p>  <a class=\"btn btn-secondary btn-icon-left mailto_web\" href=\"mailto:toimitus@keskipohjanmaa.fi?subject=Ilmoita%20asiavirheest%C3%A4&amp;body=Otsikko%3A%20Kun%20Aino%20liukastui%20parkkipaikalla%2C%20my%C3%B6s%20h%C3%A4nen%20taloutensa%20romahti%20%E2%80%93%20%E2%80%9DTarvitsen%20apua%2C%20mutten%20haluaisi%20tuntea%20h%C3%A4pe%C3%A4%C3%A4%20ja%20syyllisyytt%C3%A4%E2%80%9D%0AUuid%3A%2026fa41ec-4135-4d1a-a0d7-cf6ba32a5afa%0AUrl%3A%20https%3A%2F%2Fwww.keskipohjanmaa.fi%2Fartikkeli%2Frahattomuus-rassaa-yota-paivaa-ja-elama-on-selviytymista-jouluksi-sain-kaksi-50-euron-ostokorttia\"><br \/>\n    <img decoding=\"async\" src=\"https:\/\/www.keskipohjanmaa.fi\/wp-content\/themes\/hilla-theme\/assets\/img\/icon_feedback.svg\" alt=\"\"\/><br \/>\n    Ilmoita asiavirheest\u00e4<br \/>\n  <\/a><\/p>\n","protected":false},"excerpt":{"rendered":"Paikallisuutiset \u2013 Tarvitsen apua, mutten haluaisi tuntea h\u00e4pe\u00e4\u00e4 ja syyllisyytt\u00e4 siit\u00e4, sanoo Pietarsaaren seudulla asuva \u201dAino\u201d. Kuva: Jukka&hellip;\n","protected":false},"author":2,"featured_media":122726,"comment_status":"","ping_status":"","sticky":false,"template":"","format":"standard","meta":{"footnotes":""},"categories":[12],"tags":[22,23,26,27,33,31,30,17,24,25,28,29,15,18,21,32,19,20,16],"class_list":{"0":"post-122725","1":"post","2":"type-post","3":"status-publish","4":"format-standard","5":"has-post-thumbnail","7":"category-suomi","8":"tag-breaking-news","9":"tag-breakingnews","10":"tag-featured-news","11":"tag-featurednews","12":"tag-fi","13":"tag-finland","14":"tag-finnish","15":"tag-headlines","16":"tag-latest-news","17":"tag-latestnews","18":"tag-main-news","19":"tag-mainnews","20":"tag-news","21":"tag-otsikot","22":"tag-paauutiset","23":"tag-suomi","24":"tag-top-stories","25":"tag-topstories","26":"tag-uutiset"},"share_on_mastodon":{"url":"https:\/\/pubeurope.com\/@fi\/115760553640606538","error":""},"_links":{"self":[{"href":"https:\/\/www.europesays.com\/fi\/wp-json\/wp\/v2\/posts\/122725","targetHints":{"allow":["GET"]}}],"collection":[{"href":"https:\/\/www.europesays.com\/fi\/wp-json\/wp\/v2\/posts"}],"about":[{"href":"https:\/\/www.europesays.com\/fi\/wp-json\/wp\/v2\/types\/post"}],"author":[{"embeddable":true,"href":"https:\/\/www.europesays.com\/fi\/wp-json\/wp\/v2\/users\/2"}],"replies":[{"embeddable":true,"href":"https:\/\/www.europesays.com\/fi\/wp-json\/wp\/v2\/comments?post=122725"}],"version-history":[{"count":0,"href":"https:\/\/www.europesays.com\/fi\/wp-json\/wp\/v2\/posts\/122725\/revisions"}],"wp:featuredmedia":[{"embeddable":true,"href":"https:\/\/www.europesays.com\/fi\/wp-json\/wp\/v2\/media\/122726"}],"wp:attachment":[{"href":"https:\/\/www.europesays.com\/fi\/wp-json\/wp\/v2\/media?parent=122725"}],"wp:term":[{"taxonomy":"category","embeddable":true,"href":"https:\/\/www.europesays.com\/fi\/wp-json\/wp\/v2\/categories?post=122725"},{"taxonomy":"post_tag","embeddable":true,"href":"https:\/\/www.europesays.com\/fi\/wp-json\/wp\/v2\/tags?post=122725"}],"curies":[{"name":"wp","href":"https:\/\/api.w.org\/{rel}","templated":true}]}}