{"id":122727,"date":"2025-12-22T01:10:09","date_gmt":"2025-12-22T01:10:09","guid":{"rendered":"https:\/\/www.europesays.com\/fi\/122727\/"},"modified":"2025-12-22T01:10:09","modified_gmt":"2025-12-22T01:10:09","slug":"ensin-reilusti-pakkasta-joulupaivana-lauhtuu-luvassa-paikoin-poikkeuksellista-lampoa","status":"publish","type":"post","link":"https:\/\/www.europesays.com\/fi\/122727\/","title":{"rendered":"Ensin reilusti pakkasta, joulup\u00e4iv\u00e4n\u00e4 lauhtuu \u2013 luvassa paikoin poikkeuksellista l\u00e4mp\u00f6\u00e4"},"content":{"rendered":"<p>L\u00e4nsituuli tuo joulup\u00e4iv\u00e4n\u00e4 l\u00e4mpimi\u00e4 terveisi\u00e4 Norjasta ja Islannista.<\/p>\n<p>21.12. 18:14<\/p>\n<p class=\"article-body mb-nof-24 px-nof-16\">L\u00e4mp\u00f6tilat sahaavat l\u00e4hip\u00e4ivin\u00e4 l\u00e4mpim\u00e4st\u00e4 kylm\u00e4\u00e4n ja kylm\u00e4st\u00e4 l\u00e4mpim\u00e4\u00e4n niin pohjoisessa kuin etel\u00e4ss\u00e4.<\/p>\n<p class=\"article-body mb-nof-24 px-nof-16\">Lapissa pakkanen on alkanut kiristy\u00e4 sunnuntai-iltana, mutta kovin kire\u00e4\u00e4 se ei viel\u00e4 ole. Maanantaina pakkasta voi Lapissa olla 20\u201325 astetta.<\/p>\n<p class=\"article-body mb-nof-24 px-nof-16\">Kylm\u00e4 ilmamassa siirtyy maanantaina my\u00f6s etel\u00e4mm\u00e4s. Tiistaina ollaan tilanteessa, jossa Etel\u00e4-Suomessa voi olla 5\u201310 pakkasastetta. Tampereelle ilmatieteen laitos lupaa tiistaiaamulle l\u00e4hes 10 asteen pakkasta.<\/p>\n<p>Nopea l\u00e4mpeneminen<\/p>\n<p class=\"article-body mb-nof-24 px-nof-16\">Joulun kuluessa l\u00e4mp\u00f6tilat voivat nousta Suomessa paikoin poikkeuksellisen korkeiksi. Ilmatieteen laitoksen <a class=\"article-genericlink\" href=\"https:\/\/x.com\/meteorologit\/status\/2002744528097399110\/photo\/1\" rel=\"nofollow\">mukaan<\/a> joulup\u00e4iv\u00e4n\u00e4 tapahtuu voimakas lauhtuminen, jonka seurauksena joulup\u00e4iv\u00e4n\u00e4 ja tapaninp\u00e4iv\u00e4n\u00e4 voi olla Suomessa jopa 5\u20138 l\u00e4mp\u00f6astetta. Keskiviikkona, jouluaattona, l\u00e4mp\u00f6tila on Tampereella jo l\u00e4hell\u00e4 nollaa ja joulup\u00e4iv\u00e4n\u00e4 jopa nelj\u00e4 astetta plussan puolella.<\/p>\n<p class=\"article-body mb-nof-24 px-nof-16\">Syyn\u00e4 poikkeukselliseen l\u00e4mp\u00f6\u00f6n on l\u00e4nnest\u00e4 puhaltava f\u00f6hn-tuuli.<\/p>\n<p class=\"article-body mb-nof-24 px-nof-16\">Ilmatieteen laitoksen p\u00e4ivyst\u00e4v\u00e4 meteorologi <a class=\"article-personlink\" href=\"https:\/\/www.aamulehti.fi\/haku\/?query=Jari%20Tuovinen\" rel=\"nofollow noopener\" target=\"_blank\">Jari Tuovinen<\/a> kertoo, ett\u00e4 korkeita l\u00e4mp\u00f6tiloja voi olla Suomessa laajasti, mutta eniten ilmi\u00f6 vaikuttaa L\u00e4nsi- ja Pohjois-Lappiin. Siell\u00e4 kyse on my\u00f6s poikkeuksellisemmasta l\u00e4mp\u00f6tilasta talven keskell\u00e4, kun taas Etel\u00e4-Suomessa l\u00e4mp\u00f6\u00f6n on jo totuttu.<\/p>\n<p class=\"article-body mb-nof-24 px-nof-16\">\u201dEtel\u00e4\u00e4n voidaan odottaa 5\u20136 astetta, mik\u00e4 voi olla harvinaista, mutta se ei ole sill\u00e4 tavalla poikkeuksellista\u201d, Tuovinen kuvaili STT:lle sunnuntaina alkuillasta.<\/p>\n<p class=\"article-body mb-nof-24 px-nof-16\">Lapissa joulukuun l\u00e4mp\u00f6enn\u00e4tys on vuodelta 1997, jolloin joulukuun 16. p\u00e4iv\u00e4n\u00e4 Nuorgamissa mitattiin 8,3 l\u00e4mp\u00f6astetta.<\/p>\n<p>Islannin ja Norjan kautta<\/p>\n<p class=\"article-body mb-nof-24 px-nof-16\">F\u00f6hn-ilmi\u00f6 tapahtuu Ilmatieteen laitoksen mukaan nyt kahdesti. L\u00e4mp\u00f6pulssi saapuu ensin Islantiin, jossa kostea ilmamassa nousee vuoriston yli ja l\u00e4mpenee laskeutuessaan entisest\u00e4\u00e4n. Sama ilmi\u00f6 toistuu, kun ilmamassa t\u00f6rm\u00e4\u00e4 Norjassa j\u00e4lleen vuoriin.<\/p>\n<p class=\"article-body mb-nof-24 px-nof-16\">Kun vesih\u00f6yry tiivistyy sateeksi vuoristoon t\u00f6rm\u00e4tess\u00e4\u00e4n, vapautuu l\u00e4mp\u00f6\u00e4.<\/p>\n<p class=\"article-body mb-nof-24 px-nof-16\">Islantiin ja Norjaan on odotettavissa Suomeakin l\u00e4mpim\u00e4mpi\u00e4 s\u00e4it\u00e4. Norjanmeri ja Pohjanlahti ovat selv\u00e4sti tavanomaista l\u00e4mpim\u00e4mpi\u00e4, joten ilmamassa ei juuri kylmene merialueiden yll\u00e4.<\/p>\n","protected":false},"excerpt":{"rendered":"L\u00e4nsituuli tuo joulup\u00e4iv\u00e4n\u00e4 l\u00e4mpimi\u00e4 terveisi\u00e4 Norjasta ja Islannista. 21.12. 18:14 L\u00e4mp\u00f6tilat sahaavat l\u00e4hip\u00e4ivin\u00e4 l\u00e4mpim\u00e4st\u00e4 kylm\u00e4\u00e4n ja kylm\u00e4st\u00e4 l\u00e4mpim\u00e4\u00e4n&hellip;\n","protected":false},"author":2,"featured_media":122728,"comment_status":"","ping_status":"","sticky":false,"template":"","format":"standard","meta":{"footnotes":""},"categories":[5],"tags":[157,22,23,26,27,33,31,30,17,24,25,28,29,15,18,21,32,19,20,16],"class_list":{"0":"post-122727","1":"post","2":"type-post","3":"status-publish","4":"format-standard","5":"has-post-thumbnail","7":"category-otsikot","8":"tag-aamulehti","9":"tag-breaking-news","10":"tag-breakingnews","11":"tag-featured-news","12":"tag-featurednews","13":"tag-fi","14":"tag-finland","15":"tag-finnish","16":"tag-headlines","17":"tag-latest-news","18":"tag-latestnews","19":"tag-main-news","20":"tag-mainnews","21":"tag-news","22":"tag-otsikot","23":"tag-paauutiset","24":"tag-suomi","25":"tag-top-stories","26":"tag-topstories","27":"tag-uutiset"},"share_on_mastodon":{"url":"https:\/\/pubeurope.com\/@fi\/115760557140824813","error":""},"_links":{"self":[{"href":"https:\/\/www.europesays.com\/fi\/wp-json\/wp\/v2\/posts\/122727","targetHints":{"allow":["GET"]}}],"collection":[{"href":"https:\/\/www.europesays.com\/fi\/wp-json\/wp\/v2\/posts"}],"about":[{"href":"https:\/\/www.europesays.com\/fi\/wp-json\/wp\/v2\/types\/post"}],"author":[{"embeddable":true,"href":"https:\/\/www.europesays.com\/fi\/wp-json\/wp\/v2\/users\/2"}],"replies":[{"embeddable":true,"href":"https:\/\/www.europesays.com\/fi\/wp-json\/wp\/v2\/comments?post=122727"}],"version-history":[{"count":0,"href":"https:\/\/www.europesays.com\/fi\/wp-json\/wp\/v2\/posts\/122727\/revisions"}],"wp:featuredmedia":[{"embeddable":true,"href":"https:\/\/www.europesays.com\/fi\/wp-json\/wp\/v2\/media\/122728"}],"wp:attachment":[{"href":"https:\/\/www.europesays.com\/fi\/wp-json\/wp\/v2\/media?parent=122727"}],"wp:term":[{"taxonomy":"category","embeddable":true,"href":"https:\/\/www.europesays.com\/fi\/wp-json\/wp\/v2\/categories?post=122727"},{"taxonomy":"post_tag","embeddable":true,"href":"https:\/\/www.europesays.com\/fi\/wp-json\/wp\/v2\/tags?post=122727"}],"curies":[{"name":"wp","href":"https:\/\/api.w.org\/{rel}","templated":true}]}}