{"id":122731,"date":"2025-12-22T01:30:10","date_gmt":"2025-12-22T01:30:10","guid":{"rendered":"https:\/\/www.europesays.com\/fi\/122731\/"},"modified":"2025-12-22T01:30:10","modified_gmt":"2025-12-22T01:30:10","slug":"prinsessa-eugenien-uusi-trendikas-lastenhoitaja-herattaa-huomiota-ero-catherinen-lastenhoitajaan-on-suuri","status":"publish","type":"post","link":"https:\/\/www.europesays.com\/fi\/122731\/","title":{"rendered":"Prinsessa Eugenien uusi trendik\u00e4s lastenhoitaja her\u00e4tt\u00e4\u00e4 huomiota \u2013 ero Catherinen lastenhoitajaan on suuri"},"content":{"rendered":"<p>            All Over Press\n        <\/p>\n<p class=\"subtitle \">Prinsessa Eugenie on palkannut uuden, sangen trendikk\u00e4\u00e4n lastenhoitajan.<\/p>\n<p class=\"article-content article-content-width !bg-background\">Kuninkaallisfanit saivat vastik\u00e4\u00e4n ensimm\u00e4isen vilauksen naisesta, joka vaikuttaa olevan prinsessa , 35, kahden pojan, , 4, ja , 2, lastenhoitaja.<\/p>\n<p class=\"font-weight-bold m-font-weight-bold article-content article-content-width !bg-background\">Katso video: Kuninkaallisten parien pituuserot<\/p>\n<p class=\"article-content article-content-width !bg-background\">Kuningatar  lapsenlapsi Eugenie ja h\u00e4nen miehens\u00e4 , 39, liittyiv\u00e4t muiden kuninkaallisen perheen j\u00e4senten seuraan kuninkaan vuotuiselle joululounaalle Buckinghamin palatsissa.<\/p>\n<p class=\"article-content article-content-width !bg-background\">Eugenie n\u00e4htiin autonsa etupenkill\u00e4, kun h\u00e4nen miehens\u00e4 ajoi heid\u00e4t palatsin porteista sis\u00e4\u00e4n. Takapenkill\u00e4 poikien keskell\u00e4 istunut nainen kuitenkin kiinnitti ihmisten huomion.<\/p>\n<p class=\"article-content article-content-width !bg-background\">Uskotaan, ett\u00e4 kyseess\u00e4 on lastenhoitaja. Tunnistamaton matkustaja erottui nen\u00e4renkaansa ja rohkean kaksiv\u00e4risen hiustyylins\u00e4 ansiosta.<\/p>\n<p>        <a itemprop=\"url\" href=\"https:\/\/www.seiska.fi\/kuninkaalliset\/oih-miten-romanttista-tassa-brittihovin-ihanimmat-kosinnat\/1832981\" rel=\"nofollow noopener\" target=\"_blank\"><\/p>\n<p>\nOih, miten romanttista!\n<\/p>\n<p class=\"section-date\">\n        <strong class=\"article-section\" data-section=\"kuninkaalliset\"><br \/>\n            kuninkaalliset<br \/>\n        <\/strong><br \/>\n        28.6. 20:00\n    <\/p>\n<p>Oih, miten romanttista! T\u00e4ss\u00e4 brittihovin ihanimmat kosinnat\n    <\/p>\n<p itemprop=\"description\" class=\"subtitle \">\n    Kuninkaalliset kosinnat tihkuvat romantiikkaa.\n<\/p>\n<p>        <\/a><\/p>\n<p class=\"article-content article-content-width !bg-background\">Uuden lastenhoitajan trendik\u00e4s tyyli oli kaukana prinssi  ja prinsessa  pitk\u00e4aikaisen lastenhoitajan, , siistist\u00e4 ja muodollisesta olemuksesta. My\u00f6s h\u00e4n osallistui joululounaalle.<\/p>\n<p class=\"article-content article-content-width !bg-background\">Esimerkiksi <a href=\"https:\/\/www.dailymail.co.uk\/news\/royals\/article-15391689\/Eugenies-trendy-new-nanny-Princess-joined-Buckingham-Palace-helper-blonde-black-hair-nose-ring-shes-world-away-Kates-formal-Mary-Poppins.html\" target=\"_blank\" rel=\"nofollow noopener\">MailOnline<\/a> on julkaissut kuvia mystisest\u00e4 uudesta lastenhoitajasta.<\/p>\n<p>Koulutusta kidnappaajien ja paparazzien varalle<\/p>\n<p class=\"article-content article-content-width !bg-background\">Prinsessa Eugenien uudesta lastenhoitajasta ei tiedet\u00e4 mit\u00e4\u00e4n. Sen sijaan Catherinen ja Williamin lastenhoitaja on toiminut yli vuosikymmenen perheen palveluksessa, ja h\u00e4nen koulutustaustansa lastenhoidosta on kiitett\u00e4v\u00e4.<\/p>\n<p>        <a itemprop=\"url\" href=\"https:\/\/www.seiska.fi\/kuninkaalliset\/prinsessa-catherinen-ja-prinssi-williamin-paatos-raivostuttaa\/2018601\" rel=\"nofollow noopener\" target=\"_blank\"><\/p>\n<p>\nWilliam ja Kate\n<\/p>\n<p class=\"section-date\">\n        <strong class=\"article-section\" data-section=\"kuninkaalliset\"><br \/>\n            kuninkaalliset<br \/>\n        <\/strong><br \/>\n        11.12. 13:09\n    <\/p>\n<p>Prinsessa Catherinen ja prinssi Williamin p\u00e4\u00e4t\u00f6s raivostuttaa\n    <\/p>\n<p itemprop=\"description\" class=\"subtitle \">\n    Paikallinen katsoo Walesin prinssiparin toiminnan olevan itsek\u00e4st\u00e4.\n<\/p>\n<p>        <\/a><\/p>\n<p class=\"article-content article-content-width !bg-background\">Maria Teresa Turrion Borallo, joka on valmistunut arvostetusta Norland Collegesta Bathissa, palkattiin Walesin prinssin ja prinsessan palvelukseen vuonna 2014 auttamaan heit\u00e4 prinssi  hoidossa, kun t\u00e4m\u00e4 oli kahdeksan kuukauden ik\u00e4inen. H\u00e4n huolehtii nyt my\u00f6s  ja .<\/p>\n<p class=\"article-content article-content-width !bg-background\">H\u00e4n asui perheen kanssa Kensingtonin palatsissa, mutta kun he muuttivat Windsorin Home Parkissa sijaitsevaan Adelaide Cottageen, h\u00e4n ei en\u00e4\u00e4 ole asunut perheen kanssa. H\u00e4n on kuitenkin jatkanut lasten hoitamista asuen toisessa kiinteist\u00f6ss\u00e4.<\/p>\n<p class=\"article-content article-content-width !bg-background\">Koulutus, jonka Maria on k\u00e4ynyt, maksaa yhteens\u00e4 36 000 puntaa, ja oppilaitos on lis\u00e4nnyt opetukseen itsepuolustuslajeja ja ajokoulutusta vastatakseen asiakkaiden, usein julkkisten ja superrikkaiden, tarpeisiin.<\/p>\n<p class=\"article-content article-content-width !bg-background\">Taekwondo on ilmeisesti suosituin itsepuolustuslaji, jota oppilaille opetetaan. Koulutus sis\u00e4lt\u00e4\u00e4 esimerkiksi ohjeita siit\u00e4, miten v\u00e4ist\u00e4\u00e4 mahdollinen kidnappaaja lastenvaunujen kanssa.<\/p>\n<p class=\"article-content article-content-width !bg-background\">Lastenhoitajia koulutetaan my\u00f6s paparazzien kohtaamiseen, ja heid\u00e4t vied\u00e4\u00e4n Castle Comben kilparadalle Wiltshiress\u00e4 harjoittelemaan ajotaitojaan ja oppimaan ajamaan kovaa vauhtia kaikissa s\u00e4\u00e4olosuhteissa.<\/p>\n<p>        <a itemprop=\"url\" href=\"https:\/\/www.seiska.fi\/kuninkaalliset\/prinsessa-catherine-saihkyy-ennennakemattomalla-tavalla-tyrmaavat-kuvat\/2011149\" rel=\"nofollow noopener\" target=\"_blank\"><\/p>\n<p>\nTyrm\u00e4\u00e4v\u00e4t kuvat\n<\/p>\n<p class=\"section-date\">\n        <strong class=\"article-section\" data-section=\"kuninkaalliset\"><br \/>\n            kuninkaalliset<br \/>\n        <\/strong><br \/>\n        4.12. 09:33\n    <\/p>\n<p>Prinsessa Catherine s\u00e4ihkyy ennenn\u00e4kem\u00e4tt\u00f6m\u00e4ll\u00e4 tavalla \u2013 tyrm\u00e4\u00e4v\u00e4t kuvat\n    <\/p>\n<p itemprop=\"description\" class=\"subtitle \">\n    Prinsessa sai kaivaa esiin kuningatar Elisabetilta periytyneen harvinaisuuden.\n<\/p>\n<p>        <\/a><\/p>\n<p>                <img decoding=\"async\" src=\"https:\/\/www.europesays.com\/fi\/wp-content\/uploads\/2025\/12\/2026588.webp\" width=\"576\" height=\"586\" alt=\"Tyylik\u00e4st\u00e4 Mariaa on usein verrattu Maija Poppaseen.\" loading=\"lazy\" \/>            <\/p>\n<p>\n            Tyylik\u00e4st\u00e4 Mariaa on usein verrattu Maija Poppaseen.<br \/>\n            All Over Press\n        <\/p>\n","protected":false},"excerpt":{"rendered":"All Over Press Prinsessa Eugenie on palkannut uuden, sangen trendikk\u00e4\u00e4n lastenhoitajan. Kuninkaallisfanit saivat vastik\u00e4\u00e4n ensimm\u00e4isen vilauksen naisesta, joka&hellip;\n","protected":false},"author":2,"featured_media":122732,"comment_status":"","ping_status":"","sticky":false,"template":"","format":"standard","meta":{"footnotes":""},"categories":[130],"tags":[22026,137,33,31,30,99,22027,22028,98,4200,4201,32,109],"class_list":{"0":"post-122731","1":"post","2":"type-post","3":"status-publish","4":"format-standard","5":"has-post-thumbnail","7":"category-viihde","8":"tag-buckinghamin-palatsi","9":"tag-entertainment","10":"tag-fi","11":"tag-finland","12":"tag-finnish","13":"tag-lapset","14":"tag-lastenhoitaja","15":"tag-maria-teresa-turrion-borallo","16":"tag-perhe","17":"tag-prinsessa-catherine","18":"tag-prinsessa-eugenie","19":"tag-suomi","20":"tag-viihde"},"share_on_mastodon":{"url":"https:\/\/pubeurope.com\/@fi\/115760635997723905","error":""},"_links":{"self":[{"href":"https:\/\/www.europesays.com\/fi\/wp-json\/wp\/v2\/posts\/122731","targetHints":{"allow":["GET"]}}],"collection":[{"href":"https:\/\/www.europesays.com\/fi\/wp-json\/wp\/v2\/posts"}],"about":[{"href":"https:\/\/www.europesays.com\/fi\/wp-json\/wp\/v2\/types\/post"}],"author":[{"embeddable":true,"href":"https:\/\/www.europesays.com\/fi\/wp-json\/wp\/v2\/users\/2"}],"replies":[{"embeddable":true,"href":"https:\/\/www.europesays.com\/fi\/wp-json\/wp\/v2\/comments?post=122731"}],"version-history":[{"count":0,"href":"https:\/\/www.europesays.com\/fi\/wp-json\/wp\/v2\/posts\/122731\/revisions"}],"wp:featuredmedia":[{"embeddable":true,"href":"https:\/\/www.europesays.com\/fi\/wp-json\/wp\/v2\/media\/122732"}],"wp:attachment":[{"href":"https:\/\/www.europesays.com\/fi\/wp-json\/wp\/v2\/media?parent=122731"}],"wp:term":[{"taxonomy":"category","embeddable":true,"href":"https:\/\/www.europesays.com\/fi\/wp-json\/wp\/v2\/categories?post=122731"},{"taxonomy":"post_tag","embeddable":true,"href":"https:\/\/www.europesays.com\/fi\/wp-json\/wp\/v2\/tags?post=122731"}],"curies":[{"name":"wp","href":"https:\/\/api.w.org\/{rel}","templated":true}]}}