{"id":122733,"date":"2025-12-22T01:33:08","date_gmt":"2025-12-22T01:33:08","guid":{"rendered":"https:\/\/www.europesays.com\/fi\/122733\/"},"modified":"2025-12-22T01:33:08","modified_gmt":"2025-12-22T01:33:08","slug":"koeajo-tama-sahkoauto-poistaa-kotilatauksen-tarpeen-suomen-vuoden-auto-lunastaa-lupauksensa-paikalliset-vantaan-sanomat","status":"publish","type":"post","link":"https:\/\/www.europesays.com\/fi\/122733\/","title":{"rendered":"Koeajo | T\u00e4m\u00e4 s\u00e4hk\u00f6auto poistaa kotilatauksen tarpeen \u2013 Suomen vuoden auto lunastaa lupauksensa | Paikalliset &#8211; Vantaan Sanomat"},"content":{"rendered":"<ol>\n<li><a href=\"https:\/\/news.google.com\/rss\/articles\/CBMiXkFVX3lxTE4weEJHRm16aTdOVldKRmJ4U1lWY01tdDBIZkpXUm40T1hnbktMNEVsZHNaRmVpM2o3dnBqVVcyYzkzaktZTGhZaWdmN1ZjUUhWVHVoUkxEYktOemRjQmc?oc=5\" target=\"_blank\" rel=\"nofollow noopener\">Koeajo | T\u00e4m\u00e4 s\u00e4hk\u00f6auto poistaa kotilatauksen tarpeen \u2013 Suomen vuoden auto lunastaa lupauksensa | Paikalliset<\/a>&nbsp;&nbsp;Vantaan Sanomat<\/li>\n<li><a href=\"https:\/\/news.google.com\/rss\/articles\/CBMiWkFVX3lxTE1MSUMtbklVQjFQQ1lfWTdnZkNVLU9oWXhNMURmb00wSU81ZmVteUZVekJHdUMtcExfODFfUW8ydXlDR0hKcE1oT29NeHNfc0lvM2hqeS1xbEZwdw?oc=5\" target=\"_blank\" rel=\"nofollow noopener\">T\u00e4ss\u00e4 on nyt \u201dSuomen paras auto\u201d \u2013 n\u00e4iss\u00e4 asioissa ylistetty malli kompastelee<\/a>&nbsp;&nbsp;Ilta-Sanomat<\/li>\n<li><a href=\"https:\/\/news.google.com\/rss\/articles\/CBMigAFBVV95cUxNR1kzN0RWTGxIWnRiV0ZrdDZqck42ZGNsQVdwaUp4bWlValhaMTFLN25pZ1VLNl9UMUhfd21RNTJqMjA3QWdQM1RXd2tyR0Joak81NGwzeXVrMGd1by1LTmJWcnE4eURiLTlnczBsUkp1TUswckphXzJrby1KN1ZIQg?oc=5\" target=\"_blank\" rel=\"nofollow noopener\">T\u00e4ss\u00e4 ovat vuoden 10 parasta s\u00e4hk\u00f6autoa<\/a>&nbsp;&nbsp;Iltalehti<\/li>\n<li><a href=\"https:\/\/news.google.com\/rss\/articles\/CBMiWEFVX3lxTE5iNVhrc2J1RUNGcGs5X0UtN3R5VFdDYXNqQklHejVDNkVYczg4N1hlYjN6UDl2NzhCX1BCeGUtVGVfZUE5NzUzT3VjbDBsanRpNHNWR0U3Z0w?oc=5\" target=\"_blank\" rel=\"nofollow noopener\">Koeajo | Ei en\u00e4\u00e4 tarvetta kotilataukselle \u2013 Suomen vuoden auto lunastaa lupauksensa | Paikalliset<\/a>&nbsp;&nbsp;L\u00e4nsiv\u00e4yl\u00e4<\/li>\n<li><a href=\"https:\/\/news.google.com\/rss\/articles\/CBMiW0FVX3lxTE02TnlPV2RMcWFJMGJIbDd3M1c4NVJYbVdHR3EyUDNOdDFZMFJPQVAwbm5DWWtJeXEyNWltSUNMTzdEd0haOGhVeFFKUl9rb0liSGtNcTVaZERXYlE?oc=5\" target=\"_blank\" rel=\"nofollow noopener\">Autot | Vuoden autoksi Suomessa valittiin Mersun uusi s\u00e4hk\u00f6auto<\/a>&nbsp;&nbsp;HS.fi<\/li>\n<\/ol>\n","protected":false},"excerpt":{"rendered":"Koeajo | T\u00e4m\u00e4 s\u00e4hk\u00f6auto poistaa kotilatauksen tarpeen \u2013 Suomen vuoden auto lunastaa lupauksensa | Paikalliset&nbsp;&nbsp;Vantaan Sanomat T\u00e4ss\u00e4 on&hellip;\n","protected":false},"author":2,"featured_media":122734,"comment_status":"","ping_status":"","sticky":false,"template":"","format":"standard","meta":{"footnotes":""},"categories":[76],"tags":[648,79,77,33,31,30,32,78],"class_list":{"0":"post-122733","1":"post","2":"type-post","3":"status-publish","4":"format-standard","5":"has-post-thumbnail","7":"category-talous","8":"tag-autot","9":"tag-business","10":"tag-economy","11":"tag-fi","12":"tag-finland","13":"tag-finnish","14":"tag-suomi","15":"tag-talous"},"share_on_mastodon":{"url":"https:\/\/pubeurope.com\/@fi\/115760647639850265","error":""},"_links":{"self":[{"href":"https:\/\/www.europesays.com\/fi\/wp-json\/wp\/v2\/posts\/122733","targetHints":{"allow":["GET"]}}],"collection":[{"href":"https:\/\/www.europesays.com\/fi\/wp-json\/wp\/v2\/posts"}],"about":[{"href":"https:\/\/www.europesays.com\/fi\/wp-json\/wp\/v2\/types\/post"}],"author":[{"embeddable":true,"href":"https:\/\/www.europesays.com\/fi\/wp-json\/wp\/v2\/users\/2"}],"replies":[{"embeddable":true,"href":"https:\/\/www.europesays.com\/fi\/wp-json\/wp\/v2\/comments?post=122733"}],"version-history":[{"count":0,"href":"https:\/\/www.europesays.com\/fi\/wp-json\/wp\/v2\/posts\/122733\/revisions"}],"wp:featuredmedia":[{"embeddable":true,"href":"https:\/\/www.europesays.com\/fi\/wp-json\/wp\/v2\/media\/122734"}],"wp:attachment":[{"href":"https:\/\/www.europesays.com\/fi\/wp-json\/wp\/v2\/media?parent=122733"}],"wp:term":[{"taxonomy":"category","embeddable":true,"href":"https:\/\/www.europesays.com\/fi\/wp-json\/wp\/v2\/categories?post=122733"},{"taxonomy":"post_tag","embeddable":true,"href":"https:\/\/www.europesays.com\/fi\/wp-json\/wp\/v2\/tags?post=122733"}],"curies":[{"name":"wp","href":"https:\/\/api.w.org\/{rel}","templated":true}]}}