{"id":122735,"date":"2025-12-22T01:34:12","date_gmt":"2025-12-22T01:34:12","guid":{"rendered":"https:\/\/www.europesays.com\/fi\/122735\/"},"modified":"2025-12-22T01:34:12","modified_gmt":"2025-12-22T01:34:12","slug":"poliisi-tutkii-helsingin-malmilla-tapahtunutta-puukotusta-epailty-14-vuotias-poika-otettu-kiinni-uutisia-lyhyesti","status":"publish","type":"post","link":"https:\/\/www.europesays.com\/fi\/122735\/","title":{"rendered":"Poliisi tutkii Helsingin Malmilla tapahtunutta puukotusta \u2013 ep\u00e4ilty 14-vuotias poika otettu kiinni | Uutisia lyhyesti"},"content":{"rendered":"<p class=\"aw-1gybjub aw-5vja16 kEtdKx kmuxyA yle__article__paragraph\">Ulkona tapahtuneessa puukotustilanteessa on poliisin alustavien tietojen mukaan ollut osallisena kaksi henkil\u00f6\u00e4, joista toinen loukkaantui puukotuksessa.<\/p>\n<p><img decoding=\"async\" alt=\"Pukinm\u00e4en Pukinm\u00e4enkaari 7, jossa tapahtui puukotus. \" src=\"https:\/\/www.europesays.com\/fi\/wp-content\/uploads\/2025\/12\/39-15731566947e69e3bc1a.jpeg\" class=\"aw-1l9m598 hKVVvP\"\/><\/p>\n<p>Avaa kuvien katselu<\/p>\n<p>Poliisi sai teht\u00e4v\u00e4n Malmille lauantai-iltana 20. joulukuuta. Kuva: Jussi Mankkinen \/ Yle<\/p>\n<p>21.12. 10:07\u2022P\u00e4ivitetty 21.12. 15:17<\/p>\n<p class=\"aw-1gybjub aw-1p7kakr kEtdKx cEmitX yle__article__paragraph\">Poliisi on tavoittanut puukotuksesta ep\u00e4illyn henkil\u00f6n sunnuntaina 21. joulukuuta. Helsingin poliisin mukaan ep\u00e4ilty on 14-vuotias poika.<\/p>\n<p class=\"aw-1gybjub aw-1p7kakr kEtdKx cEmitX yle__article__paragraph\">Poliisi on kuulustellut teosta ep\u00e4ilty\u00e4.<\/p>\n<p class=\"aw-1gybjub aw-1p7kakr kEtdKx cEmitX yle__article__paragraph\">Helsingin poliisin mukaan eilisiltaisen Helsingin Malmilla <a class=\"aw-iao6s4 iHOxEa yle__article__link\" href=\"https:\/\/yle.fi\/a\/74-20200986\" role=\"link\" rel=\"nofollow noopener\" target=\"_blank\">tapahtuneen puukotuksen<\/a> uhri oli 14-vuotias.<\/p>\n<p class=\"aw-1gybjub aw-1p7kakr kEtdKx cEmitX yle__article__paragraph\">Puukotuksen uhri on sairaalahoidossa.<\/p>\n<p class=\"aw-1gybjub aw-1p7kakr kEtdKx cEmitX yle__article__paragraph\">Poliisi sai h\u00e4t\u00e4keskuksen kautta teht\u00e4v\u00e4n Malmille lauantai-iltana 20. joulukuuta noin kello yhdeks\u00e4n aikaan illalla ja teht\u00e4v\u00e4lle osallistui useita poliisin partioita.<\/p>\n<p class=\"aw-1gybjub aw-1p7kakr kEtdKx cEmitX yle__article__paragraph\">Ulkona tapahtuneessa puukotustilanteessa on poliisin alustavien tietojen mukaan ollut osallisena kaksi henkil\u00f6\u00e4, joista toinen loukkaantui puukotuksessa.<\/p>\n<p class=\"aw-1gybjub aw-1p7kakr kEtdKx cEmitX yle__article__paragraph\">Poliisi jatkaa tapauksen aktiivista tutkintaa ja tapahtunutta tutkitaan alustavasti rikosnimikkeell\u00e4 tapon yritys.<\/p>\n<p class=\"aw-1gybjub aw-1p7kakr kEtdKx cEmitX yle__article__paragraph\">Poliisi kertoo tiedotteessa, ett\u00e4 esitutkinnan turvaamiseksi poliisi ei voi t\u00e4ll\u00e4 hetkell\u00e4 kommentoida ep\u00e4ilty\u00e4 rikosta enemp\u00e4\u00e4. Tapauksesta tiedotetaan lis\u00e4\u00e4, kun se on mahdollista.<\/p>\n","protected":false},"excerpt":{"rendered":"Ulkona tapahtuneessa puukotustilanteessa on poliisin alustavien tietojen mukaan ollut osallisena kaksi henkil\u00f6\u00e4, joista toinen loukkaantui puukotuksessa. Avaa kuvien&hellip;\n","protected":false},"author":2,"featured_media":122736,"comment_status":"","ping_status":"","sticky":false,"template":"","format":"standard","meta":{"footnotes":""},"categories":[14],"tags":[22,23,26,27,33,31,30,17,104,71,24,25,28,29,15,18,21,1282,1263,32,19,20,56,1168,16,59,60,61],"class_list":{"0":"post-122735","1":"post","2":"type-post","3":"status-publish","4":"format-standard","5":"has-post-thumbnail","7":"category-ulkomaat","8":"tag-breaking-news","9":"tag-breakingnews","10":"tag-featured-news","11":"tag-featurednews","12":"tag-fi","13":"tag-finland","14":"tag-finnish","15":"tag-headlines","16":"tag-helsinki","17":"tag-kotimaa","18":"tag-latest-news","19":"tag-latestnews","20":"tag-main-news","21":"tag-mainnews","22":"tag-news","23":"tag-otsikot","24":"tag-paauutiset","25":"tag-puukotus","26":"tag-rikosepailyt","27":"tag-suomi","28":"tag-top-stories","29":"tag-topstories","30":"tag-ulkomaat","31":"tag-uusimaa","32":"tag-uutiset","33":"tag-world","34":"tag-world-news","35":"tag-worldnews"},"share_on_mastodon":{"url":"https:\/\/pubeurope.com\/@fi\/115760651930575170","error":""},"_links":{"self":[{"href":"https:\/\/www.europesays.com\/fi\/wp-json\/wp\/v2\/posts\/122735","targetHints":{"allow":["GET"]}}],"collection":[{"href":"https:\/\/www.europesays.com\/fi\/wp-json\/wp\/v2\/posts"}],"about":[{"href":"https:\/\/www.europesays.com\/fi\/wp-json\/wp\/v2\/types\/post"}],"author":[{"embeddable":true,"href":"https:\/\/www.europesays.com\/fi\/wp-json\/wp\/v2\/users\/2"}],"replies":[{"embeddable":true,"href":"https:\/\/www.europesays.com\/fi\/wp-json\/wp\/v2\/comments?post=122735"}],"version-history":[{"count":0,"href":"https:\/\/www.europesays.com\/fi\/wp-json\/wp\/v2\/posts\/122735\/revisions"}],"wp:featuredmedia":[{"embeddable":true,"href":"https:\/\/www.europesays.com\/fi\/wp-json\/wp\/v2\/media\/122736"}],"wp:attachment":[{"href":"https:\/\/www.europesays.com\/fi\/wp-json\/wp\/v2\/media?parent=122735"}],"wp:term":[{"taxonomy":"category","embeddable":true,"href":"https:\/\/www.europesays.com\/fi\/wp-json\/wp\/v2\/categories?post=122735"},{"taxonomy":"post_tag","embeddable":true,"href":"https:\/\/www.europesays.com\/fi\/wp-json\/wp\/v2\/tags?post=122735"}],"curies":[{"name":"wp","href":"https:\/\/api.w.org\/{rel}","templated":true}]}}