{"id":122737,"date":"2025-12-22T01:35:09","date_gmt":"2025-12-22T01:35:09","guid":{"rendered":"https:\/\/www.europesays.com\/fi\/122737\/"},"modified":"2025-12-22T01:35:09","modified_gmt":"2025-12-22T01:35:09","slug":"moottorikelkkailija-tormasi-hirveen-kittilassa-sitten-hirvi-iski","status":"publish","type":"post","link":"https:\/\/www.europesays.com\/fi\/122737\/","title":{"rendered":"Moottorikelkkailija t\u00f6rm\u00e4si hirveen Kittil\u00e4ss\u00e4 \u2013 sitten hirvi iski"},"content":{"rendered":"<p>Moottorikelkkailija vietiin sairaalahoitoon.<\/p>\n<p>21.12. 18:47<\/p>\n<p class=\"article-body mb-nof-24 px-nof-16\">Moottorikelkkailija t\u00f6rm\u00e4si hirveen Kittil\u00e4n maastossa l\u00e4hell\u00e4 K\u00e4tk\u00e4j\u00e4rve\u00e4 sunnuntaina noin kello viiden aikaan iltap\u00e4iv\u00e4ll\u00e4.<\/p>\n<p class=\"article-body mb-nof-24 px-nof-16\">\u2013 T\u00f6rm\u00e4yksen j\u00e4lkeen oli jonkinmoista kanssak\u00e4ymist\u00e4 hirven kanssa. Yksi henkil\u00f6 altistui, kertoo p\u00e4ivyst\u00e4v\u00e4 palomestari <a class=\"article-personlink\" href=\"https:\/\/www.is.fi\/haku\/?query=Timo%20Nyholm\" rel=\"nofollow noopener\" target=\"_blank\">Timo Nyholm <\/a>Lapin pelastuslaitokselta.<\/p>\n<p class=\"article-body mb-nof-24 px-nof-16\">Nyholmin k\u00e4sitys on, ett\u00e4 hirvi potkaisi moottorikelkkailijaa. Sen j\u00e4lkeen hirvi pakeni paikalta.<\/p>\n<p class=\"article-body mb-nof-24 px-nof-16\">Toinen henkil\u00f6, joka oli my\u00f6s liikkeell\u00e4 moottorikelkalla, soitti paikan p\u00e4\u00e4lt\u00e4 h\u00e4t\u00e4keskukseen uhrin puolesta.<\/p>\n<p class=\"article-body mb-nof-24 px-nof-16\">Pelastuslaitoksen yksikk\u00f6 k\u00e4vi paikan p\u00e4\u00e4ll\u00e4, ja loukkaantunut moottorikelkkailija toimitettiin sairaalahoitoon.<\/p>\n<p class=\"article-body mb-nof-24 px-nof-16\">\u2013 Hyvin harvinainen tapaus, ei ole aiemmin tullut tuollaista vastaan.<\/p>\n<p class=\"article-body mb-nof-24 px-nof-16\">Nyholmin tiedon mukaan uhri ajoi tavanomaisilla nopeuksilla. Paikan p\u00e4\u00e4ll\u00e4 ei k\u00e4ynyt ilmi, oliko uhri esimerkiksi ulkomaalainen turisti vai suomalainen.<\/p>\n<p class=\"article-body mb-nof-24 px-nof-16\">Hirven voinnista ei ole toistaiseksi tarkempaa tietoa. Nyholmin mukaan poliisi vastaa hirven kohtalosta ja tekee toimenpiteit\u00e4, jos katsoo ne tarpeelliseksi.<\/p>\n","protected":false},"excerpt":{"rendered":"Moottorikelkkailija vietiin sairaalahoitoon. 21.12. 18:47 Moottorikelkkailija t\u00f6rm\u00e4si hirveen Kittil\u00e4n maastossa l\u00e4hell\u00e4 K\u00e4tk\u00e4j\u00e4rve\u00e4 sunnuntaina noin kello viiden aikaan iltap\u00e4iv\u00e4ll\u00e4.&hellip;\n","protected":false},"author":2,"featured_media":122738,"comment_status":"","ping_status":"","sticky":false,"template":"","format":"standard","meta":{"footnotes":""},"categories":[12],"tags":[22,23,26,27,33,31,30,17,34,24,25,28,29,15,18,21,32,19,20,16],"class_list":{"0":"post-122737","1":"post","2":"type-post","3":"status-publish","4":"format-standard","5":"has-post-thumbnail","7":"category-suomi","8":"tag-breaking-news","9":"tag-breakingnews","10":"tag-featured-news","11":"tag-featurednews","12":"tag-fi","13":"tag-finland","14":"tag-finnish","15":"tag-headlines","16":"tag-ilta-sanomat","17":"tag-latest-news","18":"tag-latestnews","19":"tag-main-news","20":"tag-mainnews","21":"tag-news","22":"tag-otsikot","23":"tag-paauutiset","24":"tag-suomi","25":"tag-top-stories","26":"tag-topstories","27":"tag-uutiset"},"share_on_mastodon":{"url":"https:\/\/pubeurope.com\/@fi\/115760655464508039","error":""},"_links":{"self":[{"href":"https:\/\/www.europesays.com\/fi\/wp-json\/wp\/v2\/posts\/122737","targetHints":{"allow":["GET"]}}],"collection":[{"href":"https:\/\/www.europesays.com\/fi\/wp-json\/wp\/v2\/posts"}],"about":[{"href":"https:\/\/www.europesays.com\/fi\/wp-json\/wp\/v2\/types\/post"}],"author":[{"embeddable":true,"href":"https:\/\/www.europesays.com\/fi\/wp-json\/wp\/v2\/users\/2"}],"replies":[{"embeddable":true,"href":"https:\/\/www.europesays.com\/fi\/wp-json\/wp\/v2\/comments?post=122737"}],"version-history":[{"count":0,"href":"https:\/\/www.europesays.com\/fi\/wp-json\/wp\/v2\/posts\/122737\/revisions"}],"wp:featuredmedia":[{"embeddable":true,"href":"https:\/\/www.europesays.com\/fi\/wp-json\/wp\/v2\/media\/122738"}],"wp:attachment":[{"href":"https:\/\/www.europesays.com\/fi\/wp-json\/wp\/v2\/media?parent=122737"}],"wp:term":[{"taxonomy":"category","embeddable":true,"href":"https:\/\/www.europesays.com\/fi\/wp-json\/wp\/v2\/categories?post=122737"},{"taxonomy":"post_tag","embeddable":true,"href":"https:\/\/www.europesays.com\/fi\/wp-json\/wp\/v2\/tags?post=122737"}],"curies":[{"name":"wp","href":"https:\/\/api.w.org\/{rel}","templated":true}]}}