{"id":122740,"date":"2025-12-22T01:55:11","date_gmt":"2025-12-22T01:55:11","guid":{"rendered":"https:\/\/www.europesays.com\/fi\/122740\/"},"modified":"2025-12-22T01:55:11","modified_gmt":"2025-12-22T01:55:11","slug":"janne-ahonen-laitettiin-tekemaan-sama-kuin-alisa-vainio-ylen-lahetyksessa-mita","status":"publish","type":"post","link":"https:\/\/www.europesays.com\/fi\/122740\/","title":{"rendered":"Janne Ahonen laitettiin tekem\u00e4\u00e4n sama kuin Alisa Vainio Ylen l\u00e4hetyksess\u00e4: \u201dMit\u00e4?!\u201d"},"content":{"rendered":"<p>Kuka tahansa voi kokeilla samaa temppua kuin se, mihin Janne Ahonen ja Ville Kotikumpu laitettiin Ylen urheilustudiossa.<\/p>\n<p><img decoding=\"async\" class=\"image image-show image-preview\" src=\"https:\/\/www.europesays.com\/fi\/wp-content\/uploads\/2025\/09\/1669e3d282ee225fae05e9e8748f4ea25ec440a11a5c1fb555cb964d25267dfb.jpg\" alt=\"\"\/><img decoding=\"async\" class=\"image image-show\" src=\"https:\/\/www.europesays.com\/fi\/wp-content\/uploads\/2025\/12\/1669e3d282ee225fae05e9e8748f4ea25ec440a11a5c1fb555cb964d25267dfb.jpg\" alt=\"\"\/><\/p>\n<p>Alisa Vainio teki uuden maratonin Suomen enn\u00e4tyksen joulukuun alussa. Jenni G\u00e4stgivar<\/p>\n<p class=\"paragraph\">Maratonin uuden SE-naisen <strong>Alisa Vainion<\/strong> vauhdista saatiin erinomainen osoitus Ylen urheilustudion sunnuntain l\u00e4hetyksess\u00e4.<\/p>\n<p class=\"paragraph\">Upean kauden juossut Vainio oli vieraana studiossa kertomassa kuulumisiaan sek\u00e4 kertaamassa aiempia juoksujaan. Tv-katsojien iloksi kansalaisille oltiin my\u00f6s havainnollistettu, miten hurjaa vauhtia Vainio on SE-suorituksessaan juossut.<\/p>\n<p class=\"paragraph\">Vainio juoksi joulukuun alussa Valenciassa maratonin aikaan 2 tuntia 20 minuuttia ja 48 sekuntia.<\/p>\n<p class=\"paragraph\">\u2013 Se on sellaiset 3 minuutin ja 20 sekunnin suorituksia 42 ja kappaletta ja rapiat p\u00e4\u00e4lle. Se on sellaista vauhtia, ett\u00e4 siihen ei moni matti meik\u00e4l\u00e4inen pysty, Ylen <strong>Petra Manner<\/strong> alustaa.<\/p>\n<p class=\"paragraph\">Yle p\u00e4\u00e4ttikin laittaa juoksumatolle vauhtia havainnollistamaan kaksi nykyist\u00e4 asiantuntijaansa, mutta entist\u00e4 huippu-urheilijaa.<\/p>\n<p class=\"paragraph\">Ampumahiihdon lajiasiantuntija <strong>Ville Kotikumpu<\/strong> ja m\u00e4kihypyn vastaava <strong>Janne Ahonen<\/strong> hypp\u00e4siv\u00e4t juoksumatolle, joka oli asetettu rullaamaan Vainion SE-vauhtia.<\/p>\n<p class=\"paragraph\">\u2013 Kyll\u00e4 t\u00e4m\u00e4 hetken menee, mutta jos pit\u00e4isi yli kaksi tuntia takoa, niin ei hyv\u00e4\u00e4 p\u00e4iv\u00e4\u00e4, Kotikumpu sanoo suorituksensa alkuhetkill\u00e4.<\/p>\n<p class=\"paragraph\">Kotikumpu p\u00e4\u00e4tti lopettaa juoksu-urakkansa lopulta parin minuutin j\u00e4lkeen.  H\u00e4n kertoi juosseensa parhaimmillaan Cooperissa 3\u00a0800 metri\u00e4.<\/p>\n<p class=\"paragraph\">Urheilusuoritukseen farkuissa valmistautuneella Ahosella oli puolestaan hankalampaa.<\/p>\n<p class=\"paragraph\">\u2013 Mit\u00e4?! Eih\u00e4n tuohon pysty edes hypp\u00e4\u00e4m\u00e4\u00e4n! Huh huh, Ahonen parahtaa haasteen n\u00e4hdess\u00e4\u00e4n.<\/p>\n<p class=\"paragraph\">Kuningaskotka p\u00e4\u00e4tti keskeytt\u00e4\u00e4 oman suorituksensa jo 15 sekunnin j\u00e4lkeen.<\/p>\n<p class=\"paragraph\">\u2013 Hattua p\u00e4\u00e4st\u00e4. On kovaa kyyti\u00e4. Ei voi muuta sanoa, Ahonen puhalteli suorituksen j\u00e4lkeen.<\/p>\n<p class=\"paragraph\">Vainio antoi kaksikon suorituksille siunauksensa.<\/p>\n<p class=\"paragraph\">\u2013 Kyll\u00e4 se oli ihan juoksun n\u00e4k\u00f6ist\u00e4, Vainio sanoi hymyillen.<\/p>\n<p>Kuningaskotka Janne Ahonen yritti juosta Vainion vauhtia farkuissa. Elle Laitila<\/p>\n","protected":false},"excerpt":{"rendered":"Kuka tahansa voi kokeilla samaa temppua kuin se, mihin Janne Ahonen ja Ville Kotikumpu laitettiin Ylen urheilustudiossa. Alisa&hellip;\n","protected":false},"author":2,"featured_media":122741,"comment_status":"","ping_status":"","sticky":false,"template":"","format":"standard","meta":{"footnotes":""},"categories":[158],"tags":[35,33,31,30,1511,41,2668,159,32,160,161,162],"class_list":{"0":"post-122740","1":"post","2":"type-post","3":"status-publish","4":"format-standard","5":"has-post-thumbnail","7":"category-urheilu","8":"tag-24h","9":"tag-fi","10":"tag-finland","11":"tag-finnish","12":"tag-joukkoviestinta","13":"tag-liikunta-ja-urheilu","14":"tag-pohjoismaiset-hiihtolajit","15":"tag-sports","16":"tag-suomi","17":"tag-urheilu","18":"tag-urheilutapahtumat","19":"tag-yleisurheilu"},"share_on_mastodon":{"url":"https:\/\/pubeurope.com\/@fi\/115760734372174525","error":""},"_links":{"self":[{"href":"https:\/\/www.europesays.com\/fi\/wp-json\/wp\/v2\/posts\/122740","targetHints":{"allow":["GET"]}}],"collection":[{"href":"https:\/\/www.europesays.com\/fi\/wp-json\/wp\/v2\/posts"}],"about":[{"href":"https:\/\/www.europesays.com\/fi\/wp-json\/wp\/v2\/types\/post"}],"author":[{"embeddable":true,"href":"https:\/\/www.europesays.com\/fi\/wp-json\/wp\/v2\/users\/2"}],"replies":[{"embeddable":true,"href":"https:\/\/www.europesays.com\/fi\/wp-json\/wp\/v2\/comments?post=122740"}],"version-history":[{"count":0,"href":"https:\/\/www.europesays.com\/fi\/wp-json\/wp\/v2\/posts\/122740\/revisions"}],"wp:featuredmedia":[{"embeddable":true,"href":"https:\/\/www.europesays.com\/fi\/wp-json\/wp\/v2\/media\/122741"}],"wp:attachment":[{"href":"https:\/\/www.europesays.com\/fi\/wp-json\/wp\/v2\/media?parent=122740"}],"wp:term":[{"taxonomy":"category","embeddable":true,"href":"https:\/\/www.europesays.com\/fi\/wp-json\/wp\/v2\/categories?post=122740"},{"taxonomy":"post_tag","embeddable":true,"href":"https:\/\/www.europesays.com\/fi\/wp-json\/wp\/v2\/tags?post=122740"}],"curies":[{"name":"wp","href":"https:\/\/api.w.org\/{rel}","templated":true}]}}