{"id":122742,"date":"2025-12-22T01:56:10","date_gmt":"2025-12-22T01:56:10","guid":{"rendered":"https:\/\/www.europesays.com\/fi\/122742\/"},"modified":"2025-12-22T01:56:10","modified_gmt":"2025-12-22T01:56:10","slug":"brittihovissa-salattu-skandaali-prinssi-william-esitti-havyttoman-pyynnon","status":"publish","type":"post","link":"https:\/\/www.europesays.com\/fi\/122742\/","title":{"rendered":"Brittihovissa salattu skandaali: Prinssi William esitti h\u00e4vytt\u00f6m\u00e4n pyynn\u00f6n"},"content":{"rendered":"<p>            AOP\n        <\/p>\n<p class=\"subtitle \">Nuori prinssi William esitti ty\u00f6ntekij\u00e4lle h\u00e4peilem\u00e4tt\u00f6m\u00e4n pyynn\u00f6n.<\/p>\n<p class=\"article-content article-content-width !bg-background\">Jos mielii ty\u00f6skennell\u00e4 brittihovissa, t\u00e4ytyy olla valmis yll\u00e4tt\u00e4viinkin kompromisseihin. Sen sai kantap\u00e4\u00e4n kautta oppia , joka toimi kuningashuoneen palveluksessa vuosina 2004\u20132011.\u00a0<\/p>\n<p class=\"font-weight-bold m-font-weight-bold article-content article-content-width !bg-background\">Video: Prinssi Harryn ulkon\u00e4k\u00f6 her\u00e4tt\u00e4\u00e4 huomiota:<\/p>\n<p class=\"article-content article-content-width !bg-background\">Kuningas Charlesin hovimestarina ahkeroinut Grant on koonnut kokemuksensa kuninkaallisessa sis\u00e4piiriss\u00e4 yksien kansien v\u00e4liin. Teos\u00a0The Royal Butler: My Remarkable Life in Royal Service julkaistiin elokuussa 2025.\u00a0<\/p>\n<p>        <a itemprop=\"url\" href=\"https:\/\/www.seiska.fi\/katso\/nain-kuningas-charlesin-hovi-tekee-bisnesta-veronmaksajien-rahoilla\/2021786\" rel=\"nofollow noopener\" target=\"_blank\"><\/p>\n<p>\nKuningas Charles\n<\/p>\n<p class=\"section-date\">\n        <strong class=\"article-section\" data-section=\"katso\"><br \/>\n            katso<br \/>\n        <\/strong><br \/>\n        15.12. 16:15\n    <\/p>\n<p>N\u00e4in kuningas Charlesin hovi tekee bisnest\u00e4 veronmaksajien rahoilla\n    <\/p>\n<p itemprop=\"description\" class=\"subtitle \">\n    Brittihovin salatut miljoonat paljastaa, kuinka Charles ja poikansa William lihottavat omaa kukkaroaan jopa maansa terveyshuoltoj\u00e4rjestelm\u00e4ll\u00e4 ja puolustusvoimilla.\n<\/p>\n<p>        <\/a><\/p>\n<p>Muistutti satuhahmoa<\/p>\n<p class=\"article-content article-content-width !bg-background\">Grant muistelee aikaansa kuningasperheen luona p\u00e4\u00e4asiassa l\u00e4mm\u00f6ll\u00e4. Er\u00e4s katastrofaalinen tapahtumasarja vuodelta 2005 on kuitenkin painautunut miehen muistin sy\u00f6verihin. <a href=\"https:\/\/www.dailymail.co.uk\/news\/royals\/article-15344589\/King-Charles-former-butler-fake-tan-disaster-banished.html\" target=\"_blank\" rel=\"nofollow noopener\">Aiheeseen on tarttunut my\u00f6s DailyMail<\/a>.\u00a0<\/p>\n<p>                <img decoding=\"async\" src=\"https:\/\/www.europesays.com\/fi\/wp-content\/uploads\/2025\/12\/2023818.webp\" width=\"576\" height=\"629\" alt=\"Grant halusi n\u00e4ytt\u00e4\u00e4 Adonikselta, mutta ei aivan onnistunut tavoitteessaan.\" loading=\"lazy\" \/>            <\/p>\n<p>\n            Grant halusi n\u00e4ytt\u00e4\u00e4 Adonikselta, mutta ei aivan onnistunut tavoitteessaan.<br \/>\n            Ken McKay\/ITV\/Shutterstock\/All Over Press\n        <\/p>\n<p class=\"article-content article-content-width !bg-background\">Ex-hovimestari kuvailee kirjassaan kaivanneensa piristyst\u00e4 kalvakkaan ihoonsa. Niinp\u00e4 h\u00e4n p\u00e4\u00e4tti turvautua tuolloin suosittuuin suihkurusketukseen.\u00a0<\/p>\n<p>        <a itemprop=\"url\" href=\"https:\/\/www.seiska.fi\/kuninkaalliset\/kuningatar-elisabet-tayttaisi-98-vuotta-sarah-fergusonilta-nolo-ikakommahdys\/1327606\" rel=\"nofollow noopener\" target=\"_blank\"><\/p>\n<p class=\"section-date\">\n        <strong class=\"article-section\" data-section=\"kuninkaalliset\"><br \/>\n            kuninkaalliset<br \/>\n        <\/strong><br \/>\n        21.4.2024 19:30\n    <\/p>\n<p>Kuningatar Elisabet t\u00e4ytt\u00e4isi 98 vuotta &#8211; Sarah Fergusonilta nolo ik\u00e4k\u00f6mm\u00e4hdys\n    <\/p>\n<p itemprop=\"description\" class=\"subtitle \">\n    N\u00e4in kuninkaalliset muistelevat edesmennytt\u00e4 kuningatarta.\n<\/p>\n<p>        <\/a><\/p>\n<p class=\"article-content article-content-width !bg-background\">Kaikki ei kuitenkaan mennyt suunnitelmien mukaan. Luonnollisen raikkauden sijaan peilist\u00e4 kuitenkin katsoi hahmo, joka Grantin sanojen mukaan muistutti l\u00e4hinn\u00e4 Jali ja suklaatehtaasta tuttuja oransseja Umppa-Lumppia.\u00a0<\/p>\n<p>Siirrettiin teht\u00e4vist\u00e4\u00e4n syrj\u00e4\u00e4n<\/p>\n<p class=\"article-content article-content-width !bg-background\">Uudistunut ulkomuoto ei j\u00e4\u00e4nyt ty\u00f6paikalla huomaamatta. Seuraavana p\u00e4iv\u00e4n\u00e4 Grantin tarjoillessa Charlesille ja kuningatar\u00a0 illallista, tuijottivat n\u00e4m\u00e4 hovimestariaan jatkuvasti. Pian esimies kutsui Grantin luokseen.<\/p>\n<p>                <img decoding=\"async\" src=\"https:\/\/www.europesays.com\/fi\/wp-content\/uploads\/2025\/12\/2023831.webp\" width=\"576\" height=\"298\" alt=\"Alkuper\u00e4isen vuoden 1971 suklaatehtaan Umppa-Lumpat n\u00e4yttiv\u00e4t t\u00e4lt\u00e4.\" loading=\"lazy\" \/>            <\/p>\n<p>\n            Alkuper\u00e4isen vuoden 1971 suklaatehtaan Umppa-Lumpat n\u00e4yttiv\u00e4t t\u00e4lt\u00e4.<br \/>\n            AOP\n        <\/p>\n<p class=\"article-content article-content-width !bg-background\">\u2013\u00a0Minulta on pyydetty, ett\u00e4 ette mene en\u00e4\u00e4 takaisin sis\u00e4\u00e4n t\u00e4n\u00e4 iltana, koska he ovat sanoneet, ett\u00e4 hajusi on heille liian voimakas, t\u00e4m\u00e4 ilmoitti.<\/p>\n<p class=\"article-content article-content-width !bg-background\">Grant joutui kahdeksi p\u00e4iv\u00e4ksi syrj\u00e4\u00e4n ty\u00f6teht\u00e4vist\u00e4\u00e4n suihkurusketuksestaan aiheutuneen tuoksun takia.\u00a0<\/p>\n<p>Utelias prinssi<\/p>\n<p class=\"article-content article-content-width !bg-background\">Ehostuksen aiheuttamat kiusalliset tilanteet eiv\u00e4t kuitenkaan j\u00e4\u00e4neet siihen. Jo samana viikonloppuna Grant kohtasi prinssi , joka otti t\u00e4m\u00e4n p\u00e4ivetyksen oitis esille. Hovimestari my\u00f6nsi k\u00e4yneens\u00e4 suihkurusketuksesta, mik\u00e4 vain lis\u00e4si nuoren prinssin uteliaisuutta.<\/p>\n<p>        <a itemprop=\"url\" href=\"https:\/\/www.seiska.fi\/kuninkaalliset\/charles-julkaisi-videon-syovastaan\/2020599\" rel=\"nofollow noopener\" target=\"_blank\"><\/p>\n<p>\nSy\u00f6p\u00e4sairas Charles\n<\/p>\n<p class=\"section-date\">\n        <strong class=\"article-section\" data-section=\"kuninkaalliset\"><br \/>\n            kuninkaalliset<br \/>\n        <\/strong><br \/>\n        12.12. 20:00\n    <\/p>\n<p>Charles julkaisi videon sy\u00f6v\u00e4st\u00e4\u00e4n\n    <\/p>\n<p itemprop=\"description\" class=\"subtitle \">\n    Kuningas turvautui brittihuumoriin heti diagnoosin saatuaan helmikuussa 2024.\n<\/p>\n<p>        <\/a><\/p>\n<p class=\"article-content article-content-width !bg-background\">\u2013 Onko se joka paikassa? Grant kertoo Williamin kysyen virnuillen.\u00a0<\/p>\n<p class=\"article-content article-content-width !bg-background\">H\u00e4peillen Grant paljasti, ett\u00e4 kyseess\u00e4 todella oli kokovartalon rusketus. Heti per\u00e4\u00e4n prinssi pen\u00e4si, onko v\u00e4ri\u00e4 jopa h\u00e4nen varpaissaan.\u00a0<\/p>\n<p>                <img decoding=\"async\" src=\"https:\/\/www.europesays.com\/fi\/wp-content\/uploads\/2025\/12\/2023825.webp\" width=\"576\" height=\"317\" alt=\"Grant on tarjoillut mediassa n\u00e4kemyksi\u00e4\u00e4n muun muassa kuningasperheen v\u00e4leist\u00e4.\" loading=\"lazy\" \/>            <\/p>\n<p>\n            Grant on tarjoillut mediassa n\u00e4kemyksi\u00e4\u00e4n muun muassa kuningasperheen v\u00e4leist\u00e4.<br \/>\n            Susie Mackie\/Shutterstock\/All Over Press\n        <\/p>\n<p class=\"article-content article-content-width !bg-background\">Hilpe\u00e4 William halusi n\u00e4hd\u00e4 Grantin jalat, eik\u00e4 t\u00e4m\u00e4 kehdannut kielt\u00e4yty\u00e4 kruunup\u00e4\u00e4n pyynn\u00f6st\u00e4. Grant muistelee pohtineensa, mit\u00e4 kuningatar  mahtaisi eriskummallisesta tilanteesta ajatella. William l\u00f6ysi ty\u00f6ntekij\u00e4ns\u00e4 varvasrusketuksesta kuitenkin suurta hupia.\u00a0<\/p>\n<p class=\"article-content article-content-width !bg-background\">\u2013 Se oli h\u00e4nest\u00e4 mahtavaa, kunhan h\u00e4n ensin sai itsens\u00e4 ryhdist\u00e4ytym\u00e4\u00e4n naurultaan, Grant kertoo.<\/p>\n<p>        <a itemprop=\"url\" href=\"https:\/\/www.seiska.fi\/kuninkaalliset\/prinsessa-catherinen-ja-prinssi-williamin-paatos-raivostuttaa\/2018601\" rel=\"nofollow noopener\" target=\"_blank\"><\/p>\n<p>\nWilliam ja Kate\n<\/p>\n<p class=\"section-date\">\n        <strong class=\"article-section\" data-section=\"kuninkaalliset\"><br \/>\n            kuninkaalliset<br \/>\n        <\/strong><br \/>\n        11.12. 13:09\n    <\/p>\n<p>Prinsessa Catherinen ja prinssi Williamin p\u00e4\u00e4t\u00f6s raivostuttaa\n    <\/p>\n<p itemprop=\"description\" class=\"subtitle \">\n    Paikallinen katsoo Walesin prinssiparin toiminnan olevan itsek\u00e4st\u00e4.\n<\/p>\n<p>        <\/a><\/p>\n","protected":false},"excerpt":{"rendered":"AOP Nuori prinssi William esitti ty\u00f6ntekij\u00e4lle h\u00e4peilem\u00e4tt\u00f6m\u00e4n pyynn\u00f6n. Jos mielii ty\u00f6skennell\u00e4 brittihovissa, t\u00e4ytyy olla valmis yll\u00e4tt\u00e4viinkin kompromisseihin. Sen&hellip;\n","protected":false},"author":2,"featured_media":122743,"comment_status":"","ping_status":"","sticky":false,"template":"","format":"standard","meta":{"footnotes":""},"categories":[130],"tags":[1721,137,33,31,30,22030,2636,4197,212,5355,1724,10787,22029,32,109],"class_list":{"0":"post-122742","1":"post","2":"type-post","3":"status-publish","4":"format-standard","5":"has-post-thumbnail","7":"category-viihde","8":"tag-brittihovi","9":"tag-entertainment","10":"tag-fi","11":"tag-finland","12":"tag-finnish","13":"tag-grant-harrold","14":"tag-kirja","15":"tag-kuningas-charles","16":"tag-lifestyle","17":"tag-paljastus","18":"tag-prinssi-william","19":"tag-skandaali","20":"tag-suihkurusketus","21":"tag-suomi","22":"tag-viihde"},"share_on_mastodon":{"url":"https:\/\/pubeurope.com\/@fi\/115760738131109418","error":""},"_links":{"self":[{"href":"https:\/\/www.europesays.com\/fi\/wp-json\/wp\/v2\/posts\/122742","targetHints":{"allow":["GET"]}}],"collection":[{"href":"https:\/\/www.europesays.com\/fi\/wp-json\/wp\/v2\/posts"}],"about":[{"href":"https:\/\/www.europesays.com\/fi\/wp-json\/wp\/v2\/types\/post"}],"author":[{"embeddable":true,"href":"https:\/\/www.europesays.com\/fi\/wp-json\/wp\/v2\/users\/2"}],"replies":[{"embeddable":true,"href":"https:\/\/www.europesays.com\/fi\/wp-json\/wp\/v2\/comments?post=122742"}],"version-history":[{"count":0,"href":"https:\/\/www.europesays.com\/fi\/wp-json\/wp\/v2\/posts\/122742\/revisions"}],"wp:featuredmedia":[{"embeddable":true,"href":"https:\/\/www.europesays.com\/fi\/wp-json\/wp\/v2\/media\/122743"}],"wp:attachment":[{"href":"https:\/\/www.europesays.com\/fi\/wp-json\/wp\/v2\/media?parent=122742"}],"wp:term":[{"taxonomy":"category","embeddable":true,"href":"https:\/\/www.europesays.com\/fi\/wp-json\/wp\/v2\/categories?post=122742"},{"taxonomy":"post_tag","embeddable":true,"href":"https:\/\/www.europesays.com\/fi\/wp-json\/wp\/v2\/tags?post=122742"}],"curies":[{"name":"wp","href":"https:\/\/api.w.org\/{rel}","templated":true}]}}