{"id":122746,"date":"2025-12-22T02:00:14","date_gmt":"2025-12-22T02:00:14","guid":{"rendered":"https:\/\/www.europesays.com\/fi\/122746\/"},"modified":"2025-12-22T02:00:14","modified_gmt":"2025-12-22T02:00:14","slug":"volodymyr-zelenskyi-venajan-droonipainostus-euroopassa-viivastyttaa-ukrainan-ilmatorjuntaohjuksia","status":"publish","type":"post","link":"https:\/\/www.europesays.com\/fi\/122746\/","title":{"rendered":"Volodymyr Zelenskyi: Ven\u00e4j\u00e4n droonipainostus Euroopassa viiv\u00e4stytt\u00e4\u00e4 Ukrainan ilmatorjuntaohjuksia"},"content":{"rendered":"<p class=\"ai-optimize-6 ai-optimize-introduction\">Ukrianan presidentti <strong>Volodymyr Zelenskyin<\/strong> mukaan Ukrainan kumppanit ovat alkaneet viivytt\u00e4\u00e4 ilmatorjuntaj\u00e4rjestelmiin tarkoitettujen ohjusten toimittamista maalle. Syyn\u00e4 on Ven\u00e4j\u00e4n Eurooppaan kohdistaman uhkailu.<\/p>\n<p class=\"ai-optimize-6 ai-optimize-introduction\">Zelenskyi nostaa esiin erityisesti ven\u00e4l\u00e4isten droonien lenn\u00e4tt\u00e4misen useiden Euroopan maiden ilmatilassa.<\/p>\n<p class=\"ai-optimize-7 ai-optimize-introduction\">Aiheesta kertoo <a href=\"https:\/\/www.ukrinform.net\/rubric-polytics\/4071890-zelensky-partners-have-begun-to-hold-back-missiles.html\" target=\"_blank\" rel=\"noopener nofollow\">Ukrinform<\/a>, jonka mukaan Zelenskyi on kehottanut Yhdysvaltoja lis\u00e4\u00e4m\u00e4\u00e4n painostusta Ven\u00e4j\u00e4\u00e4 kohtaan.<\/p>\n<p class=\"ai-optimize-7 ai-optimize-introduction\">Ven\u00e4j\u00e4n <strong>Vladimir Putin<\/strong> ei koe viel\u00e4 sellaista painetta kuin h\u00e4nen kuuluisi, presidentti sanoo.<\/p>\n<p class=\"ai-optimize-8\">Presidentin mukaan on ollut odotettavissa, ett\u00e4 Ven\u00e4j\u00e4 pyrkii pelottelemaan Eurooppaa drooneilla.<\/p>\n<p class=\"ai-optimize-9\">\u2013 Minulla on tunne, ett\u00e4 yksi syy ei ole ainoastaan eurooppalaisten ilmatorjuntaj\u00e4rjestelmien testaaminen, vaan my\u00f6s ilmatorjuntaohjusten s\u00e4\u00e4st\u00e4minen omaan k\u00e4ytt\u00f6\u00f6n ennen talvea, h\u00e4n kommentoi.<\/p>\n<p class=\"ai-optimize-12\" data-start=\"146\" data-end=\"416\">Zelenskyin mukaan kansainv\u00e4linen tuki Ukrainalle ei ole ainoastaan taloudellinen kysymys, vaan keskeinen osa maan turvallisuusarkkitehtuuria.<\/p>\n<p class=\"ai-optimize-12\" data-start=\"146\" data-end=\"416\">H\u00e4n on korostanut, ett\u00e4 kumppanimaiden osallistuminen Ukrainan puolustuskyvyn rahoittamiseen vahvistaa koko Euroopan turvallisuutta.<\/p>\n<p class=\"ai-optimize-13\" data-start=\"423\" data-end=\"699\">Presidentin mukaan Ukrainan asevoimat eiv\u00e4t toimi ainoastaan kansallisen puolustuksen v\u00e4lineen\u00e4, vaan my\u00f6s puskurina Ven\u00e4j\u00e4n uhkaa vastaan. T\u00e4st\u00e4 syyst\u00e4 h\u00e4n pit\u00e4\u00e4 l\u00e4nsimaiden pitk\u00e4j\u00e4nteist\u00e4 sitoutumista Ukrainan tukemiseen v\u00e4ltt\u00e4m\u00e4tt\u00f6m\u00e4n\u00e4 my\u00f6s mahdollisen tulitauon j\u00e4lkeen.<\/p>\n<p class=\"ai-optimize-14\" data-start=\"706\" data-end=\"931\">Zelenskyi kertoo, ett\u00e4 Ukrainan tavoitteena on pitk\u00e4ll\u00e4 aikav\u00e4lill\u00e4 kyet\u00e4 rahoittamaan puolustuksensa itsen\u00e4isesti, mutta sodan j\u00e4lkeinen taloudellinen j\u00e4lleenrakennus edellytt\u00e4\u00e4 siirtym\u00e4kaudella vahvaa kansainv\u00e4list\u00e4 tukea.<\/p>\n","protected":false},"excerpt":{"rendered":"Ukrianan presidentti Volodymyr Zelenskyin mukaan Ukrainan kumppanit ovat alkaneet viivytt\u00e4\u00e4 ilmatorjuntaj\u00e4rjestelmiin tarkoitettujen ohjusten toimittamista maalle. Syyn\u00e4 on Ven\u00e4j\u00e4n&hellip;\n","protected":false},"author":2,"featured_media":122747,"comment_status":"","ping_status":"","sticky":false,"template":"","format":"standard","meta":{"footnotes":""},"categories":[14],"tags":[22,23,26,27,33,31,30,17,24,25,28,29,15,18,21,32,19,20,549,56,16,59,60,61],"class_list":{"0":"post-122746","1":"post","2":"type-post","3":"status-publish","4":"format-standard","5":"has-post-thumbnail","7":"category-ulkomaat","8":"tag-breaking-news","9":"tag-breakingnews","10":"tag-featured-news","11":"tag-featurednews","12":"tag-fi","13":"tag-finland","14":"tag-finnish","15":"tag-headlines","16":"tag-latest-news","17":"tag-latestnews","18":"tag-main-news","19":"tag-mainnews","20":"tag-news","21":"tag-otsikot","22":"tag-paauutiset","23":"tag-suomi","24":"tag-top-stories","25":"tag-topstories","26":"tag-ukrainan-sota","27":"tag-ulkomaat","28":"tag-uutiset","29":"tag-world","30":"tag-world-news","31":"tag-worldnews"},"share_on_mastodon":{"url":"https:\/\/pubeurope.com\/@fi\/115760753778864313","error":""},"_links":{"self":[{"href":"https:\/\/www.europesays.com\/fi\/wp-json\/wp\/v2\/posts\/122746","targetHints":{"allow":["GET"]}}],"collection":[{"href":"https:\/\/www.europesays.com\/fi\/wp-json\/wp\/v2\/posts"}],"about":[{"href":"https:\/\/www.europesays.com\/fi\/wp-json\/wp\/v2\/types\/post"}],"author":[{"embeddable":true,"href":"https:\/\/www.europesays.com\/fi\/wp-json\/wp\/v2\/users\/2"}],"replies":[{"embeddable":true,"href":"https:\/\/www.europesays.com\/fi\/wp-json\/wp\/v2\/comments?post=122746"}],"version-history":[{"count":0,"href":"https:\/\/www.europesays.com\/fi\/wp-json\/wp\/v2\/posts\/122746\/revisions"}],"wp:featuredmedia":[{"embeddable":true,"href":"https:\/\/www.europesays.com\/fi\/wp-json\/wp\/v2\/media\/122747"}],"wp:attachment":[{"href":"https:\/\/www.europesays.com\/fi\/wp-json\/wp\/v2\/media?parent=122746"}],"wp:term":[{"taxonomy":"category","embeddable":true,"href":"https:\/\/www.europesays.com\/fi\/wp-json\/wp\/v2\/categories?post=122746"},{"taxonomy":"post_tag","embeddable":true,"href":"https:\/\/www.europesays.com\/fi\/wp-json\/wp\/v2\/tags?post=122746"}],"curies":[{"name":"wp","href":"https:\/\/api.w.org\/{rel}","templated":true}]}}