{"id":12275,"date":"2025-08-21T16:03:09","date_gmt":"2025-08-21T16:03:09","guid":{"rendered":"https:\/\/www.europesays.com\/fi\/12275\/"},"modified":"2025-08-21T16:03:09","modified_gmt":"2025-08-21T16:03:09","slug":"julkkisselviytyjien-tuotantoyhtio-pyytaa-nyt-anteeksi-nollatoleranssi-ei-toteutunut","status":"publish","type":"post","link":"https:\/\/www.europesays.com\/fi\/12275\/","title":{"rendered":"Julkkisselviytyjien tuotantoyhti\u00f6 pyyt\u00e4\u00e4 nyt anteeksi: \u201dNollatoleranssi ei toteutunut\u201d"},"content":{"rendered":"<p>Julkkisselviytyj\u00e4t-ohjelman tuotantoyhti\u00f6 on avannut Mira Luodin paljastamaa tapausta sosiaalisessa mediassa.<\/p>\n<p><img decoding=\"async\" class=\"image image-show image-preview\" src=\"https:\/\/www.europesays.com\/fi\/wp-content\/uploads\/2025\/08\/7aa8fb0e0aa98f6e1040243a468642b6621f6e5d894b5a72773e3c8bf256f4dd.jpg\" alt=\"\"\/><img decoding=\"async\" class=\"image image-show\" src=\"https:\/\/www.europesays.com\/fi\/wp-content\/uploads\/2025\/08\/1755777428_264_7aa8fb0e0aa98f6e1040243a468642b6621f6e5d894b5a72773e3c8bf256f4dd.jpg\" alt=\"\"\/><\/p>\n<p>Julkkisselviytyj\u00e4t-ohjelman tuotantoyhti\u00f6 kommentoi nyt Mira Luodille kuvauksissa tapahtunutta asiaa. Yle<\/p>\n<p class=\"paragraph\">Aiemmin t\u00e4ll\u00e4 viikolla laulaja <a href=\"https:\/\/www.iltalehti.fi\/henkilot\/Mira Luoti\" class=\"article-link-person-page\" rel=\"nofollow noopener\" target=\"_blank\">Mira Luoti<\/a> kertoi Ylen viel\u00e4 julkaisua odottavassa PMMP keikalla: Ei en\u00e4\u00e4 ikin\u00e4 -dokumentissa kokeneensa seksuaalista v\u00e4kivaltaa viihdeohjelman kuvauksissa.<\/p>\n<p class=\"paragraph\">Kyseinen ohjelma on Julkkisselviytyj\u00e4t. Ohjelmaa on esitt\u00e4nyt Nelonen ja sen on tuottanut Warner Bros. International Television Production Finland. Nyt tuotantoyhti\u00f6 on julkaissut asiasta lis\u00e4tietoa sosiaalisessa mediassa.<\/p>\n<p class=\"paragraph\">Jos julkaisu ei n\u00e4y, voit katsoa sen <a href=\"https:\/\/www.instagram.com\/p\/DNnvZnItpk3\/?igsh=bXpnMmE2MzN2d2Ux\" target=\"_blank\" rel=\"noopener nofollow\">t\u00e4st\u00e4<\/a>.<\/p>\n<p class=\"paragraph\">\u2013 Lis\u00e4selvityst\u00e4 Julkkisselviytyj\u00e4t-ohjelman kuvauksista: Julkisuudessa on t\u00e4ll\u00e4 viikolla k\u00e4sitelty Julkkisselviytyj\u00e4t-ohjelman kuvausten tapahtumia vuonna 2016. Olemme k\u00e4yneet asiaa huolellisesti l\u00e4pi ohjelmaan osallistuneen Mira Luodin sek\u00e4 tuotantotiimin kanssa.<\/p>\n<p class=\"paragraph\">Tuotantoyhti\u00f6 my\u00f6nt\u00e4\u00e4 nyt, ett\u00e4 nollatoleranssi ei toteutunut kuvauksissa.<\/p>\n<p class=\"paragraph\">\u2013 Ohjelmatuotantojen turvallisuus on meille ehdottoman t\u00e4rke\u00e4\u00e4 ja meill\u00e4 on kaikkeen sen vaarantavaan k\u00e4yt\u00f6kseen nollatoleranssi. On nyt selv\u00e4\u00e4 ett\u00e4 Julkkisselviytyjien kuvauksissa nollatoleranssi ei toteutunut. Tuotannon turvallisuusj\u00e4rjestelyist\u00e4 huolimatta emme pystyneet takaamaan kaikkien osallistujien turvallisuutta emmek\u00e4 tarjoamaan riitt\u00e4v\u00e4\u00e4 tukea siin\u00e4 vaiheessa kun tapahtumat alkoivat selvit\u00e4. T\u00e4ss\u00e4 ep\u00e4onnistuimme vakavasti, pyyd\u00e4mme sit\u00e4 anteeksi.<\/p>\n<p class=\"paragraph\">Dokumentissa Luoti sanoi kertoneensa tapahtuneesta \u201dvastuullisille tahoille\u201d. Ratkaisuksi h\u00e4nelle tarjottiin ohjelmaan osallistumisesta kolminkertaista palkkiota. Luoti suostui tarjoukseen.<\/p>\n<p class=\"paragraph\">\u2013 Korjaamme my\u00f6s julkisuudessa esitetty\u00e4 tietoa korvaussumman korotuksesta. Se liittyi ensisijaisesti siihen ett\u00e4 kuvausten olosuhteet eiv\u00e4t vastanneet aiemmin sovittua palkkiota, ei julkisuudessa t\u00e4ll\u00e4 viikolla k\u00e4siteltyihin tietoihin.<\/p>\n<p class=\"paragraph\">Tuotantoyhti\u00f6n toimitusjohtaja <strong>Antti V\u00e4is\u00e4nen<\/strong> kertoo my\u00f6s, miten asian k\u00e4sittely jatkuu.<\/p>\n<p class=\"paragraph\">\u2013 Tavoitteemme on nyt varmistaa tapahtuneen asianmukainen k\u00e4sittely sek\u00e4 tukea asian esille tuonutta Mira Luotia. Uhria ei saa syyllist\u00e4\u00e4 miss\u00e4\u00e4n olosuhteissa. Pyyd\u00e4mme rauhaa asian k\u00e4sittelyyn ja selvitt\u00e4miseen emmek\u00e4 kommentoi asiaa enemp\u00e4\u00e4.<\/p>\n<p><script async src=\"\/\/www.instagram.com\/embed.js\"><\/script><\/p>\n","protected":false},"excerpt":{"rendered":"Julkkisselviytyj\u00e4t-ohjelman tuotantoyhti\u00f6 on avannut Mira Luodin paljastamaa tapausta sosiaalisessa mediassa. Julkkisselviytyj\u00e4t-ohjelman tuotantoyhti\u00f6 kommentoi nyt Mira Luodille kuvauksissa tapahtunutta&hellip;\n","protected":false},"author":2,"featured_media":12095,"comment_status":"","ping_status":"","sticky":false,"template":"","format":"standard","meta":{"footnotes":""},"categories":[136],"tags":[35,138,407,137,33,31,30,408,47,979,32,484,139,109],"class_list":{"0":"post-12275","1":"post","2":"type-post","3":"status-publish","4":"format-standard","5":"has-post-thumbnail","7":"category-julkkikset","8":"tag-24h","9":"tag-audio","10":"tag-celebrities","11":"tag-entertainment","12":"tag-fi","13":"tag-finland","14":"tag-finnish","15":"tag-julkkikset","16":"tag-musiikki","17":"tag-sahkoinen-media","18":"tag-suomi","19":"tag-taiteellinen-ilmaisu-ja-mediat","20":"tag-tv-ohjelmat","21":"tag-viihde"},"share_on_mastodon":{"url":"","error":""},"_links":{"self":[{"href":"https:\/\/www.europesays.com\/fi\/wp-json\/wp\/v2\/posts\/12275","targetHints":{"allow":["GET"]}}],"collection":[{"href":"https:\/\/www.europesays.com\/fi\/wp-json\/wp\/v2\/posts"}],"about":[{"href":"https:\/\/www.europesays.com\/fi\/wp-json\/wp\/v2\/types\/post"}],"author":[{"embeddable":true,"href":"https:\/\/www.europesays.com\/fi\/wp-json\/wp\/v2\/users\/2"}],"replies":[{"embeddable":true,"href":"https:\/\/www.europesays.com\/fi\/wp-json\/wp\/v2\/comments?post=12275"}],"version-history":[{"count":0,"href":"https:\/\/www.europesays.com\/fi\/wp-json\/wp\/v2\/posts\/12275\/revisions"}],"wp:featuredmedia":[{"embeddable":true,"href":"https:\/\/www.europesays.com\/fi\/wp-json\/wp\/v2\/media\/12095"}],"wp:attachment":[{"href":"https:\/\/www.europesays.com\/fi\/wp-json\/wp\/v2\/media?parent=12275"}],"wp:term":[{"taxonomy":"category","embeddable":true,"href":"https:\/\/www.europesays.com\/fi\/wp-json\/wp\/v2\/categories?post=12275"},{"taxonomy":"post_tag","embeddable":true,"href":"https:\/\/www.europesays.com\/fi\/wp-json\/wp\/v2\/tags?post=12275"}],"curies":[{"name":"wp","href":"https:\/\/api.w.org\/{rel}","templated":true}]}}