{"id":122750,"date":"2025-12-22T02:02:13","date_gmt":"2025-12-22T02:02:13","guid":{"rendered":"https:\/\/www.europesays.com\/fi\/122750\/"},"modified":"2025-12-22T02:02:13","modified_gmt":"2025-12-22T02:02:13","slug":"tanskan-postiyhtio-lopettaa-kirjepostin-vuodenvaihteessa-myos-postimerkit-jaavat-lahes-tarpeettomiksi-uutisia-lyhyesti","status":"publish","type":"post","link":"https:\/\/www.europesays.com\/fi\/122750\/","title":{"rendered":"Tanskan postiyhti\u00f6 lopettaa kirjepostin vuodenvaihteessa \u2013 my\u00f6s postimerkit j\u00e4\u00e4v\u00e4t l\u00e4hes tarpeettomiksi | Uutisia lyhyesti"},"content":{"rendered":"<p class=\"aw-1gybjub aw-5vja16 kEtdKx kmuxyA yle__article__paragraph\">Nuorten on havaittu olevan taas kiinnostuneita kirjoittamaan kirjeit\u00e4.<\/p>\n<p><img decoding=\"async\" alt=\"Kaksi punaista Tanskan postilaitoksen postilaatikkoa.\" src=\"https:\/\/www.europesays.com\/fi\/wp-content\/uploads\/2025\/12\/39-15732086948090c0e6d6.jpeg\" class=\"aw-1l9m598 hKVVvP\"\/><\/p>\n<p>Avaa kuvien katselu<\/p>\n<p>Tanskalaisia postilaatikoita. Kuva: AOP<\/p>\n<p>21.12. 17:31\u2022P\u00e4ivitetty 21.12. 17:33<\/p>\n<p class=\"aw-1gybjub aw-1p7kakr kEtdKx cEmitX yle__article__paragraph\">Tanskan postiyhti\u00f6 PostNord lopettaa kirjeiden ja korttien kuljettamisen vuodenvaihteessa.<\/p>\n<p class=\"aw-1gybjub aw-1p7kakr kEtdKx cEmitX yle__article__paragraph\">PostNordin mukaan kirjepostin m\u00e4\u00e4r\u00e4 on viime vuosina \u201dpudonnut dramaattisesti\u201d. Tanska on \u201dyksi maailman digitalisoituneimmista maista\u201d, PostNord kertoo.<\/p>\n<p class=\"aw-1gybjub aw-1p7kakr kEtdKx cEmitX yle__article__paragraph\">L\u00e4hes kaikki tanskalaiset ovat liittyneet MitID-j\u00e4rjestelm\u00e4\u00e4n, jossa voi hoitaa monia toimintoja viestien vaihdosta pankkiasioihin ja l\u00e4\u00e4k\u00e4riaikojen varauksiin, kertoo <a class=\"aw-iao6s4 iHOxEa yle__article__link\" href=\"https:\/\/www.theguardian.com\/world\/2025\/dec\/21\/denmark-postnord-postal-delivery-letters-society\" role=\"link\" rel=\"nofollow noopener\" target=\"_blank\">The Guardian -lehti<\/a>.<\/p>\n<p class=\"aw-1gybjub aw-1p7kakr kEtdKx cEmitX yle__article__paragraph\">Kirjepostin kulun loppuminen on historiallinen muutos, sill\u00e4 Tanskan postilaitos on toiminut vuodesta 1624 l\u00e4htien.<\/p>\n<p class=\"aw-1gybjub aw-1p7kakr kEtdKx cEmitX yle__article__paragraph\">PostNord v\u00e4hent\u00e4\u00e4 1 500 ty\u00f6paikkaa. 1 500 postilaatikkoa on jo poistettu ja myyty eteenp\u00e4in kansalaisille.<\/p>\n<p class=\"aw-1gybjub aw-1p7kakr kEtdKx cEmitX yle__article__paragraph\">Tanskan lain mukaan ihmisill\u00e4 on oltava mahdollisuus l\u00e4hett\u00e4\u00e4 kirjepostia. T\u00e4t\u00e4 teht\u00e4v\u00e4\u00e4 alkaa hoitaa Dao-yhti\u00f6. Asiakkaiden on tuotava kirjeens\u00e4 yhti\u00f6n konttoriin tai tilata kirjeen noudon kotoaan.<\/p>\n<p class=\"aw-1gybjub aw-1p7kakr kEtdKx cEmitX yle__article__paragraph\">Tanskalaiset postimerkit j\u00e4\u00e4v\u00e4t pois k\u00e4yt\u00f6st\u00e4, paitsi ett\u00e4 <a class=\"aw-iao6s4 iHOxEa yle__article__link\" href=\"https:\/\/www.postnord.dk\/en\/postnord-will-deliver-its-final-letter-at-the-end-of-2025\/\" role=\"link\" rel=\"nofollow noopener\" target=\"_blank\">PostNordin mukaan<\/a> niit\u00e4 k\u00e4ytet\u00e4\u00e4n ulkomaille l\u00e4hetett\u00e4v\u00e4ss\u00e4 postissa. K\u00e4ytt\u00e4m\u00e4tt\u00f6m\u00e4t postimerkit lunastetaan takaisin.<\/p>\n<p class=\"aw-1gybjub aw-1p7kakr kEtdKx cEmitX yle__article__paragraph\">Kirjepostin v\u00e4heneminen ei ole Dao-yhti\u00f6n mukaan t\u00e4ysin totta. Trenditutkija <strong class=\"aw-ak79eh KyCXm yle__article__strong\">Mads Arlien-S\u00f6borg<\/strong> on havainnut, ett\u00e4 nuoret tanskalaiset ovat yh\u00e4 halukkaampia kirjoittamaan kirjeit\u00e4 k\u00e4sin. T\u00e4m\u00e4 saattaa olla reaktio yhteiskunnan \u201dylidigitalisoitumiseen\u201d.<\/p>\n","protected":false},"excerpt":{"rendered":"Nuorten on havaittu olevan taas kiinnostuneita kirjoittamaan kirjeit\u00e4. Avaa kuvien katselu Tanskalaisia postilaatikoita. Kuva: AOP 21.12. 17:31\u2022P\u00e4ivitetty 21.12.&hellip;\n","protected":false},"author":2,"featured_media":122751,"comment_status":"","ping_status":"","sticky":false,"template":"","format":"standard","meta":{"footnotes":""},"categories":[5],"tags":[22,23,26,27,33,31,30,17,24,25,28,29,15,18,21,5838,21260,18560,4988,22031,32,1014,19,20,56,16,796],"class_list":{"0":"post-122750","1":"post","2":"type-post","3":"status-publish","4":"format-standard","5":"has-post-thumbnail","7":"category-otsikot","8":"tag-breaking-news","9":"tag-breakingnews","10":"tag-featured-news","11":"tag-featurednews","12":"tag-fi","13":"tag-finland","14":"tag-finnish","15":"tag-headlines","16":"tag-latest-news","17":"tag-latestnews","18":"tag-main-news","19":"tag-mainnews","20":"tag-news","21":"tag-otsikot","22":"tag-paauutiset","23":"tag-posti-ja-kuriiritoiminta","24":"tag-postimerkit","25":"tag-postin-kirjepalvelut","26":"tag-postin-toiminta","27":"tag-postnord","28":"tag-suomi","29":"tag-tanska","30":"tag-top-stories","31":"tag-topstories","32":"tag-ulkomaat","33":"tag-uutiset","34":"tag-yhteiskunta"},"share_on_mastodon":{"url":"https:\/\/pubeurope.com\/@fi\/115760761839450962","error":""},"_links":{"self":[{"href":"https:\/\/www.europesays.com\/fi\/wp-json\/wp\/v2\/posts\/122750","targetHints":{"allow":["GET"]}}],"collection":[{"href":"https:\/\/www.europesays.com\/fi\/wp-json\/wp\/v2\/posts"}],"about":[{"href":"https:\/\/www.europesays.com\/fi\/wp-json\/wp\/v2\/types\/post"}],"author":[{"embeddable":true,"href":"https:\/\/www.europesays.com\/fi\/wp-json\/wp\/v2\/users\/2"}],"replies":[{"embeddable":true,"href":"https:\/\/www.europesays.com\/fi\/wp-json\/wp\/v2\/comments?post=122750"}],"version-history":[{"count":0,"href":"https:\/\/www.europesays.com\/fi\/wp-json\/wp\/v2\/posts\/122750\/revisions"}],"wp:featuredmedia":[{"embeddable":true,"href":"https:\/\/www.europesays.com\/fi\/wp-json\/wp\/v2\/media\/122751"}],"wp:attachment":[{"href":"https:\/\/www.europesays.com\/fi\/wp-json\/wp\/v2\/media?parent=122750"}],"wp:term":[{"taxonomy":"category","embeddable":true,"href":"https:\/\/www.europesays.com\/fi\/wp-json\/wp\/v2\/categories?post=122750"},{"taxonomy":"post_tag","embeddable":true,"href":"https:\/\/www.europesays.com\/fi\/wp-json\/wp\/v2\/tags?post=122750"}],"curies":[{"name":"wp","href":"https:\/\/api.w.org\/{rel}","templated":true}]}}