{"id":122758,"date":"2025-12-22T02:27:10","date_gmt":"2025-12-22T02:27:10","guid":{"rendered":"https:\/\/www.europesays.com\/fi\/122758\/"},"modified":"2025-12-22T02:27:10","modified_gmt":"2025-12-22T02:27:10","slug":"levyarvio-timo-kamarainen-ei-ole-soololevyllaan-kaikkien-ihailema-soolokitaristi-vaan-huolestunut-laulaja","status":"publish","type":"post","link":"https:\/\/www.europesays.com\/fi\/122758\/","title":{"rendered":"Levyarvio: Timo K\u00e4m\u00e4r\u00e4inen ei ole soololevyll\u00e4\u00e4n kaikkien ihailema soolokitaristi, vaan huolestunut laulaja"},"content":{"rendered":"<p>Levyarvio|Eturivin kitaristi teki henkil\u00f6kohtaiselta kuulostavan levyn ensi kertaa omalla nimell\u00e4\u00e4n.<\/p>\n<p>21.12. 16:15<\/p>\n<p class=\"article-body mb-nof-24 px-nof-16\">Rock \/ albumi<\/p>\n<p class=\"article-body mb-nof-24 px-nof-16\">Timo K\u00e4m\u00e4r\u00e4inen: Laulu pelastaa. L\u00f6rdag.<\/p>\n<p class=\"article-body mb-nof-24 px-nof-16\">\u2605\u2605\u2605 <\/p>\n<p class=\"article-body mb-nof-24 px-nof-16\">Timo K\u00e4m\u00e4r\u00e4inen on se pitk\u00e4tukkainen kitaristi, jonka on voinut n\u00e4hd\u00e4<a class=\"article-personlink\" href=\"https:\/\/www.hs.fi\/haku\/?query=%20Olavi%20Uusivirran\" rel=\"nofollow noopener\" target=\"_blank\"> Olavi Uusivirran<\/a> keikoilla tai televisiossa esimerkiksi El\u00e4m\u00e4ni biisi -ohjelmassa H\u00e4n on saanut mainetta tyylitajuisena ja teknisesti taitavana soittajana, mutta K\u00e4m\u00e4r\u00e4inen ei ole ainoastaan sessiokonkari eik\u00e4 popt\u00e4hden siipimies.<\/p>\n","protected":false},"excerpt":{"rendered":"Levyarvio|Eturivin kitaristi teki henkil\u00f6kohtaiselta kuulostavan levyn ensi kertaa omalla nimell\u00e4\u00e4n. 21.12. 16:15 Rock \/ albumi Timo K\u00e4m\u00e4r\u00e4inen: Laulu&hellip;\n","protected":false},"author":2,"featured_media":122759,"comment_status":"","ping_status":"","sticky":false,"template":"","format":"standard","meta":{"footnotes":""},"categories":[12],"tags":[22,23,26,27,33,31,30,17,46,24,25,28,29,15,18,21,32,19,20,16],"class_list":{"0":"post-122758","1":"post","2":"type-post","3":"status-publish","4":"format-standard","5":"has-post-thumbnail","7":"category-suomi","8":"tag-breaking-news","9":"tag-breakingnews","10":"tag-featured-news","11":"tag-featurednews","12":"tag-fi","13":"tag-finland","14":"tag-finnish","15":"tag-headlines","16":"tag-helsingin-sanomat","17":"tag-latest-news","18":"tag-latestnews","19":"tag-main-news","20":"tag-mainnews","21":"tag-news","22":"tag-otsikot","23":"tag-paauutiset","24":"tag-suomi","25":"tag-top-stories","26":"tag-topstories","27":"tag-uutiset"},"share_on_mastodon":{"url":"https:\/\/pubeurope.com\/@fi\/115760860060543664","error":""},"_links":{"self":[{"href":"https:\/\/www.europesays.com\/fi\/wp-json\/wp\/v2\/posts\/122758","targetHints":{"allow":["GET"]}}],"collection":[{"href":"https:\/\/www.europesays.com\/fi\/wp-json\/wp\/v2\/posts"}],"about":[{"href":"https:\/\/www.europesays.com\/fi\/wp-json\/wp\/v2\/types\/post"}],"author":[{"embeddable":true,"href":"https:\/\/www.europesays.com\/fi\/wp-json\/wp\/v2\/users\/2"}],"replies":[{"embeddable":true,"href":"https:\/\/www.europesays.com\/fi\/wp-json\/wp\/v2\/comments?post=122758"}],"version-history":[{"count":0,"href":"https:\/\/www.europesays.com\/fi\/wp-json\/wp\/v2\/posts\/122758\/revisions"}],"wp:featuredmedia":[{"embeddable":true,"href":"https:\/\/www.europesays.com\/fi\/wp-json\/wp\/v2\/media\/122759"}],"wp:attachment":[{"href":"https:\/\/www.europesays.com\/fi\/wp-json\/wp\/v2\/media?parent=122758"}],"wp:term":[{"taxonomy":"category","embeddable":true,"href":"https:\/\/www.europesays.com\/fi\/wp-json\/wp\/v2\/categories?post=122758"},{"taxonomy":"post_tag","embeddable":true,"href":"https:\/\/www.europesays.com\/fi\/wp-json\/wp\/v2\/tags?post=122758"}],"curies":[{"name":"wp","href":"https:\/\/api.w.org\/{rel}","templated":true}]}}