{"id":122760,"date":"2025-12-22T02:28:12","date_gmt":"2025-12-22T02:28:12","guid":{"rendered":"https:\/\/www.europesays.com\/fi\/122760\/"},"modified":"2025-12-22T02:28:12","modified_gmt":"2025-12-22T02:28:12","slug":"athletic-bilbao-espanyol-mtv-katsomo","status":"publish","type":"post","link":"https:\/\/www.europesays.com\/fi\/122760\/","title":{"rendered":"Athletic Bilbao &#8211; Espanyol &#8211; MTV Katsomo"},"content":{"rendered":"<ol>\n<li><a href=\"https:\/\/news.google.com\/rss\/articles\/CBMifEFVX3lxTFBDMmZGWkttRlhSQ0tJLVlCZkxLYUl0YWpmMFpqVm9MLUxZYzZUaW5tTklPNGxOYUQ3d19sdVhiV0tGOXlWWUl5NU9LT1dDTENEVGE2bzhBYmxxclRwdVlwa2V2RDI3bVFuLXBwNFlhNDY5X2d0ZlUxM3h3MUY?oc=5\" target=\"_blank\" rel=\"nofollow noopener\">Athletic Bilbao &#8211; Espanyol<\/a>&nbsp;&nbsp;MTV Katsomo<\/li>\n<li><a href=\"https:\/\/news.google.com\/rss\/articles\/CBMiY0FVX3lxTE5GYnZWQmVwT1BscWhPY2F2ZWRGS3BwX0xSai1NUUNJZFN3TTZudi1GaDJXTHJHTVNDaTVhQkZ0NnRob01UUkVua0lobmlLSy1zQVJYZXgyV3VOelhhUG9LQW53QQ?oc=5\" target=\"_blank\" rel=\"nofollow noopener\">Ilvekselle kovaa ylistyst\u00e4 \u2013 vastustajan valmentaja piti h\u00e4mment\u00e4v\u00e4n puheenvuoron<\/a>&nbsp;&nbsp;Aamulehti<\/li>\n<li><a href=\"https:\/\/news.google.com\/rss\/articles\/CBMiXEFVX3lxTE1Ja0lsUWVMZXNLak9mbW83YTRvTDh6clJDaFU3LU91TmtNX0gxbGNGUGFVejlqU1FjUVVWT0o5S1pEN1hkd2psd1F3eUNHbVFBeUlLSnFBZzA0S1oz?oc=5\" target=\"_blank\" rel=\"nofollow noopener\">J\u00e4\u00e4kiekko | Kiekko-Espoo on nyt uuden historiansa synkimm\u00e4ss\u00e4 tilanteessa<\/a>&nbsp;&nbsp;HS.fi<\/li>\n<li><a href=\"https:\/\/news.google.com\/rss\/articles\/CBMiSkFVX3lxTE5pUVVUWGxxTFNXNHBRekFXMS1WZWRKSGJYRS1BNjJXczluSU81ODhuVlB5UzI2QUt2ZWd0cVVKaFJLSHZsdnVxS2pR?oc=5\" target=\"_blank\" rel=\"nofollow noopener\">Ilves jatkoi Kiekko-Espoon alakuloa h\u00e4ik\u00e4isev\u00e4n ruotsalaisduon ja Olli Palolan onnistumisilla<\/a>&nbsp;&nbsp;Etel\u00e4-Suomen Sanomat<\/li>\n<li><a href=\"https:\/\/news.google.com\/rss\/articles\/CBMizgFBVV95cUxONjg3NFctWDJ2bTRGZUJpbFlCSlFXSXlkMGtzYUxMcWhqOExPQnluajBZc0lEQlZFc3JhSmdzcGtVRlpFM0ZWdVBGZWdsajVqbmd4bV82M3hWQUlQTm9aZTVLM2lsMkEzc01ZdmlFWXN2RmlTSHJLWEtLZ3JrN3paMG1kLXREUHVja3J3b3IwdU1DNE5BcFFFYmV6eGRYbnlWMHhNREVxTWhreTl6NTAzcUhoek51ZmU2MWZEZmxzUVk5SVF6MVJKRmZTYU9qdw?oc=5\" target=\"_blank\" rel=\"nofollow noopener\">Fiilisvideo: Arttu Niskanen iski uran ensimm\u00e4isen Liiga-maalinsa \u2013 Ilves otti kuudennen per\u00e4kk\u00e4isen kotivoiton!<\/a>&nbsp;&nbsp;Ilves<\/li>\n<\/ol>\n","protected":false},"excerpt":{"rendered":"Athletic Bilbao &#8211; Espanyol&nbsp;&nbsp;MTV Katsomo Ilvekselle kovaa ylistyst\u00e4 \u2013 vastustajan valmentaja piti h\u00e4mment\u00e4v\u00e4n puheenvuoron&nbsp;&nbsp;Aamulehti J\u00e4\u00e4kiekko | Kiekko-Espoo on&hellip;\n","protected":false},"author":2,"featured_media":122761,"comment_status":"","ping_status":"","sticky":false,"template":"","format":"standard","meta":{"footnotes":""},"categories":[5],"tags":[22,23,26,27,33,31,30,17,24,25,28,29,15,18,21,32,19,20,16],"class_list":{"0":"post-122760","1":"post","2":"type-post","3":"status-publish","4":"format-standard","5":"has-post-thumbnail","7":"category-otsikot","8":"tag-breaking-news","9":"tag-breakingnews","10":"tag-featured-news","11":"tag-featurednews","12":"tag-fi","13":"tag-finland","14":"tag-finnish","15":"tag-headlines","16":"tag-latest-news","17":"tag-latestnews","18":"tag-main-news","19":"tag-mainnews","20":"tag-news","21":"tag-otsikot","22":"tag-paauutiset","23":"tag-suomi","24":"tag-top-stories","25":"tag-topstories","26":"tag-uutiset"},"share_on_mastodon":{"url":"https:\/\/pubeurope.com\/@fi\/115760863824578014","error":""},"_links":{"self":[{"href":"https:\/\/www.europesays.com\/fi\/wp-json\/wp\/v2\/posts\/122760","targetHints":{"allow":["GET"]}}],"collection":[{"href":"https:\/\/www.europesays.com\/fi\/wp-json\/wp\/v2\/posts"}],"about":[{"href":"https:\/\/www.europesays.com\/fi\/wp-json\/wp\/v2\/types\/post"}],"author":[{"embeddable":true,"href":"https:\/\/www.europesays.com\/fi\/wp-json\/wp\/v2\/users\/2"}],"replies":[{"embeddable":true,"href":"https:\/\/www.europesays.com\/fi\/wp-json\/wp\/v2\/comments?post=122760"}],"version-history":[{"count":0,"href":"https:\/\/www.europesays.com\/fi\/wp-json\/wp\/v2\/posts\/122760\/revisions"}],"wp:featuredmedia":[{"embeddable":true,"href":"https:\/\/www.europesays.com\/fi\/wp-json\/wp\/v2\/media\/122761"}],"wp:attachment":[{"href":"https:\/\/www.europesays.com\/fi\/wp-json\/wp\/v2\/media?parent=122760"}],"wp:term":[{"taxonomy":"category","embeddable":true,"href":"https:\/\/www.europesays.com\/fi\/wp-json\/wp\/v2\/categories?post=122760"},{"taxonomy":"post_tag","embeddable":true,"href":"https:\/\/www.europesays.com\/fi\/wp-json\/wp\/v2\/tags?post=122760"}],"curies":[{"name":"wp","href":"https:\/\/api.w.org\/{rel}","templated":true}]}}