{"id":122768,"date":"2025-12-22T02:53:10","date_gmt":"2025-12-22T02:53:10","guid":{"rendered":"https:\/\/www.europesays.com\/fi\/122768\/"},"modified":"2025-12-22T02:53:10","modified_gmt":"2025-12-22T02:53:10","slug":"jokainen-lapsi-ansaitsee-turvallisen-joulun","status":"publish","type":"post","link":"https:\/\/www.europesays.com\/fi\/122768\/","title":{"rendered":"Jokainen lapsi ansaitsee turvallisen joulun"},"content":{"rendered":"<p>\u201dPaljon kotona tapahtuvasta v\u00e4kivallasta j\u00e4\u00e4 my\u00f6s ilmoittamatta viranomaisille, eiv\u00e4tk\u00e4 ne tapaukset n\u00e4y tilastoissa.\u201d<\/p>\n<p class=\"article-body mb-nof-24 px-nof-16\">Joulu on meist\u00e4 monelle rauhoittumisen aikaa. Kynttil\u00e4t syttyv\u00e4t, lahjapaperi rapisee ja kodit t\u00e4yttyv\u00e4t lasten odotuksesta. Jouluun liittyy paljon l\u00e4mp\u00f6\u00e4 ja yhdess\u00e4olon iloa. Samaan aikaan jouluun liittyy kuitenkin toinen, varsin synkk\u00e4 puoli: liian monelle lapselle joulu on rauhallisen perhejuhlan sijasta turvattomuuden ja pelon aikaa, esimerkiksi fyysisen tai henkisen v\u00e4kivallan vuoksi.<\/p>\n<p class=\"article-body mb-nof-24 px-nof-16\">Turvallinen lapsuus ei synny sattumalta. Se syntyy yhteiskunnan luodessa rakenteet, joiden kautta torjutaan v\u00e4kivaltaa, ongelmiin puututaan ajoissa ja perheit\u00e4 tuetaan. Turvallinen lapsuus syntyy ymp\u00e4rill\u00e4 olevista v\u00e4litt\u00e4vist\u00e4 ja auttavista aikuisista, jotka luovat lapselle turvallisen ymp\u00e4rist\u00f6n kasvaa, kokeilla ja oppia ilman pelkoa v\u00e4kivallasta tai sen uhasta.<\/p>\n<p class=\"article-body mb-nof-24 px-nof-16\">Poliisin kentt\u00e4ty\u00f6ss\u00e4 jouduin usein joulun aikaan kotih\u00e4lytyksille koteihin, joissa p\u00e4\u00e4roolia perheess\u00e4 n\u00e4ytteliv\u00e4t alkoholi, riidat ja jopa suora fyysinen v\u00e4kivalta. N\u00e4m\u00e4 kohtaamiset olivat aina auttajallekin surullisia, syd\u00e4nt\u00e4s\u00e4rkevi\u00e4 eik\u00e4 niit\u00e4 t\u00e4ysin unohda koskaan.<\/p>\n<p class=\"article-body mb-nof-24 px-nof-16\">Turvattomat tilanteet omassa kodissa, kuten uhka v\u00e4kivallasta puolisoa, lasta tai muita l\u00e4heisi\u00e4 kohtaan on monelle suuri pelko ja h\u00e4pe\u00e4. Tilanteet j\u00e4tt\u00e4v\u00e4t my\u00f6s pysyv\u00e4t j\u00e4ljet perheisiin. Yksikin t\u00e4llainen tilanne on liikaa ja osoitus ep\u00e4onnistumisesta.<\/p>\n<p class=\"article-body mb-nof-24 px-nof-16\">Tilastojen mukaan vuonna 2024 viranomaisten tietoon tulleissa pari- ja l\u00e4hisuhdev\u00e4kivaltarikoksissa oli 12\u202f500 uhria. Vanhempien lapsiinsa kohdistamia v\u00e4kivaltatapauksia n\u00e4ist\u00e4 oli jopa 2\u202f800. Lis\u00e4ksi on hyv\u00e4 muistaa, ett\u00e4 paljon kotona tapahtuvasta v\u00e4kivallasta j\u00e4\u00e4 my\u00f6s ilmoittamatta viranomaisille, eiv\u00e4tk\u00e4 ne tapaukset n\u00e4y tilastoissa.<\/p>\n<p class=\"article-body mb-nof-24 px-nof-16\">Perheiden tilanteet ja ahdistus voivat johtua monista eri syist\u00e4, eiv\u00e4tk\u00e4 ongelmat katso tuloluokkaa. Kun joulun ajan odotukset ja toiveet eiv\u00e4t toteudu, tilanteet ovat erityisen herkki\u00e4 eskaloitumaan. M\u00e4\u00e4r\u00e4tietoisia toimia vaaditaan niin yksil\u00f6iden kuin yhteiskunnankin tasolla.<\/p>\n<p class=\"article-body mb-nof-24 px-nof-16\">Yhteiskunnan tukiverkkoa on vahvistettu t\u00e4ll\u00e4 hallituskaudella, esimerkiksi lis\u00e4\u00e4m\u00e4ll\u00e4 turvakotien rahoitusta. Turvakotien rahoitusta vahvistetaan ensi vuonna j\u00e4lleen noin 3,5 miljoonalla eurolla, ja panostuksia niiden toimintaan on tehty koko hallituskauden ajan. Lis\u00e4ksi esimerkiksi l\u00e4hisuhdev\u00e4kivallan sovittelu kiellettiin p\u00e4\u00e4asiassa kuluvan vuoden alusta alkaen. L\u00e4hisuhdev\u00e4kivaltaa saa sovitella nykyisin vain lieviss\u00e4 rikoksissa, joita alaik\u00e4inen on kohdistanut huoltajaansa tai sukulaiseensa.<\/p>\n<p class=\"article-body mb-nof-24 px-nof-16\">Valtion tason toimet ja lainuudistukset luovat vain raamit, joiden puitteissa toimimme. Viime k\u00e4dess\u00e4 kuitenkin vanhemmat, perhe ja l\u00e4hipiiri ovat niit\u00e4, joiden tulee olla luotettavia aikuisia ja jotka luovat lapselle turvallisuuden tunteen.<\/p>\n<p class=\"article-body mb-nof-24 px-nof-16\">Jokainen meist\u00e4 voi olla se aikuinen, joka n\u00e4kee, kuulee ja v\u00e4litt\u00e4\u00e4. Meid\u00e4n aikuisten teht\u00e4v\u00e4 on luoda turvallinen joulu \u2013 ja turvallinen lapsuus \u2013 jokaiselle lapselle.<\/p>\n<p class=\"article-body mb-nof-24 px-nof-16\">Turvallista ja rauhallista joulua kaikille perheille, sek\u00e4 niille, jotka auttavat muita ty\u00f6kseen joulunakin.<\/p>\n<p class=\"article-body mb-nof-24 px-nof-16\">Mari Kaunistola<\/p>\n<p class=\"article-body mb-nof-24 px-nof-16\">Kirjoittaja on porilainen kansanedustaja (kok.).<\/p>\n<blockquote class=\"p-[var(--citation-padding)] m-[var(--citation-margin)] border-y-[length:var(--citation-border-width)] border-y-[color:var(--citation-border-color)]\">\n<p>Yhteiskunnan tukiverkkoa on vahvistettu t\u00e4ll\u00e4 hallituskaudella.<\/p>\n<\/blockquote>\n","protected":false},"excerpt":{"rendered":"\u201dPaljon kotona tapahtuvasta v\u00e4kivallasta j\u00e4\u00e4 my\u00f6s ilmoittamatta viranomaisille, eiv\u00e4tk\u00e4 ne tapaukset n\u00e4y tilastoissa.\u201d Joulu on meist\u00e4 monelle rauhoittumisen&hellip;\n","protected":false},"author":2,"featured_media":122769,"comment_status":"","ping_status":"","sticky":false,"template":"","format":"standard","meta":{"footnotes":""},"categories":[12],"tags":[22,23,26,27,33,31,30,17,24,25,28,29,15,18,21,80,32,19,20,16],"class_list":{"0":"post-122768","1":"post","2":"type-post","3":"status-publish","4":"format-standard","5":"has-post-thumbnail","7":"category-suomi","8":"tag-breaking-news","9":"tag-breakingnews","10":"tag-featured-news","11":"tag-featurednews","12":"tag-fi","13":"tag-finland","14":"tag-finnish","15":"tag-headlines","16":"tag-latest-news","17":"tag-latestnews","18":"tag-main-news","19":"tag-mainnews","20":"tag-news","21":"tag-otsikot","22":"tag-paauutiset","23":"tag-satakunnan-kansa","24":"tag-suomi","25":"tag-top-stories","26":"tag-topstories","27":"tag-uutiset"},"share_on_mastodon":{"url":"https:\/\/pubeurope.com\/@fi\/115760962273302753","error":""},"_links":{"self":[{"href":"https:\/\/www.europesays.com\/fi\/wp-json\/wp\/v2\/posts\/122768","targetHints":{"allow":["GET"]}}],"collection":[{"href":"https:\/\/www.europesays.com\/fi\/wp-json\/wp\/v2\/posts"}],"about":[{"href":"https:\/\/www.europesays.com\/fi\/wp-json\/wp\/v2\/types\/post"}],"author":[{"embeddable":true,"href":"https:\/\/www.europesays.com\/fi\/wp-json\/wp\/v2\/users\/2"}],"replies":[{"embeddable":true,"href":"https:\/\/www.europesays.com\/fi\/wp-json\/wp\/v2\/comments?post=122768"}],"version-history":[{"count":0,"href":"https:\/\/www.europesays.com\/fi\/wp-json\/wp\/v2\/posts\/122768\/revisions"}],"wp:featuredmedia":[{"embeddable":true,"href":"https:\/\/www.europesays.com\/fi\/wp-json\/wp\/v2\/media\/122769"}],"wp:attachment":[{"href":"https:\/\/www.europesays.com\/fi\/wp-json\/wp\/v2\/media?parent=122768"}],"wp:term":[{"taxonomy":"category","embeddable":true,"href":"https:\/\/www.europesays.com\/fi\/wp-json\/wp\/v2\/categories?post=122768"},{"taxonomy":"post_tag","embeddable":true,"href":"https:\/\/www.europesays.com\/fi\/wp-json\/wp\/v2\/tags?post=122768"}],"curies":[{"name":"wp","href":"https:\/\/api.w.org\/{rel}","templated":true}]}}