{"id":122770,"date":"2025-12-22T02:54:08","date_gmt":"2025-12-22T02:54:08","guid":{"rendered":"https:\/\/www.europesays.com\/fi\/122770\/"},"modified":"2025-12-22T02:54:08","modified_gmt":"2025-12-22T02:54:08","slug":"kempower-aloittaa-yhteistyon-australian-ja-uuden-seelannin-johtavan-liikennepolttoainetoimittajan-ampolin-kanssa-suurteholatausverkoston-laajentamiseksi","status":"publish","type":"post","link":"https:\/\/www.europesays.com\/fi\/122770\/","title":{"rendered":"Kempower aloittaa yhteisty\u00f6n Australian ja Uuden-Seelannin johtavan liikennepolttoainetoimittajan Ampolin kanssa suurteholatausverkoston laajentamiseksi"},"content":{"rendered":"<p>(Melbourne, Australia, 22.12.2025 klo 10.00) \u2013<strong> <\/strong>Kempower on allekirjoittanut uuden sopimuksen Australian ja Uuden-Seelannin johtavan liikennepolttoaineiden toimittajan Ampolin kanssa DC-pikalatausratkaisujen toimituksista Ampolin s\u00e4hk\u00f6autojen latausverkostolle. Yhteisty\u00f6 vahvistaa luotettavan suurteholatauksen saatavuutta Ampolin asiakkaille.<\/p>\n<p>Ensimm\u00e4inen Kempowerin latureilla toimiva julkinen AmpCharge- latausasema avattiin Sydneyss\u00e4 Stockland Merrylandsiss\u00e4, jossa s\u00e4hk\u00f6autoilijoiden k\u00e4yt\u00f6ss\u00e4 on kuusi 200 kW:n latauspistett\u00e4. Asema toimii avauksena laajemmalle latauspisteiden k\u00e4ytt\u00f6\u00f6notolle t\u00e4rkeimmill\u00e4 huoltoasemilla ja v\u00e4hitt\u00e4ismyyntipisteiss\u00e4.<\/p>\n<p>Ampol jatkaa s\u00e4hk\u00f6autojen latausinfrastruktuurin rakentamista laajentamalla sen vuonna 2022 lanseeraamaa AmpCharge-verkostoa.<\/p>\n<p>Ampol on kasvattanut julkista ja yksityist\u00e4 (mukaan lukien ty\u00f6paikat ja ajoneuvokalustot) latausta tarjoavaa verkostoaan tukeakseen asiakkaitaan siirtym\u00e4ss\u00e4 s\u00e4hk\u00f6iseen liikkumiseen. AmpCharge-verkoston laajentuessa teknologia ja luotettavuus ovat edelleen merkitt\u00e4vi\u00e4 s\u00e4hk\u00f6autoilun yleistymiseen vaikuttavia tekij\u00f6it\u00e4.<\/p>\n<p>\u201dAmpCharge-latausverkostomme laajennus on osa tavoitettamme tarjota asiakkaillemme parempaa matkantekoa nyt ja tulevaisuudessa. Liitt\u00e4m\u00e4ll\u00e4 Kempowerin kyvykkyyden verkostoomme tuemme asiakkaidemme tarpeita s\u00e4hk\u00f6isess\u00e4 liikkumisessa energiasiirtym\u00e4n aikana. Julkisen latausverkostomme laajentaminen yhdistettyn\u00e4 yksityisiin latausratkaisuihimme varmistaa sen, ett\u00e4 asiakkaat voivat ladata luottavaisin mielin miss\u00e4 tahansa haluavat\u201d, sanoo Ampolin <strong>Patrick Luxton<\/strong>, General Manager Energy Value Chain.<\/p>\n<p>Kempowerin hajautettu latausj\u00e4rjestelm\u00e4 ja dynaaminen tehonhallinta mahdollistavat s\u00e4hk\u00f6autonkuljettajille latureiden korkean k\u00e4ytett\u00e4vyyden sek\u00e4 latausverkostojen maksimaalisen k\u00e4ytt\u00f6asteen. <\/p>\n<p>&#8221;Olemme innoissamme yhteisty\u00f6n k\u00e4ynnistymisest\u00e4 Ampolin kanssa Australiassa ja Uudessa-Seelannissa. Kempowerin latausratkaisut sopivat t\u00e4ydellisesti niin moottoriteiden huoltoasemille kuin v\u00e4hitt\u00e4ismyyntipisteisiin. On hienoa olla mukana tuottamassa AmpCharge-verkoston asiakkaille sujuvaa s\u00e4hk\u00f6auton latauskokemusta&#8221;, sanoo Kempowerin myyntip\u00e4\u00e4llikk\u00f6<strong> Steve McLennan<\/strong>.<\/p>\n<p>Kuvia voi ladata <a href=\"https:\/\/mediabank.kempower.com\/l\/qgMNqFk56GzT\" rel=\"nofollow noopener\" target=\"_blank\">t\u00e4\u00e4lt\u00e4<\/a><\/p>\n<p><strong>Mediatiedustelut <\/strong><br \/><strong>Paula Savonen<\/strong>, Viestint\u00e4johtaja, Kempower\u00a0 <br \/><a href=\"https:\/\/www.sttinfo.fi\/tiedote\/71708335\/mailto:paula.savonen@kempower.com\" rel=\"nofollow noopener\" target=\"_blank\">paula.savonen@kempower.com<\/a>\u00a0 <br \/>+358 29 002 1900\u00a0\u00a0 <\/p>\n<p><strong>Kempower lyhyesti <\/strong><\/p>\n<p>Suunnittelemme ja valmistamme luotettavia ja k\u00e4ytt\u00e4j\u00e4yst\u00e4v\u00e4llisi\u00e4 DC-pikalatausratkaisuja s\u00e4hk\u00f6ajoneuvoille. Visiomme on luoda maailman halutuimpia latausratkaisuja kaikille, kaikkialla. Tuotekehityksemme ja tuotantomme sijaitsevat Suomessa ja Yhdysvalloissa, ja suurin osa materiaaleista ja komponenteista hankitaan paikallisesti.\u202f Keskitymme kaikkiin s\u00e4hk\u00f6isen liikkumisen alueisiin s\u00e4hk\u00f6autoista rekkoihin ja busseihin, sek\u00e4 ty\u00f6koneisiin ja merenkulkuun. Kempowerin modulaarinen ja skaalautuva latausj\u00e4rjestelm\u00e4 sek\u00e4 maailmanluokan ohjelmisto on suunniteltu s\u00e4hk\u00f6autoilijoiden toimesta s\u00e4hk\u00f6autoilijoita varten. N\u00e4in mahdollistamme parhaan k\u00e4ytt\u00f6kokemuksen asiakkaillemme kaikkialla maailmassa. Kempowerin osakkeet on listattu Nasdaq Helsinki Oy:ssa. <a href=\"https:\/\/kempower.com\/\" rel=\"nofollow noopener\" target=\"_blank\">kempower.com<\/a>\u00a0<\/p>\n","protected":false},"excerpt":{"rendered":"(Melbourne, Australia, 22.12.2025 klo 10.00) \u2013 Kempower on allekirjoittanut uuden sopimuksen Australian ja Uuden-Seelannin johtavan liikennepolttoaineiden toimittajan Ampolin&hellip;\n","protected":false},"author":2,"featured_media":122771,"comment_status":"","ping_status":"","sticky":false,"template":"","format":"standard","meta":{"footnotes":""},"categories":[5],"tags":[22,23,26,27,33,31,30,17,24,25,28,29,15,18,21,32,19,20,16],"class_list":{"0":"post-122770","1":"post","2":"type-post","3":"status-publish","4":"format-standard","5":"has-post-thumbnail","7":"category-otsikot","8":"tag-breaking-news","9":"tag-breakingnews","10":"tag-featured-news","11":"tag-featurednews","12":"tag-fi","13":"tag-finland","14":"tag-finnish","15":"tag-headlines","16":"tag-latest-news","17":"tag-latestnews","18":"tag-main-news","19":"tag-mainnews","20":"tag-news","21":"tag-otsikot","22":"tag-paauutiset","23":"tag-suomi","24":"tag-top-stories","25":"tag-topstories","26":"tag-uutiset"},"share_on_mastodon":{"url":"https:\/\/pubeurope.com\/@fi\/115760966059819440","error":""},"_links":{"self":[{"href":"https:\/\/www.europesays.com\/fi\/wp-json\/wp\/v2\/posts\/122770","targetHints":{"allow":["GET"]}}],"collection":[{"href":"https:\/\/www.europesays.com\/fi\/wp-json\/wp\/v2\/posts"}],"about":[{"href":"https:\/\/www.europesays.com\/fi\/wp-json\/wp\/v2\/types\/post"}],"author":[{"embeddable":true,"href":"https:\/\/www.europesays.com\/fi\/wp-json\/wp\/v2\/users\/2"}],"replies":[{"embeddable":true,"href":"https:\/\/www.europesays.com\/fi\/wp-json\/wp\/v2\/comments?post=122770"}],"version-history":[{"count":0,"href":"https:\/\/www.europesays.com\/fi\/wp-json\/wp\/v2\/posts\/122770\/revisions"}],"wp:featuredmedia":[{"embeddable":true,"href":"https:\/\/www.europesays.com\/fi\/wp-json\/wp\/v2\/media\/122771"}],"wp:attachment":[{"href":"https:\/\/www.europesays.com\/fi\/wp-json\/wp\/v2\/media?parent=122770"}],"wp:term":[{"taxonomy":"category","embeddable":true,"href":"https:\/\/www.europesays.com\/fi\/wp-json\/wp\/v2\/categories?post=122770"},{"taxonomy":"post_tag","embeddable":true,"href":"https:\/\/www.europesays.com\/fi\/wp-json\/wp\/v2\/tags?post=122770"}],"curies":[{"name":"wp","href":"https:\/\/api.w.org\/{rel}","templated":true}]}}