{"id":12278,"date":"2025-08-21T16:07:07","date_gmt":"2025-08-21T16:07:07","guid":{"rendered":"https:\/\/www.europesays.com\/fi\/12278\/"},"modified":"2025-08-21T16:07:07","modified_gmt":"2025-08-21T16:07:07","slug":"noel-gallagher-oli-lahella-kavella-pois-lavalta-ensimmaisen-oasis-paluukeikan-alkumetreilla","status":"publish","type":"post","link":"https:\/\/www.europesays.com\/fi\/12278\/","title":{"rendered":"Noel Gallagher oli l\u00e4hell\u00e4 k\u00e4vell\u00e4 pois lavalta ensimm\u00e4isen Oasis-paluukeikan alkumetreill\u00e4"},"content":{"rendered":"<p>Hein\u00e4kuussa monen Oasis-fanin pitk\u00e4aikainen haave toteutui viimein: yhtye nousi j\u00e4lleen keikkalavoille yli 15 vuoden tauon j\u00e4lkeen. Gallagherin veljesten johtama brittirock-suuruus teki ensimm\u00e4isen paluukeikkansa Walesin Cardiffissa Principality-stadionilla 4.7. ja vastaanotto oli niin huikea, ett\u00e4 se meinasi olla liikaa jopa karaistuneelle keikkakonkari Noel Gallagherille, joka ei aivan pienest\u00e4 h\u00e4tk\u00e4hd\u00e4.<\/p>\n<p>\u201dAliarvioin pahasti sen, mihin olin joutumassa. Viiden minuutin j\u00e4lkeen ajattelin, ett\u00e4 okei, voinko menn\u00e4 takaisin takahuoneeseen ja aloittaa koko homman alusta?\u201d kitaristi <a href=\"https:\/\/www.bbc.com\/news\/articles\/cdrk267ldy7o\" target=\"_blank\" rel=\"noreferrer noopener nofollow\">my\u00f6nt\u00e4\u00e4 BBC:n haastattelussa<\/a>.<\/p>\n<p>\u201dOlen soittanut stadioneilla ennenkin ja kaikkea sit\u00e4, mutta my\u00f6nn\u00e4n auliisti, ett\u00e4 jalkani meniv\u00e4t hyytel\u00f6ksi jossain toisen biisin puoliv\u00e4liss\u00e4. Olisin mieluusti mennyt hetkeksi taakse ja vet\u00e4nyt hieman henke\u00e4. Se oli aivan uskomatonta.\u201d<\/p>\n<p>Ep\u00e4uskoisimmat olivat varmoja, ett\u00e4 paluukiertue kaatuu viimeist\u00e4\u00e4n siihen, kun vanhat riitapukarit Noel ja Liam Gallagher joutuvat yhdess\u00e4 samaan tilaan takahuoneeseen, mutta BBC:lle Noel vain kehuu velje\u00e4\u00e4n.<\/p>\n<p>\u201dOli todella mahtavaa olla taas lavalla Boneheadin (Paul Arthurs, kitaristi ja yksi b\u00e4ndin perustajista) ja Liamin kanssa. Ehk\u00e4 sitten, kun t\u00e4m\u00e4 on ohi, voimme istua alas ja kunnolla sis\u00e4ist\u00e4\u00e4 kaiken, mutta on mahtavaa olla taas b\u00e4ndiss\u00e4 Liamin kanssa. Olin unohtanut, miten hauska h\u00e4n on\u201d, Noel toteaa.<\/p>\n","protected":false},"excerpt":{"rendered":"Hein\u00e4kuussa monen Oasis-fanin pitk\u00e4aikainen haave toteutui viimein: yhtye nousi j\u00e4lleen keikkalavoille yli 15 vuoden tauon j\u00e4lkeen. Gallagherin veljesten&hellip;\n","protected":false},"author":2,"featured_media":12279,"comment_status":"","ping_status":"","sticky":false,"template":"","format":"standard","meta":{"footnotes":""},"categories":[132],"tags":[137,33,31,30,195,47,32,109],"class_list":{"0":"post-12278","1":"post","2":"type-post","3":"status-publish","4":"format-standard","5":"has-post-thumbnail","7":"category-musiikki","8":"tag-entertainment","9":"tag-fi","10":"tag-finland","11":"tag-finnish","12":"tag-music","13":"tag-musiikki","14":"tag-suomi","15":"tag-viihde"},"share_on_mastodon":{"url":"","error":""},"_links":{"self":[{"href":"https:\/\/www.europesays.com\/fi\/wp-json\/wp\/v2\/posts\/12278","targetHints":{"allow":["GET"]}}],"collection":[{"href":"https:\/\/www.europesays.com\/fi\/wp-json\/wp\/v2\/posts"}],"about":[{"href":"https:\/\/www.europesays.com\/fi\/wp-json\/wp\/v2\/types\/post"}],"author":[{"embeddable":true,"href":"https:\/\/www.europesays.com\/fi\/wp-json\/wp\/v2\/users\/2"}],"replies":[{"embeddable":true,"href":"https:\/\/www.europesays.com\/fi\/wp-json\/wp\/v2\/comments?post=12278"}],"version-history":[{"count":0,"href":"https:\/\/www.europesays.com\/fi\/wp-json\/wp\/v2\/posts\/12278\/revisions"}],"wp:featuredmedia":[{"embeddable":true,"href":"https:\/\/www.europesays.com\/fi\/wp-json\/wp\/v2\/media\/12279"}],"wp:attachment":[{"href":"https:\/\/www.europesays.com\/fi\/wp-json\/wp\/v2\/media?parent=12278"}],"wp:term":[{"taxonomy":"category","embeddable":true,"href":"https:\/\/www.europesays.com\/fi\/wp-json\/wp\/v2\/categories?post=12278"},{"taxonomy":"post_tag","embeddable":true,"href":"https:\/\/www.europesays.com\/fi\/wp-json\/wp\/v2\/tags?post=12278"}],"curies":[{"name":"wp","href":"https:\/\/api.w.org\/{rel}","templated":true}]}}