{"id":122780,"date":"2025-12-22T03:19:10","date_gmt":"2025-12-22T03:19:10","guid":{"rendered":"https:\/\/www.europesays.com\/fi\/122780\/"},"modified":"2025-12-22T03:19:10","modified_gmt":"2025-12-22T03:19:10","slug":"hervannan-kaivin-hakeutui-konkurssiin","status":"publish","type":"post","link":"https:\/\/www.europesays.com\/fi\/122780\/","title":{"rendered":"Hervannan Kaivin hakeutui konkurssiin"},"content":{"rendered":"<p>Tampereella yritys on ollut rakentamassa muun muassa Lapintien, Naistenlahden ja Pohjolankadun liittym\u00e4\u00e4, N\u00e4sij\u00e4rvenkadun kiertoliittym\u00e4\u00e4, Sandelininpuistoa ja Tammelan katu-urakoita.<\/p>\n<p>21.12. 16:08<\/p>\n<p class=\"article-body mb-nof-24 px-nof-16\">Aamulehti<\/p>\n<p class=\"article-body mb-nof-24 px-nof-16\">Tamperelainen Hervannan Kaivin oy on j\u00e4tt\u00e4nyt konkurssihakemuksen Pirkanmaan k\u00e4r\u00e4j\u00e4oikeudelle 19. joulukuuta.<\/p>\n<p class=\"article-body mb-nof-24 px-nof-16\">Aamulehti tavoitti toimitusjohtaja <a class=\"article-personlink\" href=\"https:\/\/www.aamulehti.fi\/haku\/?query=Matti%20Gr%C3%B6nforsin\" rel=\"nofollow noopener\" target=\"_blank\">Matti Gr\u00f6nforsin<\/a>, mutta h\u00e4n ei suostunut kommentoimaan yrityksens\u00e4 konkurssiasiaa.<\/p>\n<p>Yrityssaneeraukseen huhtikuussa<\/p>\n<p class=\"article-body mb-nof-24 px-nof-16\">Perheyritys hakeutui yrityssaneeraukseen 15. huhtikuuta. Hakemuksen mukaan yritys oli tuolloin maksukyvyt\u00f6n, eik\u00e4 kyennyt selviytym\u00e4\u00e4n veloistaan.<\/p>\n<p class=\"article-body mb-nof-24 px-nof-16\">Saneeraushakemuksen mukaan keskeisin taloudellisten ongelmien syy on ollut yleinen rakentamisen hiipuminen. Kun v\u00e4henevist\u00e4 urakoista on kilpailtu, yritys on joutunut tekem\u00e4\u00e4n pienikatteisia ja jopa tappiolliseksi osoittautuneita urakoita.<\/p>\n<p class=\"fact-box__label fact-box__label--container\">Mik\u00e4?<\/p>\n<p>Hervannan Kaivin oy<\/p>\n<p class=\"article-body mb-nof-24 px-nof-16\">Perustettu vuonna 1996. Toiminnan keskeiset osa-alueet ovat pohjarakentaminen, infrarakentaminen sek\u00e4 siltojen rakentaminen ja peruskorjaus. P\u00e4\u00e4asiallinen markkina-alue on Pirkanmaa.<\/p>\n<p class=\"article-body mb-nof-24 px-nof-16\">Yrityksen liikevaihto vuonna 2024 oli 10,9 miljoonaa euroa.\u202fLiikevaihto laski 14,7 prosenttia edellisvuoteen verrattuna.<\/p>\n<p class=\"article-body mb-nof-24 px-nof-16\">Liiketoiminnan voitto oli 160\u202f754 euroa ja liikevoittoprosentti oli 1,5 prosenttia.<\/p>\n<p class=\"article-body mb-nof-24 px-nof-16\">Yhti\u00f6n omavaraisuusaste oli 35 prosenttia.<\/p>\n<p class=\"article-body mb-nof-24 px-nof-16\">Viime vuonna yritys ty\u00f6llisti 39 henkil\u00f6\u00e4.<\/p>\n<p class=\"article-body mb-nof-24 px-nof-16\">Hakemuksen mukaan merkitt\u00e4v\u00e4 yksitt\u00e4inen syy yrityksen maksuvaikeuksiin on ollut siit\u00e4 riippumattomista ongelmista aiheutunut er\u00e4\u00e4n asunto-osakeyhti\u00f6n urakan l\u00e4hes 500\u202f000 euron viiv\u00e4stysseuraamus.<\/p>\n<p>Miljoonatappiot<\/p>\n<p class=\"article-body mb-nof-24 px-nof-16\">Viel\u00e4 kes\u00e4kuussa 2024 Hervannan Kaivimen varat olivat 5,9 miljoonaa, velat 3,9 miljoonaa ja oma p\u00e4\u00e4oma noin kaksi miljoonaa euroa. Tammikuussa 2025 oma p\u00e4\u00e4oma oli 170\u202f000 euroa miinuksella.<\/p>\n<p class=\"article-body mb-nof-24 px-nof-16\">V\u00e4litilinp\u00e4\u00e4t\u00f6ksen osoittama tappio oli noin 2,2 miljoonaa euroa, kun aikaisemmilla tilikausilla yhti\u00f6n tulokset olivat olleet positiivisia.<\/p>\n<p class=\"article-body mb-nof-24 px-nof-16\">K\u00e4r\u00e4j\u00e4oikeuteen toimitetun hakemuksen mukaan yhti\u00f6n varojen k\u00e4yp\u00e4 yhteisarvo oli saneerauksessa noin 3,8 miljoonaa euroa. Konkurssissa arvo olisi noin 2,2 miljoona euroa.<\/p>\n<p class=\"article-body mb-nof-24 px-nof-16\">Yritys katsoi, ett\u00e4 saneerauksen keinoin maksukyvytt\u00f6myys olisi poistettavissa muutenkin kuin tilap\u00e4isesti, ja yhti\u00f6n vakuudettomista veloista kyet\u00e4\u00e4n suorittamaan 40 prosenttia.<\/p>\n<p class=\"article-body mb-nof-24 px-nof-16\">Vuoden 2026 budjetiksi arvioitiin 10,5 miljoonaa eroa. Budjetin oli tarkoitus kasvaa saneerausajalla vuosittain. Vuonna 2031 sen oli tarkoitus olla noin 13,5 miljoonaa euroa.<\/p>\n<p class=\"article-body mb-nof-24 px-nof-16\">Hervannan Kaivimen suurin velkoja oli saneerausvaiheessa Etel\u00e4-Pirkanmaan Osuuspankki, jonka saatavan vakuutena ovat yhteens\u00e4 1,5 miljoonan euron kiinteist\u00f6kiinnitykset kolmen kiinteist\u00f6n vuokraoikeuteen, kukin m\u00e4\u00e4r\u00e4lt\u00e4\u00e4n 500\u202f000 euroa.<\/p>\n<p class=\"article-body mb-nof-24 px-nof-16\">Osamaksuvelkoja koneista ja autoista oli yhteens\u00e4 reilut 220\u202f000 euroa, ja tavallisista veloista suurin on Peab Industrin perim\u00e4 300\u202f000 euroa. Yhteens\u00e4 velkojia oli yli 100.<\/p>\n","protected":false},"excerpt":{"rendered":"Tampereella yritys on ollut rakentamassa muun muassa Lapintien, Naistenlahden ja Pohjolankadun liittym\u00e4\u00e4, N\u00e4sij\u00e4rvenkadun kiertoliittym\u00e4\u00e4, Sandelininpuistoa ja Tammelan katu-urakoita.&hellip;\n","protected":false},"author":2,"featured_media":122781,"comment_status":"","ping_status":"","sticky":false,"template":"","format":"standard","meta":{"footnotes":""},"categories":[12],"tags":[157,22,23,26,27,33,31,30,17,24,25,28,29,15,18,21,32,19,20,16],"class_list":{"0":"post-122780","1":"post","2":"type-post","3":"status-publish","4":"format-standard","5":"has-post-thumbnail","7":"category-suomi","8":"tag-aamulehti","9":"tag-breaking-news","10":"tag-breakingnews","11":"tag-featured-news","12":"tag-featurednews","13":"tag-fi","14":"tag-finland","15":"tag-finnish","16":"tag-headlines","17":"tag-latest-news","18":"tag-latestnews","19":"tag-main-news","20":"tag-mainnews","21":"tag-news","22":"tag-otsikot","23":"tag-paauutiset","24":"tag-suomi","25":"tag-top-stories","26":"tag-topstories","27":"tag-uutiset"},"share_on_mastodon":{"url":"https:\/\/pubeurope.com\/@fi\/115761064521761122","error":""},"_links":{"self":[{"href":"https:\/\/www.europesays.com\/fi\/wp-json\/wp\/v2\/posts\/122780","targetHints":{"allow":["GET"]}}],"collection":[{"href":"https:\/\/www.europesays.com\/fi\/wp-json\/wp\/v2\/posts"}],"about":[{"href":"https:\/\/www.europesays.com\/fi\/wp-json\/wp\/v2\/types\/post"}],"author":[{"embeddable":true,"href":"https:\/\/www.europesays.com\/fi\/wp-json\/wp\/v2\/users\/2"}],"replies":[{"embeddable":true,"href":"https:\/\/www.europesays.com\/fi\/wp-json\/wp\/v2\/comments?post=122780"}],"version-history":[{"count":0,"href":"https:\/\/www.europesays.com\/fi\/wp-json\/wp\/v2\/posts\/122780\/revisions"}],"wp:featuredmedia":[{"embeddable":true,"href":"https:\/\/www.europesays.com\/fi\/wp-json\/wp\/v2\/media\/122781"}],"wp:attachment":[{"href":"https:\/\/www.europesays.com\/fi\/wp-json\/wp\/v2\/media?parent=122780"}],"wp:term":[{"taxonomy":"category","embeddable":true,"href":"https:\/\/www.europesays.com\/fi\/wp-json\/wp\/v2\/categories?post=122780"},{"taxonomy":"post_tag","embeddable":true,"href":"https:\/\/www.europesays.com\/fi\/wp-json\/wp\/v2\/tags?post=122780"}],"curies":[{"name":"wp","href":"https:\/\/api.w.org\/{rel}","templated":true}]}}