{"id":122782,"date":"2025-12-22T03:20:16","date_gmt":"2025-12-22T03:20:16","guid":{"rendered":"https:\/\/www.europesays.com\/fi\/122782\/"},"modified":"2025-12-22T03:20:16","modified_gmt":"2025-12-22T03:20:16","slug":"nhl-tahdelta-koominen-tarina-jarmo-kekalaisesta","status":"publish","type":"post","link":"https:\/\/www.europesays.com\/fi\/122782\/","title":{"rendered":"NHL-t\u00e4hdelt\u00e4 koominen tarina Jarmo Kek\u00e4l\u00e4isest\u00e4"},"content":{"rendered":"<p>Rempse\u00e4 klippi on her\u00e4tt\u00e4nyt hilpeytt\u00e4 sosiaalisessa mediassa.<\/p>\n<p>21.12. 17:27<\/p>\n<p class=\"article-body mb-nof-24 px-nof-16\">Jarmo Kek\u00e4l\u00e4isen tuore nimitys Buffalo Sabresin GM:ksi on saanut Kek\u00e4l\u00e4isen kokoamassa joukkueessa taannoin pelanneen <a class=\"article-personlink\" href=\"https:\/\/www.is.fi\/haku\/?query=Jakub%20Voracekin\" rel=\"nofollow noopener\" target=\"_blank\">Jakub Voracekin<\/a> muistelemaan menneit\u00e4.<\/p>\n<p class=\"article-body mb-nof-24 px-nof-16\">Sosiaalisessa mediassa levi\u00e4\u00e4 podcast-klippi NHL:ss\u00e4 Columbus Blue Jacketsissa ja Philadelphia Flyersissa pelanneesta tshekkilaituri Voracekista, joka muistelee ensikohtaamistaan Kek\u00e4l\u00e4isen kanssa. Nasty Knuckles -podcstin jakso on julkaistu helmikuussa 2024.<\/p>\n<p class=\"article-body mb-nof-24 px-nof-16\">Yli tuhannen ottelun mittaisen NHL-uran pelanneen Voracekin ja Kek\u00e4l\u00e4isen tiet ristesiv\u00e4t Columbuksessa, jonne Kek\u00e4l\u00e4inen hankki t\u00e4hden vuonna 2021. Voracek on juuri Columbuksen varaus vuodelta 2007, mutta h\u00e4net kaupattiin Philadelphiaan kolmen kauden j\u00e4lkeen.<\/p>\n<p class=\"article-body mb-nof-24 px-nof-16\">Voracekin tarina alkaa vuoden 2015 All Star -ottelusta, jolloin h\u00e4n edusti Philadelphia Flyersia.<\/p>\n<p class=\"article-body mb-nof-24 px-nof-16\">\u2013 Kuokimme <a class=\"article-personlink\" href=\"https:\/\/www.is.fi\/haku\/?query=Claude%20Giroux%E2%80%99n\" rel=\"nofollow noopener\" target=\"_blank\">Claude Giroux\u2019n<\/a> kanssa Columbus Blue Jacketsin bileit\u00e4. Kysyin h\u00e4nelt\u00e4 (Kek\u00e4l\u00e4inen) my\u00f6hemmin, muistaako h\u00e4n sen. H\u00e4n vastasi: \u201dKyll\u00e4 muistan. Yritit iske\u00e4 vaimoani\u201d , Voracek kertoo vuolaasti nauraen.<\/p>\n<p class=\"article-body mb-nof-24 px-nof-16\">Kek\u00e4l\u00e4inen on ollut naimisissa <a class=\"article-personlink\" href=\"https:\/\/www.is.fi\/haku\/?query=Tiina\" rel=\"nofollow noopener\" target=\"_blank\">Tiina<\/a>-vaimonsa kanssa vuodesta 2004. Perheeseen kuuluu lis\u00e4ksi kaksi lasta.<\/p>\n<p class=\"article-body mb-nof-24 px-nof-16\">Kaksikon v\u00e4lit ovat selv\u00e4sti l\u00e4mpim\u00e4t. Voracek jatkaa, kuinka Kek\u00e4l\u00e4inen itse muisteli tapausta viel\u00e4 vuosia my\u00f6hemmin.<\/p>\n<p class=\"article-body mb-nof-24 px-nof-16\">\u2013 Olimme <a class=\"article-personlink\" href=\"https:\/\/www.is.fi\/haku\/?query=Rick%20Nashin\" rel=\"nofollow noopener\" target=\"_blank\">Rick Nashin<\/a> paidanj\u00e4\u00e4dytystilaisuudessa ja nauttineet muutaman oluen, kun h\u00e4n alkoi kertomaan t\u00e4t\u00e4 tarinaa. Sanoin h\u00e4nelle: \u201dJarmo, hankit minut silti takaisin t\u00e4nne. Onko t\u00e4ss\u00e4 jotain taustalla vai mihin minun pit\u00e4isi varautua?\u201d Nauroimme asialle oikein kunnolla, h\u00e4n jatkaa.<\/p>\n<p class=\"article-body mb-nof-24 px-nof-16\">Voracek lopetti uransa vuonna 2022. H\u00e4nen viimeiseksi ottelukseen j\u00e4i Tampereella pelattu Global Series -ottelu Colorado Avalanchea vastaan, jossa h\u00e4n k\u00e4rsi aivot\u00e4r\u00e4hdyksen.<\/p>\n","protected":false},"excerpt":{"rendered":"Rempse\u00e4 klippi on her\u00e4tt\u00e4nyt hilpeytt\u00e4 sosiaalisessa mediassa. 21.12. 17:27 Jarmo Kek\u00e4l\u00e4isen tuore nimitys Buffalo Sabresin GM:ksi on saanut&hellip;\n","protected":false},"author":2,"featured_media":122783,"comment_status":"","ping_status":"","sticky":false,"template":"","format":"standard","meta":{"footnotes":""},"categories":[5],"tags":[22,23,26,27,33,31,30,17,34,24,25,28,29,15,18,21,32,19,20,16],"class_list":{"0":"post-122782","1":"post","2":"type-post","3":"status-publish","4":"format-standard","5":"has-post-thumbnail","7":"category-otsikot","8":"tag-breaking-news","9":"tag-breakingnews","10":"tag-featured-news","11":"tag-featurednews","12":"tag-fi","13":"tag-finland","14":"tag-finnish","15":"tag-headlines","16":"tag-ilta-sanomat","17":"tag-latest-news","18":"tag-latestnews","19":"tag-main-news","20":"tag-mainnews","21":"tag-news","22":"tag-otsikot","23":"tag-paauutiset","24":"tag-suomi","25":"tag-top-stories","26":"tag-topstories","27":"tag-uutiset"},"share_on_mastodon":{"url":"https:\/\/pubeurope.com\/@fi\/115761068321190024","error":""},"_links":{"self":[{"href":"https:\/\/www.europesays.com\/fi\/wp-json\/wp\/v2\/posts\/122782","targetHints":{"allow":["GET"]}}],"collection":[{"href":"https:\/\/www.europesays.com\/fi\/wp-json\/wp\/v2\/posts"}],"about":[{"href":"https:\/\/www.europesays.com\/fi\/wp-json\/wp\/v2\/types\/post"}],"author":[{"embeddable":true,"href":"https:\/\/www.europesays.com\/fi\/wp-json\/wp\/v2\/users\/2"}],"replies":[{"embeddable":true,"href":"https:\/\/www.europesays.com\/fi\/wp-json\/wp\/v2\/comments?post=122782"}],"version-history":[{"count":0,"href":"https:\/\/www.europesays.com\/fi\/wp-json\/wp\/v2\/posts\/122782\/revisions"}],"wp:featuredmedia":[{"embeddable":true,"href":"https:\/\/www.europesays.com\/fi\/wp-json\/wp\/v2\/media\/122783"}],"wp:attachment":[{"href":"https:\/\/www.europesays.com\/fi\/wp-json\/wp\/v2\/media?parent=122782"}],"wp:term":[{"taxonomy":"category","embeddable":true,"href":"https:\/\/www.europesays.com\/fi\/wp-json\/wp\/v2\/categories?post=122782"},{"taxonomy":"post_tag","embeddable":true,"href":"https:\/\/www.europesays.com\/fi\/wp-json\/wp\/v2\/tags?post=122782"}],"curies":[{"name":"wp","href":"https:\/\/api.w.org\/{rel}","templated":true}]}}