{"id":122786,"date":"2025-12-22T03:40:11","date_gmt":"2025-12-22T03:40:11","guid":{"rendered":"https:\/\/www.europesays.com\/fi\/122786\/"},"modified":"2025-12-22T03:40:11","modified_gmt":"2025-12-22T03:40:11","slug":"salatut-elamat-nain-anniina-aallon-kuolemakohtaus-toteutettiin","status":"publish","type":"post","link":"https:\/\/www.europesays.com\/fi\/122786\/","title":{"rendered":"Salatut el\u00e4m\u00e4t: N\u00e4in Anniina Aallon kuolemakohtaus toteutettiin"},"content":{"rendered":"<p>\n            Elina Niskanen<br \/>\n            Timo Korhonen\n        <\/p>\n<p class=\"subtitle \">N\u00e4yttelij\u00e4 Elina Niskanen kertoo yksityiskohtaisesti, miten h\u00e4nen hahmonsa tarina p\u00e4\u00e4ttyi.<\/p>\n<p class=\"article-content article-content-width !bg-background\">Marraskuussa rakastetusta Salatut el\u00e4m\u00e4t -sarjasta poistui yksi hahmoista, kun  n\u00e4yttelem\u00e4 Anniina Aalto kuoli.<\/p>\n<p class=\"font-weight-bold m-font-weight-bold article-content article-content-width !bg-background\">Video: Esko Kovero vastaa Googlen kysytyimpiin kysymyksiin.\u00a0<\/p>\n<p class=\"article-content article-content-width !bg-background\">Anniina oli sarjassa Jirin () puoliso. Heid\u00e4n tiet kuitenkin erkanivat, kun Jiri petti h\u00e4nt\u00e4 Evan () kanssa. Jiri l\u00f6ysi Anniinan kuolleena kotoa, kun h\u00e4n oli mennyt hakemaan tavaroitaan sielt\u00e4.<\/p>\n<p>        <a itemprop=\"url\" href=\"https:\/\/www.seiska.fi\/katso\/salatut-elamat-tahti-rikkoi-saantoja-tasta-on-kyse\/1627309\" rel=\"nofollow noopener\" target=\"_blank\"><\/p>\n<p>\nSalatut el\u00e4m\u00e4t -t\u00e4hti\n<\/p>\n<p class=\"section-date\">\n        <strong class=\"article-section\" data-section=\"katso\"><br \/>\n            katso<br \/>\n        <\/strong><br \/>\n        28.2. 09:15\n    <\/p>\n<p>Salatut el\u00e4m\u00e4t -t\u00e4hti rikkoi s\u00e4\u00e4nt\u00f6j\u00e4 \u2013 t\u00e4st\u00e4 on kyse\n    <\/p>\n<p itemprop=\"description\" class=\"subtitle \">\n    Salkkarit-kollega Mikko Parikka paljastaa Elina Niskasen somehaltuunotossa, miksi Jirin Armi-\u00e4idist\u00e4 ei ole hiiskuttu mit\u00e4\u00e4n.\n<\/p>\n<p>        <\/a><\/p>\n<p>Liikkua ei saa milli\u00e4k\u00e4\u00e4n<\/p>\n<p class=\"article-content article-content-width !bg-background\">Elina kertoo <a href=\"https:\/\/www.instagram.com\/elinanucha\/\" target=\"_blank\" rel=\"nofollow noopener\">Instagramissa<\/a>, ett\u00e4 on saanut viestej\u00e4 kuolemakohtaukseen liittyen. Osa Salkkarit-faneista on tiedustellut, ett\u00e4 n\u00e4yttelik\u00f6 h\u00e4n itse kohtauksessa, vai k\u00e4ytettiink\u00f6 h\u00e4nen tilaltaan nukkea.<\/p>\n<p class=\"article-content article-content-width !bg-background\">N\u00e4yttelij\u00e4 julkaisi Instagram-tililleen videon siit\u00e4, miten kohtaus todellisuudessa toteutettiin. Elina n\u00e4ytteli koko kohtauksen itse.\u00a0<\/p>\n<p class=\"article-content article-content-width !bg-background\">Salkkarit-tuotannon tekem\u00e4 maskeeraus on ker\u00e4nnyt kehuja. Elina kertoo, ett\u00e4 h\u00e4nelle tehtiin ensin normaali, astetta kevyempi Anniinan p\u00e4iv\u00e4meikki, jonka p\u00e4\u00e4lle h\u00e4nelle maskeerattiin kuoleman merkit. H\u00e4nen silmiins\u00e4 laitettiin esimerkiksi piilolinssit.<\/p>\n<p class=\"italic m-italic article-content article-content-width !bg-background\">Jos et n\u00e4e videota, voit katsoa sen<a href=\"https:\/\/www.instagram.com\/p\/DSFAziLjYO_\/\" target=\"_blank\" rel=\"nofollow noopener\"> t\u00e4st\u00e4<\/a>.\u00a0<\/p>\n<p class=\"article-content article-content-width !bg-background\">Kohtauksessa Elina makaa mahallaan elottomana lattialla.\u00a0<\/p>\n<p class=\"article-content article-content-width !bg-background\">Kohtausta varten n\u00e4yttelij\u00e4 selvitti etuk\u00e4teen poliisilta, ett\u00e4 millainen keho on noin pari p\u00e4iv\u00e4\u00e4 kuoleman j\u00e4lkeen.<\/p>\n<p class=\"article-content article-content-width !bg-background\"> \u2013 \u00a0T\u00e4ss\u00e4 k\u00e4\u00e4nn\u00f6ksess\u00e4, kuten muissakin otoissa piti tehd\u00e4 tosi tarkkaa ty\u00f6t\u00e4 kasvojen mikroeleiden osalta. Esimerkiksi mun silm\u00e4t eiv\u00e4t olisi saaneet liikahtaa milli\u00e4k\u00e4\u00e4n, tai ne olisi n\u00e4kynyt piilolinssien l\u00e4pi, Elina kertoo videolla.<\/p>\n<p>        <a itemprop=\"url\" href=\"https:\/\/www.seiska.fi\/katso\/salatut-elamat-juonipaljastukset-kalle-saa-yllattavan-ehdotuksen\/2017409\" rel=\"nofollow noopener\" target=\"_blank\"><\/p>\n<p>\nSalatut el\u00e4m\u00e4t -juonipaljastukset:\n<\/p>\n<p class=\"section-date\">\n        <strong class=\"article-section\" data-section=\"katso\"><br \/>\n            katso<br \/>\n        <\/strong><br \/>\n        18.12. 05:15\n    <\/p>\n<p>Salatut el\u00e4m\u00e4t -juonipaljastukset: Kalle saa yll\u00e4tt\u00e4v\u00e4n ehdotuksen\n    <\/p>\n<p itemprop=\"description\" class=\"subtitle \">\n    Ensi viikon Salatut el\u00e4m\u00e4t -jaksoissa Kalle yll\u00e4ttyy ja my\u00f6nt\u00e4\u00e4 toilailunsa. Laila puolestaan suutelee jotakuta muuta kuin Ollia.\n<\/p>\n<p>        <\/a><\/p>\n<p>Ruumispussissa<\/p>\n<p class=\"article-content article-content-width !bg-background\">Kohtauksessa Elinan roolihahmo makaa t\u00e4ysin elottomana. N\u00e4yttelij\u00e4 kertoo, ett\u00e4 hengitti niin, ettei pallean liike ei n\u00e4y.<\/p>\n<p class=\"article-content article-content-width !bg-background\">\u2013\tK\u00e4yt\u00e4nn\u00f6ss\u00e4 otin nen\u00e4n kautta ilmaa just sen verran, ett\u00e4 p\u00e4rj\u00e4\u00e4n, mutta en tukehdu.<\/p>\n<p class=\"article-content article-content-width !bg-background\">Lopussa Anniina laitettiin ruumispussiin. Elina kertoo olleensa pussissa koko kuvausten ajan.<\/p>\n<p class=\"article-content article-content-width !bg-background\">&#8211;\tSe tuntui musta jotenkin t\u00e4rke\u00e4lle siirtym\u00e4riitille hyv\u00e4stell\u00e4 Anniina. T\u00e4n kohtauksen lopullinen toteutus oli musta erityisen hieno. Hidastettu kuva ja \u00e4\u00e4nimaailma teki ihan ly\u00f6m\u00e4tt\u00f6m\u00e4n yhdistelm\u00e4n.<\/p>\n<p class=\"article-content article-content-width !bg-background\">Lopussa Anniina hyv\u00e4steli Pihjalakadun tulemalla enkelin\u00e4 paikalle.<\/p>\n<p class=\"article-content article-content-width !bg-background\"> \u2013 Oli ihana palata viimeiseen kohtaukseen enkelin\u00e4. Anniinan matka Pihlajakadulla oli ikimuistoinen \u2013 yliajolla sis\u00e4\u00e4n ja jalat edell\u00e4 ulos.<\/p>\n<p>Unelmat toteutuivat<\/p>\n<p class=\"article-content article-content-width !bg-background\">Elina n\u00e4ytteli roolihahmoa sarjassa vuodesta 2024. N\u00e4yttelij\u00e4 on kertonut julkisuudessa olevansa raskaana. Elina kirjoittaa Instagram-p\u00e4ivityksess\u00e4\u00e4n olevansa kiitollinen Salkkarit-matkastaan.\u00a0<\/p>\n<p class=\"article-content article-content-width !bg-background\"> \u2013\u00a0 P\u00e4\u00e4sin tekem\u00e4\u00e4n mun ensimm\u00e4isen merkitt\u00e4v\u00e4n kameraroolin ja ty\u00f6skentelem\u00e4\u00e4n t\u00e4ysi\u00e4 rakastamassani ty\u00f6ss\u00e4 \u2013 n\u00e4yttelij\u00e4n\u00e4. Mulle t\u00e4\u00e4 rooli ja Salkkarit symboloi ennen kaikkea unelmien toteutumista. Kun tekee oikein kovasti t\u00f6it\u00e4, niin joskus haaveet toteutuu!<\/p>\n<p>                <img decoding=\"async\" src=\"https:\/\/www.europesays.com\/fi\/wp-content\/uploads\/2025\/12\/1962876.webp\" width=\"576\" height=\"274\" title=\"Elina Niskanen n\u00e4ytteli Salkkareissa Jirin puolisoa.\" alt=\"Salatut el\u00e4m\u00e4t Jiri ja Anniina (Mikko Parikka, Elina Niskanen)\" loading=\"lazy\" \/>            <\/p>\n<p>\n            Elina Niskanen n\u00e4ytteli Salkkareissa Jirin puolisoa.<br \/>\n            MTV\n        <\/p>\n<p class=\"italic m-italic article-content article-content-width !bg-background\">Salatut el\u00e4m\u00e4t arkisin MTV3-kanavalla ja MTV Katsomossa.\u00a0<\/p>\n<p>        <a itemprop=\"url\" href=\"https:\/\/www.seiska.fi\/katso\/tiesitko-nama-hollywood-tahdet-ovat-sukua-suomalaisille\/2003499\" rel=\"nofollow noopener\" target=\"_blank\"><\/p>\n<p>\nHollywood-t\u00e4hdet\n<\/p>\n<p class=\"section-date\">\n        <strong class=\"article-section\" data-section=\"katso\"><br \/>\n            katso<br \/>\n        <\/strong><br \/>\n        12.12. 15:15\n    <\/p>\n<p>Tiesitk\u00f6? N\u00e4m\u00e4 Hollywood-t\u00e4hdet ovat sukua suomalaisille\n    <\/p>\n<p itemprop=\"description\" class=\"subtitle \">\n    Suomalaistaustaisten joukossa on muun muassa Poliisiopisto-, Melrose Place- ja Dynastia-n\u00e4yttelij\u00f6it\u00e4.\n<\/p>\n<p>        <\/a><\/p>\n<p><script async src=\"\/\/www.instagram.com\/embed.js\"><\/script><\/p>\n","protected":false},"excerpt":{"rendered":"Elina Niskanen Timo Korhonen N\u00e4yttelij\u00e4 Elina Niskanen kertoo yksityiskohtaisesti, miten h\u00e4nen hahmonsa tarina p\u00e4\u00e4ttyi. Marraskuussa rakastetusta Salatut el\u00e4m\u00e4t&hellip;\n","protected":false},"author":2,"featured_media":122787,"comment_status":"","ping_status":"","sticky":false,"template":"","format":"standard","meta":{"footnotes":""},"categories":[130],"tags":[22034,11359,137,33,31,30,683,22033,905,18952,209,32,109],"class_list":{"0":"post-122786","1":"post","2":"type-post","3":"status-publish","4":"format-standard","5":"has-post-thumbnail","7":"category-viihde","8":"tag-anniina-aalto","9":"tag-elina-niskanen","10":"tag-entertainment","11":"tag-fi","12":"tag-finland","13":"tag-finnish","14":"tag-kuolema","15":"tag-kuolemakohtaus","16":"tag-mtv3","17":"tag-nayttelijantyo","18":"tag-salatut-elamat","19":"tag-suomi","20":"tag-viihde"},"share_on_mastodon":{"url":"https:\/\/pubeurope.com\/@fi\/115761147126865338","error":""},"_links":{"self":[{"href":"https:\/\/www.europesays.com\/fi\/wp-json\/wp\/v2\/posts\/122786","targetHints":{"allow":["GET"]}}],"collection":[{"href":"https:\/\/www.europesays.com\/fi\/wp-json\/wp\/v2\/posts"}],"about":[{"href":"https:\/\/www.europesays.com\/fi\/wp-json\/wp\/v2\/types\/post"}],"author":[{"embeddable":true,"href":"https:\/\/www.europesays.com\/fi\/wp-json\/wp\/v2\/users\/2"}],"replies":[{"embeddable":true,"href":"https:\/\/www.europesays.com\/fi\/wp-json\/wp\/v2\/comments?post=122786"}],"version-history":[{"count":0,"href":"https:\/\/www.europesays.com\/fi\/wp-json\/wp\/v2\/posts\/122786\/revisions"}],"wp:featuredmedia":[{"embeddable":true,"href":"https:\/\/www.europesays.com\/fi\/wp-json\/wp\/v2\/media\/122787"}],"wp:attachment":[{"href":"https:\/\/www.europesays.com\/fi\/wp-json\/wp\/v2\/media?parent=122786"}],"wp:term":[{"taxonomy":"category","embeddable":true,"href":"https:\/\/www.europesays.com\/fi\/wp-json\/wp\/v2\/categories?post=122786"},{"taxonomy":"post_tag","embeddable":true,"href":"https:\/\/www.europesays.com\/fi\/wp-json\/wp\/v2\/tags?post=122786"}],"curies":[{"name":"wp","href":"https:\/\/api.w.org\/{rel}","templated":true}]}}